{"id":8304,"date":"2022-03-04T15:32:14","date_gmt":"2022-03-04T14:32:14","guid":{"rendered":"https:\/\/agora.xtec.cat\/escolapauvila\/?p=8304"},"modified":"2022-03-04T15:32:14","modified_gmt":"2022-03-04T14:32:14","slug":"publicacio-de-loferta-provisional","status":"publish","type":"post","link":"https:\/\/agora.xtec.cat\/escolapauvila\/portada\/publicacio-de-loferta-provisional\/","title":{"rendered":"Publicaci\u00f3 de l&#8217;oferta provisional"},"content":{"rendered":"<div>Benvolgudes fam\u00edlies, comencem el proc\u00e9s de preinscripci\u00f3 per al curs 2022-2023 amb la publicaci\u00f3 de l&#8217;oferta provisional de places.<\/div>\n<div>Us recordem que la presentaci\u00f3 de sol\u00b7licituds s&#8217;activar\u00e0 el proper dilluns dia 7 de mar\u00e7.<\/div>\n<div><\/div>\n<div><\/div>\n<div><a href=\"https:\/\/agora.xtec.cat\/escolapauvila\/wp-content\/uploads\/usu1565\/2022\/03\/bo.png\"><img loading=\"lazy\" decoding=\"async\" class=\"alignnone wp-image-8306\" src=\"https:\/\/agora.xtec.cat\/escolapauvila\/wp-content\/uploads\/usu1565\/2022\/03\/bo-1024x654.png\" alt=\"\" width=\"493\" height=\"315\" srcset=\"https:\/\/agora.xtec.cat\/escolapauvila\/wp-content\/uploads\/usu1565\/2022\/03\/bo-1024x654.png 1024w, https:\/\/agora.xtec.cat\/escolapauvila\/wp-content\/uploads\/usu1565\/2022\/03\/bo-300x191.png 300w, https:\/\/agora.xtec.cat\/escolapauvila\/wp-content\/uploads\/usu1565\/2022\/03\/bo-768x490.png 768w, https:\/\/agora.xtec.cat\/escolapauvila\/wp-content\/uploads\/usu1565\/2022\/03\/bo.png 1327w\" sizes=\"auto, (max-width: 493px) 100vw, 493px\" \/><\/a><\/div>\n<div><\/div>\n<div>Hem habilitat el correu electr\u00f2nic:<\/div>\n<div><a href=\"mailto:preinscripcio@escolapauvila.cat\" target=\"_blank\" rel=\"noopener\">preinscripcio@escolapauvila.cat<\/a>\u00a0per totes les q\u00fcestions relacionades amb la preinscripci\u00f3.<\/div>\n","protected":false},"excerpt":{"rendered":"<p>Benvolgudes fam\u00edlies, comencem el proc\u00e9s de preinscripci\u00f3 per al curs 2022-2023 amb la publicaci\u00f3 de l&#8217;oferta provisional de places.<br \/>\nUs recordem que la presentaci\u00f3 de sol\u00b7licituds s&#8217;activar\u00e0 el proper dilluns dia 7 de mar\u00e7.<\/p>\n<p><a href=\"https:\/\/agora.xtec.cat\/escolapauvila\/wp-content\/uploads\/usu1565\/2022\/03\/bo.png\"><\/a><\/p>\n<p>Hem habilitat el correu electr\u00f2nic:<br \/>\n<a href=\"mailto:preinscripcio@escolapauvila.cat\" target=\"_blank\" rel=\"noopener\">preinscripcio@escolapauvila.cat<\/a>\u00a0per totes les q\u00fcestions relacionades&hellip;  <a href=\"https:\/\/agora.xtec.cat\/escolapauvila\/portada\/publicacio-de-loferta-provisional\/\" title=\"Read Publicaci\u00f3 de l&#8217;oferta provisional\">Llegeix m\u00e9s\u00bb<\/a><\/p>\n","protected":false},"author":72,"featured_media":8306,"comment_status":"open","ping_status":"closed","sticky":false,"template":"","format":"standard","meta":{"_bbp_topic_count":0,"_bbp_reply_count":0,"_bbp_total_topic_count":0,"_bbp_total_reply_count":0,"_bbp_voice_count":0,"_bbp_anonymous_reply_count":0,"_bbp_topic_count_hidden":0,"_bbp_reply_count_hidden":0,"_bbp_forum_subforum_count":0,"footnotes":""},"categories":[245,4,243],"tags":[242],"class_list":["post-8304","post","type-post","status-publish","format-standard","has-post-thumbnail","hentry","category-documentacio-preinscripcio-22-23","category-portada","category-preinscripcio-22-23","tag-preinscripcio-22-23"],"post_mailing_queue_ids":[],"_links":{"self":[{"href":"https:\/\/agora.xtec.cat\/escolapauvila\/wp-json\/wp\/v2\/posts\/8304","targetHints":{"allow":["GET"]}}],"collection":[{"href":"https:\/\/agora.xtec.cat\/escolapauvila\/wp-json\/wp\/v2\/posts"}],"about":[{"href":"https:\/\/agora.xtec.cat\/escolapauvila\/wp-json\/wp\/v2\/types\/post"}],"author":[{"embeddable":true,"href":"https:\/\/agora.xtec.cat\/escolapauvila\/wp-json\/wp\/v2\/users\/72"}],"replies":[{"embeddable":true,"href":"https:\/\/agora.xtec.cat\/escolapauvila\/wp-json\/wp\/v2\/comments?post=8304"}],"version-history":[{"count":2,"href":"https:\/\/agora.xtec.cat\/escolapauvila\/wp-json\/wp\/v2\/posts\/8304\/revisions"}],"predecessor-version":[{"id":8308,"href":"https:\/\/agora.xtec.cat\/escolapauvila\/wp-json\/wp\/v2\/posts\/8304\/revisions\/8308"}],"wp:featuredmedia":[{"embeddable":true,"href":"https:\/\/agora.xtec.cat\/escolapauvila\/wp-json\/wp\/v2\/media\/8306"}],"wp:attachment":[{"href":"https:\/\/agora.xtec.cat\/escolapauvila\/wp-json\/wp\/v2\/media?parent=8304"}],"wp:term":[{"taxonomy":"category","embeddable":true,"href":"https:\/\/agora.xtec.cat\/escolapauvila\/wp-json\/wp\/v2\/categories?post=8304"},{"taxonomy":"post_tag","embeddable":true,"href":"https:\/\/agora.xtec.cat\/escolapauvila\/wp-json\/wp\/v2\/tags?post=8304"}],"curies":[{"name":"wp","href":"https:\/\/api.w.org\/{rel}","templated":true}]}}