{"id":8297,"date":"2022-03-03T16:13:07","date_gmt":"2022-03-03T15:13:07","guid":{"rendered":"https:\/\/agora.xtec.cat\/escolapauvila\/?p=8297"},"modified":"2022-03-03T16:16:52","modified_gmt":"2022-03-03T15:16:52","slug":"anem-a-la-piscina","status":"publish","type":"post","link":"https:\/\/agora.xtec.cat\/escolapauvila\/general\/anem-a-la-piscina\/","title":{"rendered":"Anem a la piscina!"},"content":{"rendered":"<p><span style=\"font-family: 'comic sans ms', sans-serif;\">Avui en exclusiva els nens i nenes de 1r 3r i 5\u00e8 van a la piscina!<\/span><\/p>\n<p><span style=\"font-family: 'comic sans ms', sans-serif;\">Els nens i nenes de 5\u00e8 destaquen per la seva habilitat de nataci\u00f3. Alguns son m\u00e9s r\u00e0pids i d&#8217;atres son m\u00e9s \u00e0gils&#8230; alguns son unes tortugues \ud83d\udc22 i altres guepards \ud83d\udc06, per\u00f2 tots son fant\u00e0stics.<\/span><\/p>\n<p><span style=\"font-family: 'comic sans ms', sans-serif;\">Un dia vam fer una competici\u00f3 entre nois\ud83d\udc66\u00a0i noies\ud83d\udc69, i les noies van guanyar\ud83d\udc51!!! Un aplaudiment a les noies!!!<\/span><\/p>\n<p><span style=\"font-family: 'comic sans ms', sans-serif;\">Els nois tamb\u00e9 son molt forts, per\u00f2 millor per a la pr\u00f2xima!\u00a0<\/span><\/p>\n<p><span style=\"font-family: 'comic sans ms', sans-serif;\">ad\u00e9u \u00ac-\u00ac \ud83c\udf0a<\/span><\/p>\n<p>&nbsp;<\/p>\n<p>&nbsp;<\/p>\n<p>&nbsp;<\/p>\n<p><span style=\"font-family: 'comic sans ms', sans-serif;\">aqu\u00ed teniu mes <a href=\"https:\/\/photos.app.goo.gl\/tjDAEHKo62sfm5Ck9\">fotos<\/a> de la piscina <img decoding=\"async\" src=\"https:\/\/elfar.cat\/upload\/images\/05_2020\/6578_esparreguera4412.jpg\" alt=\"Comencen les obres per instal\u00b7lar una nova deshumectadora a la piscina de Can Pasqual | Les not\u00edcies i tota la informaci\u00f3 del Baix Llobregat i l&amp;amp;#39;Hospitalet\" \/><\/span><\/p>\n","protected":false},"excerpt":{"rendered":"<p>Avui en exclusiva els nens i nenes de 1r 3r i 5\u00e8 van a la piscina!<br \/>\nEls nens i nenes de 5\u00e8 destaquen per la seva habilitat de nataci\u00f3. Alguns son m\u00e9s r\u00e0pids i d&#8217;atres son m\u00e9s \u00e0gils&#8230; alguns son unes tortugues \ud83d\udc22 i altres guepards&hellip;  <a href=\"https:\/\/agora.xtec.cat\/escolapauvila\/general\/anem-a-la-piscina\/\" title=\"Read Anem a la piscina!\">Llegeix m\u00e9s\u00bb<\/a><\/p>\n","protected":false},"author":32,"featured_media":0,"comment_status":"open","ping_status":"closed","sticky":false,"template":"","format":"standard","meta":{"_bbp_topic_count":0,"_bbp_reply_count":0,"_bbp_total_topic_count":0,"_bbp_total_reply_count":0,"_bbp_voice_count":0,"_bbp_anonymous_reply_count":0,"_bbp_topic_count_hidden":0,"_bbp_reply_count_hidden":0,"_bbp_forum_subforum_count":0,"footnotes":""},"categories":[14,61,1],"tags":[234,216,90],"class_list":["post-8297","post","type-post","status-publish","format-standard","hentry","category-5e","category-grans","category-general","tag-5eb21-22","tag-comunitat-grans","tag-nascuts2011"],"post_mailing_queue_ids":[],"_links":{"self":[{"href":"https:\/\/agora.xtec.cat\/escolapauvila\/wp-json\/wp\/v2\/posts\/8297","targetHints":{"allow":["GET"]}}],"collection":[{"href":"https:\/\/agora.xtec.cat\/escolapauvila\/wp-json\/wp\/v2\/posts"}],"about":[{"href":"https:\/\/agora.xtec.cat\/escolapauvila\/wp-json\/wp\/v2\/types\/post"}],"author":[{"embeddable":true,"href":"https:\/\/agora.xtec.cat\/escolapauvila\/wp-json\/wp\/v2\/users\/32"}],"replies":[{"embeddable":true,"href":"https:\/\/agora.xtec.cat\/escolapauvila\/wp-json\/wp\/v2\/comments?post=8297"}],"version-history":[{"count":2,"href":"https:\/\/agora.xtec.cat\/escolapauvila\/wp-json\/wp\/v2\/posts\/8297\/revisions"}],"predecessor-version":[{"id":8303,"href":"https:\/\/agora.xtec.cat\/escolapauvila\/wp-json\/wp\/v2\/posts\/8297\/revisions\/8303"}],"wp:attachment":[{"href":"https:\/\/agora.xtec.cat\/escolapauvila\/wp-json\/wp\/v2\/media?parent=8297"}],"wp:term":[{"taxonomy":"category","embeddable":true,"href":"https:\/\/agora.xtec.cat\/escolapauvila\/wp-json\/wp\/v2\/categories?post=8297"},{"taxonomy":"post_tag","embeddable":true,"href":"https:\/\/agora.xtec.cat\/escolapauvila\/wp-json\/wp\/v2\/tags?post=8297"}],"curies":[{"name":"wp","href":"https:\/\/api.w.org\/{rel}","templated":true}]}}