{"id":8270,"date":"2022-03-02T08:59:15","date_gmt":"2022-03-02T07:59:15","guid":{"rendered":"https:\/\/agora.xtec.cat\/escolapauvila\/?p=8270"},"modified":"2022-03-02T08:59:15","modified_gmt":"2022-03-02T07:59:15","slug":"carnestoltes-al-pau-vila","status":"publish","type":"post","link":"https:\/\/agora.xtec.cat\/escolapauvila\/petits\/carnestoltes-al-pau-vila\/","title":{"rendered":"CARNESTOLTES AL PAU VILA"},"content":{"rendered":"<p>DIVENDRES 18 VA ARRIBAR EL\u00a0<strong><span style=\"font-size: 20px;\"><span style=\"color: #ff0000;\">R<\/span>EI <span style=\"color: #ff0000;\">C<\/span>ARNESTOLTES<\/span><\/strong> A L&#8217;ESCOLA I, AMB ELL, LA GRESCA I LA XERINOL.LA!!!<\/p>\n<p>TOTA LA COMUNITAT EDUCATIVA ENS V\u00c0REM TROBAR A LES PISTES PER REBRE&#8217;L I LLEGIR EL <span style=\"font-size: 20px;\"><span style=\"color: #ff0000;\">P<\/span>REG\u00d3<\/span> DELS DELEGATS I DELEGADES DE L&#8217;ESCOLA.<\/p>\n<p><a href=\"https:\/\/agora.xtec.cat\/escolapauvila\/wp-content\/uploads\/usu1565\/2022\/02\/IMG_2016-scaled.jpg\"><img loading=\"lazy\" decoding=\"async\" class=\"alignnone size-large wp-image-8275\" src=\"https:\/\/agora.xtec.cat\/escolapauvila\/wp-content\/uploads\/usu1565\/2022\/02\/IMG_2016-1024x768.jpg\" alt=\"\" width=\"1024\" height=\"768\" srcset=\"https:\/\/agora.xtec.cat\/escolapauvila\/wp-content\/uploads\/usu1565\/2022\/02\/IMG_2016-1024x768.jpg 1024w, https:\/\/agora.xtec.cat\/escolapauvila\/wp-content\/uploads\/usu1565\/2022\/02\/IMG_2016-300x225.jpg 300w, https:\/\/agora.xtec.cat\/escolapauvila\/wp-content\/uploads\/usu1565\/2022\/02\/IMG_2016-768x576.jpg 768w, https:\/\/agora.xtec.cat\/escolapauvila\/wp-content\/uploads\/usu1565\/2022\/02\/IMG_2016-1536x1152.jpg 1536w, https:\/\/agora.xtec.cat\/escolapauvila\/wp-content\/uploads\/usu1565\/2022\/02\/IMG_2016-2048x1536.jpg 2048w, https:\/\/agora.xtec.cat\/escolapauvila\/wp-content\/uploads\/usu1565\/2022\/02\/IMG_2016-200x150.jpg 200w\" sizes=\"auto, (max-width: 1024px) 100vw, 1024px\" \/><\/a><\/p>\n<p>DURANT LA SETMANA PASSADA VAM ANAR SEGUINT LES <span style=\"font-size: 20px;\"><span style=\"color: #ff0000;\">C<\/span>ONSIGNES<\/span> DEL REI CARNESTOLTES; A RACONS V\u00c0REM FER UNS <span style=\"font-size: 20px;\"><span style=\"color: #ff0000;\">B<\/span>ARRETS<\/span> S\u00daPER DIVERTITS EN FORMA DE TRIANGLE (S\u00cd, HEM CONEGUT AQUESTA NOVA FIGURA GEOM\u00c8TRICA!) ; VAM FER UNA SESSI\u00d3 DE <span style=\"font-size: 20px;\"><span style=\"color: #ff0000;\">M<\/span>AQUILLLATGE<\/span> AL PATI ; \u00a0I VAM ELABORAR LES NOSTRES <span style=\"font-size: 20px;\"><span style=\"color: #ff0000;\">D<\/span>ISFRESSES<\/span> PER LA RUA DE CARNAVAL, RELACIONADA AMB L&#8217;EIX DE L&#8217;ESCOLA, L&#8217;<span style=\"font-size: 20px;\"><span style=\"color: #ff0000;\">A<\/span>RT.\u00a0<\/span><\/p>\n<p>ELS NENS I NENES D&#8217;<strong><span style=\"font-size: 20px;\">EI3<\/span> <\/strong>VAM CREAR UNS <span style=\"font-size: 20px;\"><span style=\"color: #ff0000;\">Q<\/span>UADRES<\/span> DE COLORS AMB TEXTURES VARIADES I UNES <span style=\"font-size: 20px;\"><span style=\"color: #ff0000;\">U<\/span>LLERES<\/span> BEN ACOLORIDES AMB LES QUE PODER MIRAR EL <span style=\"font-size: 20px;\"><span style=\"color: #ff0000;\">M<\/span>\u00d3N DE <span style=\"color: #ff0000;\">C<\/span>OLORS<\/span>!<\/p>\n<p><a href=\"https:\/\/agora.xtec.cat\/escolapauvila\/wp-content\/uploads\/usu1565\/2022\/02\/IMG_2100-min-scaled.jpg\"><img loading=\"lazy\" decoding=\"async\" class=\"alignnone size-large wp-image-8272\" src=\"https:\/\/agora.xtec.cat\/escolapauvila\/wp-content\/uploads\/usu1565\/2022\/02\/IMG_2100-min-1024x768.jpg\" alt=\"\" width=\"1024\" height=\"768\" srcset=\"https:\/\/agora.xtec.cat\/escolapauvila\/wp-content\/uploads\/usu1565\/2022\/02\/IMG_2100-min-1024x768.jpg 1024w, https:\/\/agora.xtec.cat\/escolapauvila\/wp-content\/uploads\/usu1565\/2022\/02\/IMG_2100-min-300x225.jpg 300w, https:\/\/agora.xtec.cat\/escolapauvila\/wp-content\/uploads\/usu1565\/2022\/02\/IMG_2100-min-768x576.jpg 768w, https:\/\/agora.xtec.cat\/escolapauvila\/wp-content\/uploads\/usu1565\/2022\/02\/IMG_2100-min-1536x1152.jpg 1536w, https:\/\/agora.xtec.cat\/escolapauvila\/wp-content\/uploads\/usu1565\/2022\/02\/IMG_2100-min-2048x1536.jpg 2048w, https:\/\/agora.xtec.cat\/escolapauvila\/wp-content\/uploads\/usu1565\/2022\/02\/IMG_2100-min-200x150.jpg 200w\" sizes=\"auto, (max-width: 1024px) 100vw, 1024px\" \/><\/a><\/p>\n<p>&nbsp;<\/p>\n<p>&nbsp;<\/p>\n","protected":false},"excerpt":{"rendered":"<p>DIVENDRES 18 VA ARRIBAR EL\u00a0REI CARNESTOLTES A L&#8217;ESCOLA I, AMB ELL, LA GRESCA I LA XERINOL.LA!!!<br \/>\nTOTA LA COMUNITAT EDUCATIVA ENS V\u00c0REM TROBAR A LES PISTES PER REBRE&#8217;L I LLEGIR EL PREG\u00d3 DELS DELEGATS I DELEGADES DE L&#8217;ESCOLA.<br \/>\n<a href=\"https:\/\/agora.xtec.cat\/escolapauvila\/wp-content\/uploads\/usu1565\/2022\/02\/IMG_2016-scaled.jpg\"><\/a><br \/>\nDURANT LA SETMANA PASSADA VAM ANAR SEGUINT LES&hellip;  <a href=\"https:\/\/agora.xtec.cat\/escolapauvila\/petits\/carnestoltes-al-pau-vila\/\" title=\"Read CARNESTOLTES AL PAU VILA\">Llegeix m\u00e9s\u00bb<\/a><\/p>\n","protected":false},"author":1,"featured_media":8276,"comment_status":"open","ping_status":"closed","sticky":false,"template":"","format":"standard","meta":{"_bbp_topic_count":0,"_bbp_reply_count":0,"_bbp_total_topic_count":0,"_bbp_total_reply_count":0,"_bbp_voice_count":0,"_bbp_anonymous_reply_count":0,"_bbp_topic_count_hidden":0,"_bbp_reply_count_hidden":0,"_bbp_forum_subforum_count":0,"footnotes":""},"categories":[2,3],"tags":[211,212,210],"class_list":["post-8270","post","type-post","status-publish","format-standard","has-post-thumbnail","hentry","category-petits","category-ei3","tag-ei3a21-22","tag-ei3b21-22","tag-nascuts2018"],"post_mailing_queue_ids":[],"_links":{"self":[{"href":"https:\/\/agora.xtec.cat\/escolapauvila\/wp-json\/wp\/v2\/posts\/8270","targetHints":{"allow":["GET"]}}],"collection":[{"href":"https:\/\/agora.xtec.cat\/escolapauvila\/wp-json\/wp\/v2\/posts"}],"about":[{"href":"https:\/\/agora.xtec.cat\/escolapauvila\/wp-json\/wp\/v2\/types\/post"}],"author":[{"embeddable":true,"href":"https:\/\/agora.xtec.cat\/escolapauvila\/wp-json\/wp\/v2\/users\/1"}],"replies":[{"embeddable":true,"href":"https:\/\/agora.xtec.cat\/escolapauvila\/wp-json\/wp\/v2\/comments?post=8270"}],"version-history":[{"count":3,"href":"https:\/\/agora.xtec.cat\/escolapauvila\/wp-json\/wp\/v2\/posts\/8270\/revisions"}],"predecessor-version":[{"id":8281,"href":"https:\/\/agora.xtec.cat\/escolapauvila\/wp-json\/wp\/v2\/posts\/8270\/revisions\/8281"}],"wp:featuredmedia":[{"embeddable":true,"href":"https:\/\/agora.xtec.cat\/escolapauvila\/wp-json\/wp\/v2\/media\/8276"}],"wp:attachment":[{"href":"https:\/\/agora.xtec.cat\/escolapauvila\/wp-json\/wp\/v2\/media?parent=8270"}],"wp:term":[{"taxonomy":"category","embeddable":true,"href":"https:\/\/agora.xtec.cat\/escolapauvila\/wp-json\/wp\/v2\/categories?post=8270"},{"taxonomy":"post_tag","embeddable":true,"href":"https:\/\/agora.xtec.cat\/escolapauvila\/wp-json\/wp\/v2\/tags?post=8270"}],"curies":[{"name":"wp","href":"https:\/\/api.w.org\/{rel}","templated":true}]}}