{"id":8152,"date":"2022-02-23T13:54:39","date_gmt":"2022-02-23T12:54:39","guid":{"rendered":"https:\/\/agora.xtec.cat\/escolapauvila\/?p=8152"},"modified":"2022-02-23T14:05:05","modified_gmt":"2022-02-23T13:05:05","slug":"histories-per-un-forat","status":"publish","type":"post","link":"https:\/\/agora.xtec.cat\/escolapauvila\/portada\/histories-per-un-forat\/","title":{"rendered":"Hist\u00f2ries per un forat"},"content":{"rendered":"<p><strong>Estem molt contentes i contents d&#8217;haver tornat a engegar des de la comissi\u00f3 de biblioteca de l&#8217;escola la proposta d&#8217;animaci\u00f3 a la lectura <em>HIST\u00d2RIES PER UN FORAT<\/em>.\u00a0<a href=\"https:\/\/agora.xtec.cat\/escolapauvila\/wp-content\/uploads\/usu1565\/2022\/02\/IMG_7580.jpg\"><img loading=\"lazy\" decoding=\"async\" class=\"size-full wp-image-8154 aligncenter\" src=\"https:\/\/agora.xtec.cat\/escolapauvila\/wp-content\/uploads\/usu1565\/2022\/02\/IMG_7580.jpg\" alt=\"\" width=\"640\" height=\"480\" srcset=\"https:\/\/agora.xtec.cat\/escolapauvila\/wp-content\/uploads\/usu1565\/2022\/02\/IMG_7580.jpg 640w, https:\/\/agora.xtec.cat\/escolapauvila\/wp-content\/uploads\/usu1565\/2022\/02\/IMG_7580-300x225.jpg 300w, https:\/\/agora.xtec.cat\/escolapauvila\/wp-content\/uploads\/usu1565\/2022\/02\/IMG_7580-200x150.jpg 200w\" sizes=\"auto, (max-width: 640px) 100vw, 640px\" \/><\/a><\/strong><\/p>\n<p><strong>Cada aula de l&#8217;escola tenia un llibre assignat que estava tot tapat, nom\u00e9s per un foradet pod\u00edem entreveure algun aspecte de llibre (un tros de dibuix, un tros de t\u00edtol&#8230;). Nom\u00e9s amb aquestes petites pistes la imaginaci\u00f3 dels nens i nenes comen\u00e7a a volar en forma d&#8217;hip\u00f2tesis; de qu\u00e8 tractar\u00e0 el nostre llibre?<\/strong><\/p>\n<p><strong><a href=\"https:\/\/agora.xtec.cat\/escolapauvila\/wp-content\/uploads\/usu1565\/2022\/02\/IMG_7581.jpg\"><img loading=\"lazy\" decoding=\"async\" class=\"size-full wp-image-8155 aligncenter\" src=\"https:\/\/agora.xtec.cat\/escolapauvila\/wp-content\/uploads\/usu1565\/2022\/02\/IMG_7581.jpg\" alt=\"\" width=\"640\" height=\"480\" srcset=\"https:\/\/agora.xtec.cat\/escolapauvila\/wp-content\/uploads\/usu1565\/2022\/02\/IMG_7581.jpg 640w, https:\/\/agora.xtec.cat\/escolapauvila\/wp-content\/uploads\/usu1565\/2022\/02\/IMG_7581-300x225.jpg 300w, https:\/\/agora.xtec.cat\/escolapauvila\/wp-content\/uploads\/usu1565\/2022\/02\/IMG_7581-200x150.jpg 200w\" sizes=\"auto, (max-width: 640px) 100vw, 640px\" \/><\/a><\/strong><\/p>\n<p><strong>Veiem qu\u00e8 ha passat amb la hist\u00f2ria per un forat de l&#8217;aula de La Naturalesa de 2n&#8230;<\/strong><\/p>\n<p style=\"text-align: center;\"><strong>Clica a sobre de la imatge per veure LA HIST\u00d2RIA COMPLERTA:\u00a0\u00a0<\/strong><\/p>\n<p><a href=\"https:\/\/drive.google.com\/file\/d\/1_tkQlLpjzukmxf8MbzddAuT8BZxTXe0z\/view?usp=sharing\"><br \/>\n<img loading=\"lazy\" decoding=\"async\" class=\"size-full wp-image-8153 aligncenter\" src=\"https:\/\/agora.xtec.cat\/escolapauvila\/wp-content\/uploads\/usu1565\/2022\/02\/Captura-bona.jpg\" alt=\"\" width=\"628\" height=\"618\" srcset=\"https:\/\/agora.xtec.cat\/escolapauvila\/wp-content\/uploads\/usu1565\/2022\/02\/Captura-bona.jpg 628w, https:\/\/agora.xtec.cat\/escolapauvila\/wp-content\/uploads\/usu1565\/2022\/02\/Captura-bona-300x295.jpg 300w\" sizes=\"auto, (max-width: 628px) 100vw, 628px\" \/><\/a><\/p>\n","protected":false},"excerpt":{"rendered":"<p>Estem molt contentes i contents d&#8217;haver tornat a engegar des de la comissi\u00f3 de biblioteca de l&#8217;escola la proposta d&#8217;animaci\u00f3 a la lectura HIST\u00d2RIES PER UN FORAT.\u00a0<a href=\"https:\/\/agora.xtec.cat\/escolapauvila\/wp-content\/uploads\/usu1565\/2022\/02\/IMG_7580.jpg\"><\/a><br \/>\nCada aula de l&#8217;escola tenia un llibre assignat que estava tot tapat, nom\u00e9s per un foradet pod\u00edem entreveure&hellip;  <a href=\"https:\/\/agora.xtec.cat\/escolapauvila\/portada\/histories-per-un-forat\/\" title=\"Read Hist\u00f2ries per un forat\">Llegeix m\u00e9s\u00bb<\/a><\/p>\n","protected":false},"author":25,"featured_media":8153,"comment_status":"open","ping_status":"closed","sticky":false,"template":"","format":"standard","meta":{"_bbp_topic_count":0,"_bbp_reply_count":0,"_bbp_total_topic_count":0,"_bbp_total_reply_count":0,"_bbp_voice_count":0,"_bbp_anonymous_reply_count":0,"_bbp_topic_count_hidden":0,"_bbp_reply_count_hidden":0,"_bbp_forum_subforum_count":0,"footnotes":""},"categories":[11,4],"tags":[184,182],"class_list":["post-8152","post","type-post","status-publish","format-standard","has-post-thumbnail","hentry","category-2n","category-portada","tag-2n-a","tag-biblioteca"],"post_mailing_queue_ids":[],"_links":{"self":[{"href":"https:\/\/agora.xtec.cat\/escolapauvila\/wp-json\/wp\/v2\/posts\/8152","targetHints":{"allow":["GET"]}}],"collection":[{"href":"https:\/\/agora.xtec.cat\/escolapauvila\/wp-json\/wp\/v2\/posts"}],"about":[{"href":"https:\/\/agora.xtec.cat\/escolapauvila\/wp-json\/wp\/v2\/types\/post"}],"author":[{"embeddable":true,"href":"https:\/\/agora.xtec.cat\/escolapauvila\/wp-json\/wp\/v2\/users\/25"}],"replies":[{"embeddable":true,"href":"https:\/\/agora.xtec.cat\/escolapauvila\/wp-json\/wp\/v2\/comments?post=8152"}],"version-history":[{"count":2,"href":"https:\/\/agora.xtec.cat\/escolapauvila\/wp-json\/wp\/v2\/posts\/8152\/revisions"}],"predecessor-version":[{"id":8157,"href":"https:\/\/agora.xtec.cat\/escolapauvila\/wp-json\/wp\/v2\/posts\/8152\/revisions\/8157"}],"wp:featuredmedia":[{"embeddable":true,"href":"https:\/\/agora.xtec.cat\/escolapauvila\/wp-json\/wp\/v2\/media\/8153"}],"wp:attachment":[{"href":"https:\/\/agora.xtec.cat\/escolapauvila\/wp-json\/wp\/v2\/media?parent=8152"}],"wp:term":[{"taxonomy":"category","embeddable":true,"href":"https:\/\/agora.xtec.cat\/escolapauvila\/wp-json\/wp\/v2\/categories?post=8152"},{"taxonomy":"post_tag","embeddable":true,"href":"https:\/\/agora.xtec.cat\/escolapauvila\/wp-json\/wp\/v2\/tags?post=8152"}],"curies":[{"name":"wp","href":"https:\/\/api.w.org\/{rel}","templated":true}]}}