{"id":8132,"date":"2022-02-18T16:59:53","date_gmt":"2022-02-18T15:59:53","guid":{"rendered":"https:\/\/agora.xtec.cat\/escolapauvila\/?p=8132"},"modified":"2022-02-18T16:59:53","modified_gmt":"2022-02-18T15:59:53","slug":"dibuixem-els-ametllers","status":"publish","type":"post","link":"https:\/\/agora.xtec.cat\/escolapauvila\/general\/dibuixem-els-ametllers\/","title":{"rendered":"DIBUIXEM ELS AMETLLERS"},"content":{"rendered":"<p><a href=\"https:\/\/agora.xtec.cat\/escolapauvila\/wp-content\/uploads\/usu1565\/2022\/02\/IMG_7892-2-scaled.jpg\"><img loading=\"lazy\" decoding=\"async\" class=\"alignnone size-large wp-image-8134\" src=\"https:\/\/agora.xtec.cat\/escolapauvila\/wp-content\/uploads\/usu1565\/2022\/02\/IMG_7892-2-1024x768.jpg\" alt=\"\" width=\"1024\" height=\"768\" srcset=\"https:\/\/agora.xtec.cat\/escolapauvila\/wp-content\/uploads\/usu1565\/2022\/02\/IMG_7892-2-1024x768.jpg 1024w, https:\/\/agora.xtec.cat\/escolapauvila\/wp-content\/uploads\/usu1565\/2022\/02\/IMG_7892-2-300x225.jpg 300w, https:\/\/agora.xtec.cat\/escolapauvila\/wp-content\/uploads\/usu1565\/2022\/02\/IMG_7892-2-768x576.jpg 768w, https:\/\/agora.xtec.cat\/escolapauvila\/wp-content\/uploads\/usu1565\/2022\/02\/IMG_7892-2-1536x1152.jpg 1536w, https:\/\/agora.xtec.cat\/escolapauvila\/wp-content\/uploads\/usu1565\/2022\/02\/IMG_7892-2-2048x1536.jpg 2048w, https:\/\/agora.xtec.cat\/escolapauvila\/wp-content\/uploads\/usu1565\/2022\/02\/IMG_7892-2-200x150.jpg 200w\" sizes=\"auto, (max-width: 1024px) 100vw, 1024px\" \/><\/a><\/p>\n<p>CADA MES APRENEM UNA NOVA DITA, I LA D&#8217;AQUEST MES, ENS RECORDA QUE:<\/p>\n<p style=\"text-align: center;\">&#8220;AL <strong><span style=\"font-size: 24px;\"><span style=\"color: #ff0000;\">F<\/span>EBRER<\/span><\/strong>, TREU LA FLOR L&#8217;<strong><span style=\"font-size: 24px;\"><span style=\"color: #ff0000;\">A<\/span>METLLER<\/span><\/strong>&#8220;<\/p>\n<p>AIX\u00cd QUE VAM APROFITAR PER MARXAR UN MAT\u00cd, A DIBUIXAR ELS AMETLLERS QUE TENIM A PROP DE L&#8217;ESCOLA. ELS DIES ABANS D&#8217;ANAR-HI, ENS VAM ESTAR FIXANT EN QUINS COLORS TENIEN ELS AMETLLERS,\u00a0 I ENS VAM PREPARAR EL MATERIAL NECESSARI PER A DIBUIXAR-LOS.<\/p>\n<p>LA SORTIDA VA SER UN GOIG, MENTRE CAMIN\u00c0VEM, AN\u00c0VEM OBSERVANT QUINS ARBRES O PLANTES TROB\u00c0VEM, I BUSC\u00c0VEM UN LLOC AGRADABLE A ON SEURE A DIBUIXAR L&#8217;AMETLLER.<\/p>\n<p>UN COP EL VAM TROBAR, ENS HI VAM POSAR AMB MOLTA DEDICACI\u00d3, I ENS HI VAM FIXAR EN LES DIFERENTS CARACTER\u00cdSTIQUES DELS ARBRES, PER TAL DE REPRESENTAR-LES EN EL DIBUIX. VAM FER UNS DIBUIXOS MOLT ELABORATS, I AMB L&#8217;EMPREMTA DE CADASC\u00da DE NOSALTRES.<\/p>\n<p><a href=\"https:\/\/agora.xtec.cat\/escolapauvila\/wp-content\/uploads\/usu1565\/2022\/02\/IMG_7902-2-scaled.jpg\"><img loading=\"lazy\" decoding=\"async\" class=\"alignnone size-large wp-image-8135\" src=\"https:\/\/agora.xtec.cat\/escolapauvila\/wp-content\/uploads\/usu1565\/2022\/02\/IMG_7902-2-1024x768.jpg\" alt=\"\" width=\"1024\" height=\"768\" srcset=\"https:\/\/agora.xtec.cat\/escolapauvila\/wp-content\/uploads\/usu1565\/2022\/02\/IMG_7902-2-1024x768.jpg 1024w, https:\/\/agora.xtec.cat\/escolapauvila\/wp-content\/uploads\/usu1565\/2022\/02\/IMG_7902-2-300x225.jpg 300w, https:\/\/agora.xtec.cat\/escolapauvila\/wp-content\/uploads\/usu1565\/2022\/02\/IMG_7902-2-768x576.jpg 768w, https:\/\/agora.xtec.cat\/escolapauvila\/wp-content\/uploads\/usu1565\/2022\/02\/IMG_7902-2-1536x1152.jpg 1536w, https:\/\/agora.xtec.cat\/escolapauvila\/wp-content\/uploads\/usu1565\/2022\/02\/IMG_7902-2-2048x1536.jpg 2048w, https:\/\/agora.xtec.cat\/escolapauvila\/wp-content\/uploads\/usu1565\/2022\/02\/IMG_7902-2-200x150.jpg 200w\" sizes=\"auto, (max-width: 1024px) 100vw, 1024px\" \/><\/a><\/p>\n<p>PER ACABAR D&#8217;ARRODONIR-HO VAM ESMORZAR I VAM GAUDIR D&#8217;UNA ESTONA DE JOC ALS CAMPS QUE ENS ENVOLTEN, CORRENT, SALTANT, INVENTANT HIST\u00d2RIES&#8230; AMB ELS ELEMENTS DE LA NATURA.<\/p>\n<p><a href=\"https:\/\/agora.xtec.cat\/escolapauvila\/wp-content\/uploads\/usu1565\/2022\/02\/IMG_7920-2-scaled.jpg\"><img loading=\"lazy\" decoding=\"async\" class=\"alignnone size-large wp-image-8136\" src=\"https:\/\/agora.xtec.cat\/escolapauvila\/wp-content\/uploads\/usu1565\/2022\/02\/IMG_7920-2-1024x768.jpg\" alt=\"\" width=\"1024\" height=\"768\" srcset=\"https:\/\/agora.xtec.cat\/escolapauvila\/wp-content\/uploads\/usu1565\/2022\/02\/IMG_7920-2-1024x768.jpg 1024w, https:\/\/agora.xtec.cat\/escolapauvila\/wp-content\/uploads\/usu1565\/2022\/02\/IMG_7920-2-300x225.jpg 300w, https:\/\/agora.xtec.cat\/escolapauvila\/wp-content\/uploads\/usu1565\/2022\/02\/IMG_7920-2-768x576.jpg 768w, https:\/\/agora.xtec.cat\/escolapauvila\/wp-content\/uploads\/usu1565\/2022\/02\/IMG_7920-2-1536x1152.jpg 1536w, https:\/\/agora.xtec.cat\/escolapauvila\/wp-content\/uploads\/usu1565\/2022\/02\/IMG_7920-2-2048x1536.jpg 2048w, https:\/\/agora.xtec.cat\/escolapauvila\/wp-content\/uploads\/usu1565\/2022\/02\/IMG_7920-2-200x150.jpg 200w\" sizes=\"auto, (max-width: 1024px) 100vw, 1024px\" \/><\/a><\/p>\n<p>AL LLARG DE LA SETMANA, A L&#8217;ESCOLA HEM ELABORAT UNS MARCS PELS NOSTRES QUADRES D&#8217;AMETLLERS. CADASC\u00da L&#8217;HA ELABORAT AL SEU RITME, I AMB LA SEVA CREATIVITAT, UTILITZANT MATERIAL DIVERS.<\/p>\n<p>HEM FET UNA EXPOSICI\u00d3 DE LES NOSTRES OBRES, EN UNS DIES US ARRIBARAN A CASA. ESPEREM QUE LES GAUDIU TANT COM HO HAN FET ELS VOSTRES FILLS I FILLES.<\/p>\n<p><a href=\"https:\/\/agora.xtec.cat\/escolapauvila\/wp-content\/uploads\/usu1565\/2022\/02\/IMG_8237.jpg\"><img loading=\"lazy\" decoding=\"async\" class=\"alignnone size-large wp-image-8145\" src=\"https:\/\/agora.xtec.cat\/escolapauvila\/wp-content\/uploads\/usu1565\/2022\/02\/IMG_8237-1024x768.jpg\" alt=\"\" width=\"1024\" height=\"768\" srcset=\"https:\/\/agora.xtec.cat\/escolapauvila\/wp-content\/uploads\/usu1565\/2022\/02\/IMG_8237-1024x768.jpg 1024w, https:\/\/agora.xtec.cat\/escolapauvila\/wp-content\/uploads\/usu1565\/2022\/02\/IMG_8237-300x225.jpg 300w, https:\/\/agora.xtec.cat\/escolapauvila\/wp-content\/uploads\/usu1565\/2022\/02\/IMG_8237-768x576.jpg 768w, https:\/\/agora.xtec.cat\/escolapauvila\/wp-content\/uploads\/usu1565\/2022\/02\/IMG_8237-200x150.jpg 200w, https:\/\/agora.xtec.cat\/escolapauvila\/wp-content\/uploads\/usu1565\/2022\/02\/IMG_8237.jpg 1280w\" sizes=\"auto, (max-width: 1024px) 100vw, 1024px\" \/><\/a><\/p>\n<p>CONTINUEM&#8230;<\/p>\n","protected":false},"excerpt":{"rendered":"<p><a href=\"https:\/\/agora.xtec.cat\/escolapauvila\/wp-content\/uploads\/usu1565\/2022\/02\/IMG_7892-2-scaled.jpg\"><\/a><br \/>\nCADA MES APRENEM UNA NOVA DITA, I LA D&#8217;AQUEST MES, ENS RECORDA QUE:<br \/>\n&#8220;AL FEBRER, TREU LA FLOR L&#8217;AMETLLER&#8220;<br \/>\nAIX\u00cd QUE VAM APROFITAR PER MARXAR UN MAT\u00cd, A DIBUIXAR ELS AMETLLERS QUE TENIM A PROP DE L&#8217;ESCOLA. ELS DIES ABANS D&#8217;ANAR-HI, ENS VAM ESTAR FIXANT EN&hellip;  <a href=\"https:\/\/agora.xtec.cat\/escolapauvila\/general\/dibuixem-els-ametllers\/\" title=\"Read DIBUIXEM ELS AMETLLERS\">Llegeix m\u00e9s\u00bb<\/a><\/p>\n","protected":false},"author":16,"featured_media":8135,"comment_status":"open","ping_status":"closed","sticky":false,"template":"","format":"standard","meta":{"_bbp_topic_count":0,"_bbp_reply_count":0,"_bbp_total_topic_count":0,"_bbp_total_reply_count":0,"_bbp_voice_count":0,"_bbp_anonymous_reply_count":0,"_bbp_topic_count_hidden":0,"_bbp_reply_count_hidden":0,"_bbp_forum_subforum_count":0,"footnotes":""},"categories":[2,9,1],"tags":[224,225,227,226,104,229],"class_list":["post-8132","post","type-post","status-publish","format-standard","has-post-thumbnail","hentry","category-petits","category-ei5","category-general","tag-ei5a21-22","tag-ei5b21-22","tag-la-classe-de-larc-de-sant-marti","tag-la-classe-dels-suricates","tag-nascuts2016","tag-pauvilart"],"post_mailing_queue_ids":[],"_links":{"self":[{"href":"https:\/\/agora.xtec.cat\/escolapauvila\/wp-json\/wp\/v2\/posts\/8132","targetHints":{"allow":["GET"]}}],"collection":[{"href":"https:\/\/agora.xtec.cat\/escolapauvila\/wp-json\/wp\/v2\/posts"}],"about":[{"href":"https:\/\/agora.xtec.cat\/escolapauvila\/wp-json\/wp\/v2\/types\/post"}],"author":[{"embeddable":true,"href":"https:\/\/agora.xtec.cat\/escolapauvila\/wp-json\/wp\/v2\/users\/16"}],"replies":[{"embeddable":true,"href":"https:\/\/agora.xtec.cat\/escolapauvila\/wp-json\/wp\/v2\/comments?post=8132"}],"version-history":[{"count":3,"href":"https:\/\/agora.xtec.cat\/escolapauvila\/wp-json\/wp\/v2\/posts\/8132\/revisions"}],"predecessor-version":[{"id":8146,"href":"https:\/\/agora.xtec.cat\/escolapauvila\/wp-json\/wp\/v2\/posts\/8132\/revisions\/8146"}],"wp:featuredmedia":[{"embeddable":true,"href":"https:\/\/agora.xtec.cat\/escolapauvila\/wp-json\/wp\/v2\/media\/8135"}],"wp:attachment":[{"href":"https:\/\/agora.xtec.cat\/escolapauvila\/wp-json\/wp\/v2\/media?parent=8132"}],"wp:term":[{"taxonomy":"category","embeddable":true,"href":"https:\/\/agora.xtec.cat\/escolapauvila\/wp-json\/wp\/v2\/categories?post=8132"},{"taxonomy":"post_tag","embeddable":true,"href":"https:\/\/agora.xtec.cat\/escolapauvila\/wp-json\/wp\/v2\/tags?post=8132"}],"curies":[{"name":"wp","href":"https:\/\/api.w.org\/{rel}","templated":true}]}}