{"id":8110,"date":"2022-02-16T13:34:47","date_gmt":"2022-02-16T12:34:47","guid":{"rendered":"https:\/\/agora.xtec.cat\/escolapauvila\/?p=8110"},"modified":"2022-02-16T21:07:22","modified_gmt":"2022-02-16T20:07:22","slug":"lart-a-lescola-exposicio-experimentem-amb-lart","status":"publish","type":"post","link":"https:\/\/agora.xtec.cat\/escolapauvila\/general\/lart-a-lescola-exposicio-experimentem-amb-lart\/","title":{"rendered":"L&#8217;ART A L&#8217;ESCOLA: exposici\u00f3 EXPERIMENTEM AMB L&#8217;ART"},"content":{"rendered":"<p><span style=\"font-weight: 400;\">Ja tenim preparada l\u2019exposici\u00f3 del segon trimestre sobre el projecte d\u2019art a l\u2019escola!<\/span><\/p>\n<p><span style=\"font-weight: 400;\">L\u2019objectiu d\u2019aquesta proposta \u00e9s reflexionar i construir pensament a trav\u00e9s de diferents capses amb mostres art\u00edstiques de diversos \u00e0mbits. Tamb\u00e9 hi ha dos plafons amb mostres d\u2019imatges que faciliten el di\u00e0leg i la conversa. Complementant aquesta exposici\u00f3, trobem tamb\u00e9 dues caixes per experimentar amb els sentits.\u00a0<\/span><\/p>\n<p><span style=\"font-weight: 400;\">Us compartim algunes imatges de l\u2019exposici\u00f3:<\/span><\/p>\n<p><a href=\"https:\/\/agora.xtec.cat\/escolapauvila\/wp-content\/uploads\/usu1565\/2022\/02\/1-1.jpg\"><img loading=\"lazy\" decoding=\"async\" class=\"wp-image-8111 alignleft\" src=\"https:\/\/agora.xtec.cat\/escolapauvila\/wp-content\/uploads\/usu1565\/2022\/02\/1-1.jpg\" alt=\"\" width=\"712\" height=\"578\" srcset=\"https:\/\/agora.xtec.cat\/escolapauvila\/wp-content\/uploads\/usu1565\/2022\/02\/1-1.jpg 1556w, https:\/\/agora.xtec.cat\/escolapauvila\/wp-content\/uploads\/usu1565\/2022\/02\/1-1-300x244.jpg 300w, https:\/\/agora.xtec.cat\/escolapauvila\/wp-content\/uploads\/usu1565\/2022\/02\/1-1-1024x831.jpg 1024w, https:\/\/agora.xtec.cat\/escolapauvila\/wp-content\/uploads\/usu1565\/2022\/02\/1-1-768x623.jpg 768w, https:\/\/agora.xtec.cat\/escolapauvila\/wp-content\/uploads\/usu1565\/2022\/02\/1-1-1536x1247.jpg 1536w\" sizes=\"auto, (max-width: 712px) 100vw, 712px\" \/><\/a><\/p>\n<p>&nbsp;<\/p>\n<p><a href=\"https:\/\/agora.xtec.cat\/escolapauvila\/wp-content\/uploads\/usu1565\/2022\/02\/1-2.jpg\"><img loading=\"lazy\" decoding=\"async\" class=\"alignnone wp-image-8112\" src=\"https:\/\/agora.xtec.cat\/escolapauvila\/wp-content\/uploads\/usu1565\/2022\/02\/1-2.jpg\" alt=\"\" width=\"222\" height=\"395\" srcset=\"https:\/\/agora.xtec.cat\/escolapauvila\/wp-content\/uploads\/usu1565\/2022\/02\/1-2.jpg 1080w, https:\/\/agora.xtec.cat\/escolapauvila\/wp-content\/uploads\/usu1565\/2022\/02\/1-2-169x300.jpg 169w, https:\/\/agora.xtec.cat\/escolapauvila\/wp-content\/uploads\/usu1565\/2022\/02\/1-2-576x1024.jpg 576w, https:\/\/agora.xtec.cat\/escolapauvila\/wp-content\/uploads\/usu1565\/2022\/02\/1-2-768x1365.jpg 768w, https:\/\/agora.xtec.cat\/escolapauvila\/wp-content\/uploads\/usu1565\/2022\/02\/1-2-864x1536.jpg 864w\" sizes=\"auto, (max-width: 222px) 100vw, 222px\" \/><\/a>\u00a0<a href=\"https:\/\/agora.xtec.cat\/escolapauvila\/wp-content\/uploads\/usu1565\/2022\/02\/1-3.jpg\"><img loading=\"lazy\" decoding=\"async\" class=\"alignnone wp-image-8113\" src=\"https:\/\/agora.xtec.cat\/escolapauvila\/wp-content\/uploads\/usu1565\/2022\/02\/1-3.jpg\" alt=\"\" width=\"261\" height=\"146\" srcset=\"https:\/\/agora.xtec.cat\/escolapauvila\/wp-content\/uploads\/usu1565\/2022\/02\/1-3.jpg 1920w, https:\/\/agora.xtec.cat\/escolapauvila\/wp-content\/uploads\/usu1565\/2022\/02\/1-3-300x169.jpg 300w, https:\/\/agora.xtec.cat\/escolapauvila\/wp-content\/uploads\/usu1565\/2022\/02\/1-3-1024x576.jpg 1024w, https:\/\/agora.xtec.cat\/escolapauvila\/wp-content\/uploads\/usu1565\/2022\/02\/1-3-768x432.jpg 768w, https:\/\/agora.xtec.cat\/escolapauvila\/wp-content\/uploads\/usu1565\/2022\/02\/1-3-1536x864.jpg 1536w\" sizes=\"auto, (max-width: 261px) 100vw, 261px\" \/><\/a> <a href=\"https:\/\/agora.xtec.cat\/escolapauvila\/wp-content\/uploads\/usu1565\/2022\/02\/1-4.jpg\"><img loading=\"lazy\" decoding=\"async\" class=\"alignnone wp-image-8114\" src=\"https:\/\/agora.xtec.cat\/escolapauvila\/wp-content\/uploads\/usu1565\/2022\/02\/1-4.jpg\" alt=\"\" width=\"221\" height=\"393\" srcset=\"https:\/\/agora.xtec.cat\/escolapauvila\/wp-content\/uploads\/usu1565\/2022\/02\/1-4.jpg 1080w, https:\/\/agora.xtec.cat\/escolapauvila\/wp-content\/uploads\/usu1565\/2022\/02\/1-4-169x300.jpg 169w, https:\/\/agora.xtec.cat\/escolapauvila\/wp-content\/uploads\/usu1565\/2022\/02\/1-4-576x1024.jpg 576w, https:\/\/agora.xtec.cat\/escolapauvila\/wp-content\/uploads\/usu1565\/2022\/02\/1-4-768x1365.jpg 768w, https:\/\/agora.xtec.cat\/escolapauvila\/wp-content\/uploads\/usu1565\/2022\/02\/1-4-864x1536.jpg 864w\" sizes=\"auto, (max-width: 221px) 100vw, 221px\" \/><\/a><\/p>\n<p style=\"text-align: center;\"><em>&#8220;Tu, art,\u00a0<\/em><br \/>\n<em>que et passeges per dintre meu&#8230;,<\/em><br \/>\n<em>que fas meravella de la creaci\u00f3,<\/em><br \/>\n<em>i estimes sense condici\u00f3 <\/em><br \/>\n<em>a qui se t&#8217;apropa per admirar-te.<\/em><br \/>\n<em>Tu, art&#8230;&#8221;<\/em><\/p>\n","protected":false},"excerpt":{"rendered":"<p>Ja tenim preparada l\u2019exposici\u00f3 del segon trimestre sobre el projecte d\u2019art a l\u2019escola!<br \/>\nL\u2019objectiu d\u2019aquesta proposta \u00e9s reflexionar i construir pensament a trav\u00e9s de diferents capses amb mostres art\u00edstiques de diversos \u00e0mbits. Tamb\u00e9 hi ha dos plafons amb mostres d\u2019imatges que faciliten el di\u00e0leg i la&hellip;  <a href=\"https:\/\/agora.xtec.cat\/escolapauvila\/general\/lart-a-lescola-exposicio-experimentem-amb-lart\/\" title=\"Read L&#8217;ART A L&#8217;ESCOLA: exposici\u00f3 EXPERIMENTEM AMB L&#8217;ART\">Llegeix m\u00e9s\u00bb<\/a><\/p>\n","protected":false},"author":1,"featured_media":8112,"comment_status":"open","ping_status":"closed","sticky":false,"template":"","format":"standard","meta":{"_bbp_topic_count":0,"_bbp_reply_count":0,"_bbp_total_topic_count":0,"_bbp_total_reply_count":0,"_bbp_voice_count":0,"_bbp_anonymous_reply_count":0,"_bbp_topic_count_hidden":0,"_bbp_reply_count_hidden":0,"_bbp_forum_subforum_count":0,"footnotes":""},"categories":[1,4],"tags":[229],"class_list":["post-8110","post","type-post","status-publish","format-standard","has-post-thumbnail","hentry","category-general","category-portada","tag-pauvilart"],"post_mailing_queue_ids":[],"_links":{"self":[{"href":"https:\/\/agora.xtec.cat\/escolapauvila\/wp-json\/wp\/v2\/posts\/8110","targetHints":{"allow":["GET"]}}],"collection":[{"href":"https:\/\/agora.xtec.cat\/escolapauvila\/wp-json\/wp\/v2\/posts"}],"about":[{"href":"https:\/\/agora.xtec.cat\/escolapauvila\/wp-json\/wp\/v2\/types\/post"}],"author":[{"embeddable":true,"href":"https:\/\/agora.xtec.cat\/escolapauvila\/wp-json\/wp\/v2\/users\/1"}],"replies":[{"embeddable":true,"href":"https:\/\/agora.xtec.cat\/escolapauvila\/wp-json\/wp\/v2\/comments?post=8110"}],"version-history":[{"count":3,"href":"https:\/\/agora.xtec.cat\/escolapauvila\/wp-json\/wp\/v2\/posts\/8110\/revisions"}],"predecessor-version":[{"id":8118,"href":"https:\/\/agora.xtec.cat\/escolapauvila\/wp-json\/wp\/v2\/posts\/8110\/revisions\/8118"}],"wp:featuredmedia":[{"embeddable":true,"href":"https:\/\/agora.xtec.cat\/escolapauvila\/wp-json\/wp\/v2\/media\/8112"}],"wp:attachment":[{"href":"https:\/\/agora.xtec.cat\/escolapauvila\/wp-json\/wp\/v2\/media?parent=8110"}],"wp:term":[{"taxonomy":"category","embeddable":true,"href":"https:\/\/agora.xtec.cat\/escolapauvila\/wp-json\/wp\/v2\/categories?post=8110"},{"taxonomy":"post_tag","embeddable":true,"href":"https:\/\/agora.xtec.cat\/escolapauvila\/wp-json\/wp\/v2\/tags?post=8110"}],"curies":[{"name":"wp","href":"https:\/\/api.w.org\/{rel}","templated":true}]}}