{"id":8092,"date":"2022-02-14T15:57:24","date_gmt":"2022-02-14T14:57:24","guid":{"rendered":"https:\/\/agora.xtec.cat\/escolapauvila\/?p=8092"},"modified":"2022-02-16T21:12:24","modified_gmt":"2022-02-16T20:12:24","slug":"portes-obertes-2","status":"publish","type":"post","link":"https:\/\/agora.xtec.cat\/escolapauvila\/portada\/portes-obertes-2\/","title":{"rendered":"Portes obertes"},"content":{"rendered":"<p><span style=\"font-weight: 400;\">Benvolgudes fam\u00edlies,\u00a0<\/span><\/p>\n<p>&nbsp;<\/p>\n<p><span style=\"font-weight: 400;\">S\u2019acosta un moment molt important en el proc\u00e9s educatiu dels vostres fills i filles: el pas a l\u2019escola. \u00c9s per aix\u00f2 que des del centre volem que conegueu el nostre <\/span><b>Projecte Educatiu i pugueu visitar els espais<\/b><span style=\"font-weight: 400;\">. El format de les Portes Obertes ser\u00e0 <\/span><b>presencial <\/b><span style=\"font-weight: 400;\">(en horari no lectiu<\/span><b>) <\/b><span style=\"font-weight: 400;\">i el<\/span><b> calendari<\/b><span style=\"font-weight: 400;\"> ser\u00e0 el seg\u00fcent:<\/span><\/p>\n<ul>\n<li style=\"font-weight: 400;\" aria-level=\"1\"><span style=\"font-weight: 400;\">Dimarts 22 de febrer a les 17h<\/span><\/li>\n<li style=\"font-weight: 400;\" aria-level=\"1\"><span style=\"font-weight: 400;\">Dimecres 23 de febrer a les 17h<\/span><\/li>\n<\/ul>\n<p>Per poder assistir-hi, haureu d&#8217;omplir <a href=\"https:\/\/forms.gle\/AnA4bxwq7bBFnpTc8\">AQUEST FORMULARI<\/a>.<\/p>\n<p><span style=\"font-weight: 400;\">Tot i que recuperem el format presencial, ho fem amb mesures excepcionals, seguint les <\/span><b>recomanacions<\/b><span style=\"font-weight: 400;\"> del Departament d\u2019Educaci\u00f3 <\/span><span style=\"font-weight: 400;\">i de Salut:<\/span><\/p>\n<ul>\n<li style=\"font-weight: 400;\" aria-level=\"1\"><span style=\"font-weight: 400;\">Caldr\u00e0 demanar cita pr\u00e8via al formulari que penjarem a la p\u00e0gina web de l\u2019escola i reservar una de les dues dates.<\/span><\/li>\n<li style=\"font-weight: 400;\" aria-level=\"1\"><span style=\"font-weight: 400;\">Les xerrades es faran a l\u2019exterior o en un espai suficientment ventilat i que asseguri la dist\u00e0ncia m\u00ednima interpersonal.<\/span><\/li>\n<li style=\"font-weight: 400;\" aria-level=\"1\"><span style=\"font-weight: 400;\">Les visites a les instal\u00b7lacions seran en grups redu\u00efts.<\/span><\/li>\n<li style=\"font-weight: 400;\" aria-level=\"1\"><span style=\"font-weight: 400;\">L\u2019assist\u00e8ncia d\u2019infants no \u00e9s possible.\u00a0<\/span><\/li>\n<\/ul>\n<p><span style=\"font-weight: 400;\">Com molt b\u00e9 sabeu, no pot assistir a la visita al centre educatiu cap persona que presenti simptomatologia compatible amb la covid-19, ni que tingui una prova positiva per covid-19 o hagi estat designada com a contacte estret d\u2019un cas positiu en els 7 dies anteriors i que tingui indicaci\u00f3 de quarantena. En cas que se sigui un contacte estret immunitzat, \u00e9s recomanable disposar d\u2019un TAR negatiu per participar a la visita.\u00a0<\/span><\/p>\n<p><span style=\"font-weight: 400;\">Per a qualsevol dubte estem a la vostra disposici\u00f3! Podeu omplir aquest <a href=\"https:\/\/forms.gle\/hMpYrzbZUpNVu6ku8\">DOCUMENT<\/a>.<\/span><\/p>\n<p><span style=\"font-weight: 400;\"><img loading=\"lazy\" decoding=\"async\" class=\"aligncenter wp-image-708 size-thumbnail\" src=\"https:\/\/agora.xtec.cat\/escolapauvila\/wp-content\/uploads\/usu1565\/2020\/02\/CONVIURE-150x150.jpg\" alt=\"\" width=\"150\" height=\"150\" \/><\/span><\/p>\n<p><span style=\"font-weight: 400;\">Salutacions,<\/span><\/p>\n<p><i><span style=\"font-weight: 400;\">L\u2019escola <\/span><\/i><\/p>\n","protected":false},"excerpt":{"rendered":"<p>Benvolgudes fam\u00edlies,\u00a0<br \/>\n&nbsp;<br \/>\nS\u2019acosta un moment molt important en el proc\u00e9s educatiu dels vostres fills i filles: el pas a l\u2019escola. \u00c9s per aix\u00f2 que des del centre volem que conegueu el nostre Projecte Educatiu i pugueu visitar els espais. El format de les Portes Obertes ser\u00e0&hellip;  <a href=\"https:\/\/agora.xtec.cat\/escolapauvila\/portada\/portes-obertes-2\/\" title=\"Read Portes obertes\">Llegeix m\u00e9s\u00bb<\/a><\/p>\n","protected":false},"author":1,"featured_media":716,"comment_status":"open","ping_status":"closed","sticky":false,"template":"","format":"standard","meta":{"_bbp_topic_count":0,"_bbp_reply_count":0,"_bbp_total_topic_count":0,"_bbp_total_reply_count":0,"_bbp_voice_count":0,"_bbp_anonymous_reply_count":0,"_bbp_topic_count_hidden":0,"_bbp_reply_count_hidden":0,"_bbp_forum_subforum_count":0,"footnotes":""},"categories":[4,244],"tags":[241,242],"class_list":["post-8092","post","type-post","status-publish","format-standard","has-post-thumbnail","hentry","category-portada","category-portes-obertes-2022","tag-portes-obertes-22","tag-preinscripcio-22-23"],"post_mailing_queue_ids":[],"_links":{"self":[{"href":"https:\/\/agora.xtec.cat\/escolapauvila\/wp-json\/wp\/v2\/posts\/8092","targetHints":{"allow":["GET"]}}],"collection":[{"href":"https:\/\/agora.xtec.cat\/escolapauvila\/wp-json\/wp\/v2\/posts"}],"about":[{"href":"https:\/\/agora.xtec.cat\/escolapauvila\/wp-json\/wp\/v2\/types\/post"}],"author":[{"embeddable":true,"href":"https:\/\/agora.xtec.cat\/escolapauvila\/wp-json\/wp\/v2\/users\/1"}],"replies":[{"embeddable":true,"href":"https:\/\/agora.xtec.cat\/escolapauvila\/wp-json\/wp\/v2\/comments?post=8092"}],"version-history":[{"count":4,"href":"https:\/\/agora.xtec.cat\/escolapauvila\/wp-json\/wp\/v2\/posts\/8092\/revisions"}],"predecessor-version":[{"id":8108,"href":"https:\/\/agora.xtec.cat\/escolapauvila\/wp-json\/wp\/v2\/posts\/8092\/revisions\/8108"}],"wp:featuredmedia":[{"embeddable":true,"href":"https:\/\/agora.xtec.cat\/escolapauvila\/wp-json\/wp\/v2\/media\/716"}],"wp:attachment":[{"href":"https:\/\/agora.xtec.cat\/escolapauvila\/wp-json\/wp\/v2\/media?parent=8092"}],"wp:term":[{"taxonomy":"category","embeddable":true,"href":"https:\/\/agora.xtec.cat\/escolapauvila\/wp-json\/wp\/v2\/categories?post=8092"},{"taxonomy":"post_tag","embeddable":true,"href":"https:\/\/agora.xtec.cat\/escolapauvila\/wp-json\/wp\/v2\/tags?post=8092"}],"curies":[{"name":"wp","href":"https:\/\/api.w.org\/{rel}","templated":true}]}}