{"id":8071,"date":"2022-03-07T12:08:08","date_gmt":"2022-03-07T11:08:08","guid":{"rendered":"https:\/\/agora.xtec.cat\/escolapauvila\/?p=8071"},"modified":"2022-03-07T12:08:08","modified_gmt":"2022-03-07T11:08:08","slug":"dones-cientifiques","status":"publish","type":"post","link":"https:\/\/agora.xtec.cat\/escolapauvila\/general\/dones-cientifiques\/","title":{"rendered":"Dones cient\u00edfiques"},"content":{"rendered":"<p><b>El dia 11 de febrer es el dia de las dones astr\u00f2nomes, bi\u00f2logues, enginyeres i molt mes, aquest dia ens van ensenyar un v\u00eddeo sobre algunes dones cient\u00edfiques, ens van explicar que encara que no siguis bo en assignatures\u00a0pots fer tot el que et proposes i gracies a elles hem apr\u00e8s que no hi han\u00a0coses de nois o de noies.<\/b><\/p>\n<p><b>Algunes d&#8217;aquestes dones son: Henrietta Swan Leavitt\u00a0 (Astronoma) Ada Lovance (matematica) Sylvia Earle ( bi\u00f2loga marina) Zaha Hadid (arquitecta). <img decoding=\"async\" src=\"https:\/\/img.genial.ly\/5ff7547e5480c75fb85ae633\/309661c7-cd3f-467f-8121-d618f8b8ca9e.png\" alt=\"Marie Curie by Mar\u00eda del Mar Garc\u00eda on Genially\" \/><\/b><\/p>\n","protected":false},"excerpt":{"rendered":"<p>El dia 11 de febrer es el dia de las dones astr\u00f2nomes, bi\u00f2logues, enginyeres i molt mes, aquest dia ens van ensenyar un v\u00eddeo sobre algunes dones cient\u00edfiques, ens van explicar que encara que no siguis bo en assignatures\u00a0pots fer tot el que et proposes&hellip;  <a href=\"https:\/\/agora.xtec.cat\/escolapauvila\/general\/dones-cientifiques\/\" title=\"Read Dones cient\u00edfiques\">Llegeix m\u00e9s\u00bb<\/a><\/p>\n","protected":false},"author":1,"featured_media":0,"comment_status":"open","ping_status":"closed","sticky":false,"template":"","format":"standard","meta":{"_bbp_topic_count":0,"_bbp_reply_count":0,"_bbp_total_topic_count":0,"_bbp_total_reply_count":0,"_bbp_voice_count":0,"_bbp_anonymous_reply_count":0,"_bbp_topic_count_hidden":0,"_bbp_reply_count_hidden":0,"_bbp_forum_subforum_count":0,"footnotes":""},"categories":[14,61,1],"tags":[235,216,90],"class_list":["post-8071","post","type-post","status-publish","format-standard","hentry","category-5e","category-grans","category-general","tag-5ea21-22","tag-comunitat-grans","tag-nascuts2011"],"post_mailing_queue_ids":[],"_links":{"self":[{"href":"https:\/\/agora.xtec.cat\/escolapauvila\/wp-json\/wp\/v2\/posts\/8071","targetHints":{"allow":["GET"]}}],"collection":[{"href":"https:\/\/agora.xtec.cat\/escolapauvila\/wp-json\/wp\/v2\/posts"}],"about":[{"href":"https:\/\/agora.xtec.cat\/escolapauvila\/wp-json\/wp\/v2\/types\/post"}],"author":[{"embeddable":true,"href":"https:\/\/agora.xtec.cat\/escolapauvila\/wp-json\/wp\/v2\/users\/1"}],"replies":[{"embeddable":true,"href":"https:\/\/agora.xtec.cat\/escolapauvila\/wp-json\/wp\/v2\/comments?post=8071"}],"version-history":[{"count":3,"href":"https:\/\/agora.xtec.cat\/escolapauvila\/wp-json\/wp\/v2\/posts\/8071\/revisions"}],"predecessor-version":[{"id":8320,"href":"https:\/\/agora.xtec.cat\/escolapauvila\/wp-json\/wp\/v2\/posts\/8071\/revisions\/8320"}],"wp:attachment":[{"href":"https:\/\/agora.xtec.cat\/escolapauvila\/wp-json\/wp\/v2\/media?parent=8071"}],"wp:term":[{"taxonomy":"category","embeddable":true,"href":"https:\/\/agora.xtec.cat\/escolapauvila\/wp-json\/wp\/v2\/categories?post=8071"},{"taxonomy":"post_tag","embeddable":true,"href":"https:\/\/agora.xtec.cat\/escolapauvila\/wp-json\/wp\/v2\/tags?post=8071"}],"curies":[{"name":"wp","href":"https:\/\/api.w.org\/{rel}","templated":true}]}}