{"id":7880,"date":"2022-02-01T13:55:57","date_gmt":"2022-02-01T12:55:57","guid":{"rendered":"https:\/\/agora.xtec.cat\/escolapauvila\/?p=7880"},"modified":"2022-02-01T13:55:57","modified_gmt":"2022-02-01T12:55:57","slug":"dansa-musica-poesia-del-trencadis","status":"publish","type":"post","link":"https:\/\/agora.xtec.cat\/escolapauvila\/general\/dansa-musica-poesia-del-trencadis\/","title":{"rendered":"DANSA, M\u00daSICA, POESIA DEL TRENCAD\u00cdS"},"content":{"rendered":"<p>DESCOBRIM DIFERENTS FORMES D\u2019EXPRESSAR-NOS AMB L\u2019ART DE L\u2019AUDICI\u00d3 DEL TRENCAD\u00cdS DE CAN\u00c7ONS. ABANS DE VEURE-LA\u00a0 I ESCOLTAR-LA AL PALAU DE LA M\u00daSICA ENS ENDINSEM EN EL CONEIXEMENT DE LES SEVES CAN\u00c7ONS, DANSES I POEMES.<\/p>\n<p><iframe loading=\"lazy\" title=\"Trencad\u00eds de can\u00e7ons. Concerts Familiars al Palau\" width=\"500\" height=\"375\" src=\"https:\/\/www.youtube.com\/embed\/bulgXrP6Z8Q?feature=oembed\" frameborder=\"0\" allow=\"accelerometer; autoplay; clipboard-write; encrypted-media; gyroscope; picture-in-picture; web-share\" referrerpolicy=\"strict-origin-when-cross-origin\" allowfullscreen><\/iframe><\/p>\n<p>EL NOSTRE COS ES MOU AMB LA M\u00daSICA , ADQUIRIM UNA CONSCI\u00c8NCIA CINEST\u00c8SICA I ESPACIAL, AIX\u00cd COM TAMB\u00c9 ANEM PROGRESSANT EN EL GRAFISME, MILLORANT EL NOSTRE TRA\u00c7 A PARTIR DE PRODUCCIONS PL\u00c0STIQUES CREADES.<\/p>\n<p>LA DANSA DE \u201cLA GATA I EL BELITRE\u201d FLU\u00cfM I BALLEM TOT SEGUINT ELS MOVIMENTS, AQUEST PODEN SER M\u00c9S R\u00c0PIDS O M\u00c9S LENTS, MOVENT-NOS ENDAVANT I AL DARRERA.<\/p>\n<!--[if lt IE 9]><script>document.createElement('audio');<\/script><![endif]-->\n<audio class=\"wp-audio-shortcode\" id=\"audio-7880-1\" preload=\"none\" style=\"width: 100%;\" controls=\"controls\"><source type=\"audio\/mpeg\" src=\"https:\/\/www.palaumusica.cat\/03-la-gata-i-el-belitre_638357.mp3?_=1\" \/><a href=\"https:\/\/www.palaumusica.cat\/03-la-gata-i-el-belitre_638357.mp3\">https:\/\/www.palaumusica.cat\/03-la-gata-i-el-belitre_638357.mp3<\/a><\/audio>\n<p>LA M\u00daSICA \u201cEL MARINER\u201d ENS RECONDUEIX AMB UNA M\u00daSICA DE BALANCEIG, UN MOVIMENT D\u2019ONADES. EL REPRESENTEM AMB EL PROPI COS, AMB L\u2019AJUDA D\u2019UN COMPANY\/A I AMB EL MOVIMENT DE LA ROBA TOT CREANT ONADES.<\/p>\n<p><a href=\"https:\/\/agora.xtec.cat\/escolapauvila\/wp-content\/uploads\/usu1565\/2022\/01\/IMG_20211019_154012.jpg\"><img loading=\"lazy\" decoding=\"async\" class=\"wp-image-7883 aligncenter\" src=\"https:\/\/agora.xtec.cat\/escolapauvila\/wp-content\/uploads\/usu1565\/2022\/01\/IMG_20211019_154012.jpg\" alt=\"\" width=\"333\" height=\"250\" srcset=\"https:\/\/agora.xtec.cat\/escolapauvila\/wp-content\/uploads\/usu1565\/2022\/01\/IMG_20211019_154012.jpg 1000w, https:\/\/agora.xtec.cat\/escolapauvila\/wp-content\/uploads\/usu1565\/2022\/01\/IMG_20211019_154012-300x225.jpg 300w, https:\/\/agora.xtec.cat\/escolapauvila\/wp-content\/uploads\/usu1565\/2022\/01\/IMG_20211019_154012-768x576.jpg 768w, https:\/\/agora.xtec.cat\/escolapauvila\/wp-content\/uploads\/usu1565\/2022\/01\/IMG_20211019_154012-200x150.jpg 200w\" sizes=\"auto, (max-width: 333px) 100vw, 333px\" \/><\/a><\/p>\n<audio class=\"wp-audio-shortcode\" id=\"audio-7880-2\" preload=\"none\" style=\"width: 100%;\" controls=\"controls\"><source type=\"audio\/mpeg\" src=\"https:\/\/www.palaumusica.cat\/16-la-can\u00e7o-del-capita_638408.mp3?_=2\" \/><a href=\"https:\/\/www.palaumusica.cat\/16-la-can\u00e7o-del-capita_638408.mp3\">https:\/\/www.palaumusica.cat\/16-la-can\u00e7o-del-capita_638408.mp3<\/a><\/audio>\n<p>REPRESENTEM A NIVELL PL\u00c0STIC AQUESTES ONADES DIBUIXANT-LES EN UN FORMAT GRAN I DESPR\u00c9S EN UN DE M\u00c9S PETIT.AQUESTS MOVIMENTS AMB LES MANS ENS AJUDEN A ADQUIRIR MILLOR PRECISI\u00d3 DEL TRA\u00c7 GR\u00c0FIC.<\/p>\n<p>CANTEM CAN\u00c7\u00d3 DE \u201cLES PEDRETES\u201d TOT SEGUINT EL RITME AMB UNA PEDRA. TAMB\u00c9 ADQUIRIM CONEIXEMENT D\u2019UN COSTAT DEL COS I L\u2019ALTRE (LA DRETA I L\u2019ESQUERRA).<\/p>\n<audio class=\"wp-audio-shortcode\" id=\"audio-7880-3\" preload=\"none\" style=\"width: 100%;\" controls=\"controls\"><source type=\"audio\/mpeg\" src=\"https:\/\/www.palaumusica.cat\/12-el-joc-de-les-pedretes_638370.mp3?_=3\" \/><a href=\"https:\/\/www.palaumusica.cat\/12-el-joc-de-les-pedretes_638370.mp3\">https:\/\/www.palaumusica.cat\/12-el-joc-de-les-pedretes_638370.mp3<\/a><\/audio>\n<p>REALITZEM MOVIMENT LLIUREMENT I EL RELACIONEM AMB DIFERENTS ANIMALS AMB LA CAN\u00c7\u00d3 \u201cA LA VORA DEL CAM\u00cd\u201d<\/p>\n<audio class=\"wp-audio-shortcode\" id=\"audio-7880-4\" preload=\"none\" style=\"width: 100%;\" controls=\"controls\"><source type=\"audio\/mpeg\" src=\"https:\/\/www.palaumusica.cat\/07-a-la-vora-del-cami-can\u00e7o_638374.mp3?_=4\" \/><a href=\"https:\/\/www.palaumusica.cat\/07-a-la-vora-del-cami-can\u00e7o_638374.mp3\">https:\/\/www.palaumusica.cat\/07-a-la-vora-del-cami-can\u00e7o_638374.mp3<\/a><\/audio>\n<p>ENS CONVERTIM AMB BOMBERES I BOMBERS MARCANT LA PULSACI\u00d3 AMB LA CAN\u00c7\u00d3 \u201c ELS BOMBERS \u201d<\/p>\n<audio class=\"wp-audio-shortcode\" id=\"audio-7880-5\" preload=\"none\" style=\"width: 100%;\" controls=\"controls\"><source type=\"audio\/mpeg\" src=\"https:\/\/www.palaumusica.cat\/08-som-els-bombers_638375.mp3?_=5\" \/><a href=\"https:\/\/www.palaumusica.cat\/08-som-els-bombers_638375.mp3\">https:\/\/www.palaumusica.cat\/08-som-els-bombers_638375.mp3<\/a><\/audio>\n<p>REPRESENTEM EL TRA\u00c7 A PARTIR DE L&#8217;ARC QUE FA L\u2019AIGUA QUAN SURT DE LA M\u00c0NEGA.<\/p>\n<p>EL NOSTRE COS PUJA I BAIXA AMB LA CAN\u00c7\u00d3 DE \u201cLA PERDIUETA NOVELLETA\u201d, ENS CONVERTIM AMB UNS CAVALLETS DE LA FIRA.<\/p>\n<audio class=\"wp-audio-shortcode\" id=\"audio-7880-6\" preload=\"none\" style=\"width: 100%;\" controls=\"controls\"><source type=\"audio\/mpeg\" src=\"https:\/\/www.palaumusica.cat\/11-la-perdiueta_638377.mp3?_=6\" \/><a href=\"https:\/\/www.palaumusica.cat\/11-la-perdiueta_638377.mp3\">https:\/\/www.palaumusica.cat\/11-la-perdiueta_638377.mp3<\/a><\/audio>\n<p>DIVENDRES HA ARRIBAT EL DIA PER GAUDIR DE L\u2019AUDICI\u00d3 EN UN PALAU DE LA M\u00daSICA ACOLLIDOR I ON ES POT ADMIRAR LA BELLESA ARQUITECT\u00d2NICA DE LES ESCULTURES I DELS VITRALLS.<\/p>\n<p><a href=\"https:\/\/agora.xtec.cat\/escolapauvila\/wp-content\/uploads\/usu1565\/2022\/01\/IMG-0764-2.jpg\"><img loading=\"lazy\" decoding=\"async\" class=\"alignnone wp-image-7924 size-full\" src=\"https:\/\/agora.xtec.cat\/escolapauvila\/wp-content\/uploads\/usu1565\/2022\/01\/IMG-0764-2-e1643719567586.jpg\" alt=\"\" width=\"821\" height=\"675\" srcset=\"https:\/\/agora.xtec.cat\/escolapauvila\/wp-content\/uploads\/usu1565\/2022\/01\/IMG-0764-2-e1643719567586.jpg 821w, https:\/\/agora.xtec.cat\/escolapauvila\/wp-content\/uploads\/usu1565\/2022\/01\/IMG-0764-2-e1643719567586-300x247.jpg 300w, https:\/\/agora.xtec.cat\/escolapauvila\/wp-content\/uploads\/usu1565\/2022\/01\/IMG-0764-2-e1643719567586-768x631.jpg 768w\" sizes=\"auto, (max-width: 821px) 100vw, 821px\" \/><\/a><\/p>\n<p>&nbsp;<\/p>\n","protected":false},"excerpt":{"rendered":"<p>DESCOBRIM DIFERENTS FORMES D\u2019EXPRESSAR-NOS AMB L\u2019ART DE L\u2019AUDICI\u00d3 DEL TRENCAD\u00cdS DE CAN\u00c7ONS. ABANS DE VEURE-LA\u00a0 I ESCOLTAR-LA AL PALAU DE LA M\u00daSICA ENS ENDINSEM EN EL CONEIXEMENT DE LES SEVES CAN\u00c7ONS, DANSES I POEMES.<\/p>\n<p>EL NOSTRE COS ES MOU AMB LA M\u00daSICA , ADQUIRIM UNA CONSCI\u00c8NCIA&hellip;  <a href=\"https:\/\/agora.xtec.cat\/escolapauvila\/general\/dansa-musica-poesia-del-trencadis\/\" title=\"Read DANSA, M\u00daSICA, POESIA DEL TRENCAD\u00cdS\">Llegeix m\u00e9s\u00bb<\/a><\/p>\n","protected":false},"author":10,"featured_media":7883,"comment_status":"open","ping_status":"closed","sticky":false,"template":"","format":"standard","meta":{"_bbp_topic_count":0,"_bbp_reply_count":0,"_bbp_total_topic_count":0,"_bbp_total_reply_count":0,"_bbp_voice_count":0,"_bbp_anonymous_reply_count":0,"_bbp_topic_count_hidden":0,"_bbp_reply_count_hidden":0,"_bbp_forum_subforum_count":0,"footnotes":""},"categories":[2,8,1,166],"tags":[198,199,214,213,97,229],"class_list":["post-7880","post","type-post","status-publish","format-standard","has-post-thumbnail","hentry","category-petits","category-ei4","category-general","category-projecte-educatiu","tag-ei4a21-22","tag-ei4b21-22","tag-la-classe-dels-ericons","tag-la-classe-dels-pinguins","tag-nascuts2017","tag-pauvilart"],"post_mailing_queue_ids":[],"_links":{"self":[{"href":"https:\/\/agora.xtec.cat\/escolapauvila\/wp-json\/wp\/v2\/posts\/7880","targetHints":{"allow":["GET"]}}],"collection":[{"href":"https:\/\/agora.xtec.cat\/escolapauvila\/wp-json\/wp\/v2\/posts"}],"about":[{"href":"https:\/\/agora.xtec.cat\/escolapauvila\/wp-json\/wp\/v2\/types\/post"}],"author":[{"embeddable":true,"href":"https:\/\/agora.xtec.cat\/escolapauvila\/wp-json\/wp\/v2\/users\/10"}],"replies":[{"embeddable":true,"href":"https:\/\/agora.xtec.cat\/escolapauvila\/wp-json\/wp\/v2\/comments?post=7880"}],"version-history":[{"count":4,"href":"https:\/\/agora.xtec.cat\/escolapauvila\/wp-json\/wp\/v2\/posts\/7880\/revisions"}],"predecessor-version":[{"id":7938,"href":"https:\/\/agora.xtec.cat\/escolapauvila\/wp-json\/wp\/v2\/posts\/7880\/revisions\/7938"}],"wp:featuredmedia":[{"embeddable":true,"href":"https:\/\/agora.xtec.cat\/escolapauvila\/wp-json\/wp\/v2\/media\/7883"}],"wp:attachment":[{"href":"https:\/\/agora.xtec.cat\/escolapauvila\/wp-json\/wp\/v2\/media?parent=7880"}],"wp:term":[{"taxonomy":"category","embeddable":true,"href":"https:\/\/agora.xtec.cat\/escolapauvila\/wp-json\/wp\/v2\/categories?post=7880"},{"taxonomy":"post_tag","embeddable":true,"href":"https:\/\/agora.xtec.cat\/escolapauvila\/wp-json\/wp\/v2\/tags?post=7880"}],"curies":[{"name":"wp","href":"https:\/\/api.w.org\/{rel}","templated":true}]}}