{"id":7878,"date":"2022-01-28T10:12:21","date_gmt":"2022-01-28T09:12:21","guid":{"rendered":"https:\/\/agora.xtec.cat\/escolapauvila\/?p=7878"},"modified":"2022-01-28T10:12:21","modified_gmt":"2022-01-28T09:12:21","slug":"palau-de-la-musica","status":"publish","type":"post","link":"https:\/\/agora.xtec.cat\/escolapauvila\/general\/palau-de-la-musica\/","title":{"rendered":"PALAU DE LA M\u00daSICA"},"content":{"rendered":"<p>Hola pauvilers i pauvileres!<\/p>\n<p>Avui us portem una nova not\u00edcia,<strong> una not\u00edcia m\u00fasical!!!!!!!!!!!!!!!!!!!!!!!!!!!!!!!!!!<\/strong><\/p>\n<p>Es sobre l&#8217;excurci\u00f3 al <em><strong>PALAU DE LA M\u00daSICA.<\/strong><\/em><\/p>\n<p><iframe loading=\"lazy\" src=\"\/\/giphy.com\/embed\/w5eFyOHmkS8uc\" width=\"480\" height=\"320\" frameborder=\"0\" allowfullscreen=\"allowfullscreen\"><\/iframe><\/p>\n<p>Vam anar al Palau de la M\u00fasica el dia 14\/1\/2022.<\/p>\n<p>Va ser\u00a0 molt especial perqu\u00e8\u00a0 l&#8217;edifici \u00e9s d&#8217;una \u00e9poca en la que els hi agradava molt l&#8217;estil modernista.<\/p>\n<p>Per\u00f2 l&#8217;espectacle tamb\u00e9 era molt especial perque nom\u00e9s utilitzaven la seva veu,<\/p>\n<p>aqu\u00ed us deixem algunes de les fotografies!<\/p>\n<p>&nbsp;<\/p>\n<p><a href=\"https:\/\/photos.app.goo.gl\/YLzW7MneeAN9FfVq9\">https:\/\/photos.app.goo.gl\/YLzW7MneeAN9FfVq9<\/a><\/p>\n","protected":false},"excerpt":{"rendered":"<p>Hola pauvilers i pauvileres!<br \/>\nAvui us portem una nova not\u00edcia, una not\u00edcia m\u00fasical!!!!!!!!!!!!!!!!!!!!!!!!!!!!!!!!!!<br \/>\nEs sobre l&#8217;excurci\u00f3 al PALAU DE LA M\u00daSICA.<\/p>\n<p>Vam anar al Palau de la M\u00fasica el dia 14\/1\/2022.<br \/>\nVa ser\u00a0 molt especial perqu\u00e8\u00a0 l&#8217;edifici \u00e9s d&#8217;una \u00e9poca en la que els hi agradava molt l&#8217;estil modernista.<br \/>\nPer\u00f2&hellip;  <a href=\"https:\/\/agora.xtec.cat\/escolapauvila\/general\/palau-de-la-musica\/\" title=\"Read PALAU DE LA M\u00daSICA\">Llegeix m\u00e9s\u00bb<\/a><\/p>\n","protected":false},"author":1,"featured_media":0,"comment_status":"open","ping_status":"closed","sticky":false,"template":"","format":"standard","meta":{"_bbp_topic_count":0,"_bbp_reply_count":0,"_bbp_total_topic_count":0,"_bbp_total_reply_count":0,"_bbp_voice_count":0,"_bbp_anonymous_reply_count":0,"_bbp_topic_count_hidden":0,"_bbp_reply_count_hidden":0,"_bbp_forum_subforum_count":0,"footnotes":""},"categories":[1],"tags":[235,132,90],"class_list":["post-7878","post","type-post","status-publish","format-standard","hentry","category-general","tag-5ea21-22","tag-musica","tag-nascuts2011"],"post_mailing_queue_ids":[],"_links":{"self":[{"href":"https:\/\/agora.xtec.cat\/escolapauvila\/wp-json\/wp\/v2\/posts\/7878","targetHints":{"allow":["GET"]}}],"collection":[{"href":"https:\/\/agora.xtec.cat\/escolapauvila\/wp-json\/wp\/v2\/posts"}],"about":[{"href":"https:\/\/agora.xtec.cat\/escolapauvila\/wp-json\/wp\/v2\/types\/post"}],"author":[{"embeddable":true,"href":"https:\/\/agora.xtec.cat\/escolapauvila\/wp-json\/wp\/v2\/users\/1"}],"replies":[{"embeddable":true,"href":"https:\/\/agora.xtec.cat\/escolapauvila\/wp-json\/wp\/v2\/comments?post=7878"}],"version-history":[{"count":1,"href":"https:\/\/agora.xtec.cat\/escolapauvila\/wp-json\/wp\/v2\/posts\/7878\/revisions"}],"predecessor-version":[{"id":7879,"href":"https:\/\/agora.xtec.cat\/escolapauvila\/wp-json\/wp\/v2\/posts\/7878\/revisions\/7879"}],"wp:attachment":[{"href":"https:\/\/agora.xtec.cat\/escolapauvila\/wp-json\/wp\/v2\/media?parent=7878"}],"wp:term":[{"taxonomy":"category","embeddable":true,"href":"https:\/\/agora.xtec.cat\/escolapauvila\/wp-json\/wp\/v2\/categories?post=7878"},{"taxonomy":"post_tag","embeddable":true,"href":"https:\/\/agora.xtec.cat\/escolapauvila\/wp-json\/wp\/v2\/tags?post=7878"}],"curies":[{"name":"wp","href":"https:\/\/api.w.org\/{rel}","templated":true}]}}