{"id":7874,"date":"2022-01-26T10:57:37","date_gmt":"2022-01-26T09:57:37","guid":{"rendered":"https:\/\/agora.xtec.cat\/escolapauvila\/?p=7874"},"modified":"2022-01-26T10:58:50","modified_gmt":"2022-01-26T09:58:50","slug":"amic-invisible","status":"publish","type":"post","link":"https:\/\/agora.xtec.cat\/escolapauvila\/general\/amic-invisible\/","title":{"rendered":"AMIC INVISIBLE"},"content":{"rendered":"<p>Hola pauvilers i pauvileres, avui us portem una nova not\u00edcia.<\/p>\n<p>Tracta sobre l&#8217;amic invisible! Sabeu que \u00e9s l&#8217;amic invisible?<\/p>\n<p>Doncs nosaltres us ho explicarem, \u00e9s un regal que es fa la gent per nadal, ha de ser un regal fet a m\u00e0.<\/p>\n<p>Es diu amic invisible perqu\u00e8 a la persona a qui li fas no sap que li fas t\u00fa i t\u00fa no saps qui tu fa.<\/p>\n<p>Aqu\u00ed a l&#8217;escola el fem el dia 22\/12\/2021<\/p>\n<p><iframe loading=\"lazy\" src=\"\/\/giphy.com\/embed\/3oz8xBkRsgPTnbK1GM\" width=\"480\" height=\"480\" frameborder=\"0\" allowfullscreen=\"allowfullscreen\"><\/iframe><\/p>\n<p>&nbsp;<\/p>\n<p>Aqu\u00ed us deixem alguns dels regals dels nostres amics invisibles!<\/p>\n<p><a href=\"https:\/\/photos.app.goo.gl\/ZqtdVxYZXLMbwKns5\">https:\/\/photos.app.goo.gl\/ZqtdVxYZXLMbwKns5<\/a><\/p>\n<p>&nbsp;<\/p>\n<p>&nbsp;<\/p>\n","protected":false},"excerpt":{"rendered":"<p>Hola pauvilers i pauvileres, avui us portem una nova not\u00edcia.<br \/>\nTracta sobre l&#8217;amic invisible! Sabeu que \u00e9s l&#8217;amic invisible?<br \/>\nDoncs nosaltres us ho explicarem, \u00e9s un regal que es fa la gent per nadal, ha de ser un regal fet a m\u00e0.<br \/>\nEs diu amic invisible perqu\u00e8 a&hellip;  <a href=\"https:\/\/agora.xtec.cat\/escolapauvila\/general\/amic-invisible\/\" title=\"Read AMIC INVISIBLE\">Llegeix m\u00e9s\u00bb<\/a><\/p>\n","protected":false},"author":1,"featured_media":0,"comment_status":"open","ping_status":"closed","sticky":false,"template":"","format":"standard","meta":{"_bbp_topic_count":0,"_bbp_reply_count":0,"_bbp_total_topic_count":0,"_bbp_total_reply_count":0,"_bbp_voice_count":0,"_bbp_anonymous_reply_count":0,"_bbp_topic_count_hidden":0,"_bbp_reply_count_hidden":0,"_bbp_forum_subforum_count":0,"footnotes":""},"categories":[1],"tags":[235,236,90],"class_list":["post-7874","post","type-post","status-publish","format-standard","hentry","category-general","tag-5ea21-22","tag-la-classe-dels-comics","tag-nascuts2011"],"post_mailing_queue_ids":[],"_links":{"self":[{"href":"https:\/\/agora.xtec.cat\/escolapauvila\/wp-json\/wp\/v2\/posts\/7874","targetHints":{"allow":["GET"]}}],"collection":[{"href":"https:\/\/agora.xtec.cat\/escolapauvila\/wp-json\/wp\/v2\/posts"}],"about":[{"href":"https:\/\/agora.xtec.cat\/escolapauvila\/wp-json\/wp\/v2\/types\/post"}],"author":[{"embeddable":true,"href":"https:\/\/agora.xtec.cat\/escolapauvila\/wp-json\/wp\/v2\/users\/1"}],"replies":[{"embeddable":true,"href":"https:\/\/agora.xtec.cat\/escolapauvila\/wp-json\/wp\/v2\/comments?post=7874"}],"version-history":[{"count":2,"href":"https:\/\/agora.xtec.cat\/escolapauvila\/wp-json\/wp\/v2\/posts\/7874\/revisions"}],"predecessor-version":[{"id":7876,"href":"https:\/\/agora.xtec.cat\/escolapauvila\/wp-json\/wp\/v2\/posts\/7874\/revisions\/7876"}],"wp:attachment":[{"href":"https:\/\/agora.xtec.cat\/escolapauvila\/wp-json\/wp\/v2\/media?parent=7874"}],"wp:term":[{"taxonomy":"category","embeddable":true,"href":"https:\/\/agora.xtec.cat\/escolapauvila\/wp-json\/wp\/v2\/categories?post=7874"},{"taxonomy":"post_tag","embeddable":true,"href":"https:\/\/agora.xtec.cat\/escolapauvila\/wp-json\/wp\/v2\/tags?post=7874"}],"curies":[{"name":"wp","href":"https:\/\/api.w.org\/{rel}","templated":true}]}}