{"id":7863,"date":"2022-01-23T11:21:41","date_gmt":"2022-01-23T10:21:41","guid":{"rendered":"https:\/\/agora.xtec.cat\/escolapauvila\/?p=7863"},"modified":"2022-01-23T11:21:41","modified_gmt":"2022-01-23T10:21:41","slug":"avancem-en-ladquisicio-de-la-lectura-i-lescriptura","status":"publish","type":"post","link":"https:\/\/agora.xtec.cat\/escolapauvila\/general\/avancem-en-ladquisicio-de-la-lectura-i-lescriptura\/","title":{"rendered":"AVANCEM EN L&#8217;ADQUISICI\u00d3 DE LA LECTURA I L&#8217;ESCRIPTURA"},"content":{"rendered":"<p>HOLA FAM\u00cdLIES!<\/p>\n<p>JA HEM COME\u00c7AT EL SEGON TRIMESTRE I COM QUE ENS ANEM FENT GRANS ANEM ASSOLIT NOUS REPTES. DURANT AQUESTA SETMANA HEM INTRODU\u00cfT EL FET DE COPIAR LA DATA A LES NOSTRES FEINES. D&#8217;AQUESTA MANERA TREBALLEM L&#8217;ESCRIPTURA I EL RECONEIXEMENT DEL NOM DELS DIES DE LA SETMANA.<\/p>\n<p><a href=\"https:\/\/agora.xtec.cat\/escolapauvila\/wp-content\/uploads\/usu1565\/2022\/01\/IMG_6218-rotated.jpg\"><img loading=\"lazy\" decoding=\"async\" class=\" wp-image-7864 aligncenter\" src=\"https:\/\/agora.xtec.cat\/escolapauvila\/wp-content\/uploads\/usu1565\/2022\/01\/IMG_6218-rotated.jpg\" alt=\"\" width=\"362\" height=\"483\" srcset=\"https:\/\/agora.xtec.cat\/escolapauvila\/wp-content\/uploads\/usu1565\/2022\/01\/IMG_6218-rotated.jpg 480w, https:\/\/agora.xtec.cat\/escolapauvila\/wp-content\/uploads\/usu1565\/2022\/01\/IMG_6218-225x300.jpg 225w\" sizes=\"auto, (max-width: 362px) 100vw, 362px\" \/><\/a><\/p>\n<p>LA DATA LA COPIEM A SOTA DEL NOSTRE NOM, SEMPRE A LA MATEIXA PART DEL FULL. AIX\u00d2 ENS FACILITA SABER EN LA DIRECCI\u00d3 QUE HEM D&#8217;ESCRIURE I FA QUE HAGUEM D&#8217;ADAPTAR LA NOSTRA LLETRA A LES CONSIGNES DONADES. HEM D&#8217;INTENTAR FER LLETRES NO MASSA GRANS.<\/p>\n<p>TAMB\u00c9 TREBALLEM EL RECONEIXEMENT DE PARAULES MITJAN\u00c7ANT LA DISCRIMINACI\u00d3 FON\u00c8TICA D&#8217;ALGUNES DE LES SEVES LLETRES (NORMALMENT LA PRIMERA GRAFIA ENS SERVEIX DE REFER\u00c8NCIA).<\/p>\n<p><a href=\"https:\/\/agora.xtec.cat\/escolapauvila\/wp-content\/uploads\/usu1565\/2022\/01\/IMG_6216.jpg\"><img loading=\"lazy\" decoding=\"async\" class=\" wp-image-7865 aligncenter\" src=\"https:\/\/agora.xtec.cat\/escolapauvila\/wp-content\/uploads\/usu1565\/2022\/01\/IMG_6216.jpg\" alt=\"\" width=\"358\" height=\"268\" srcset=\"https:\/\/agora.xtec.cat\/escolapauvila\/wp-content\/uploads\/usu1565\/2022\/01\/IMG_6216.jpg 640w, https:\/\/agora.xtec.cat\/escolapauvila\/wp-content\/uploads\/usu1565\/2022\/01\/IMG_6216-300x225.jpg 300w, https:\/\/agora.xtec.cat\/escolapauvila\/wp-content\/uploads\/usu1565\/2022\/01\/IMG_6216-200x150.jpg 200w\" sizes=\"auto, (max-width: 358px) 100vw, 358px\" \/><\/a><\/p>\n<p>EL FET DE COMPARAR PARAULES I IDENTIFICAR A QU\u00c8 ES REFEREIXEN TAMB\u00c9 ENS AJUDA A FER UN PAS M\u00c9S I COMEN\u00c7AR A FER ASSOCIACIONS ENTRE LA CORRESPOND\u00c8NCIA ENTRE ELS SONS I LES GRAFIES.<\/p>\n<p><a href=\"https:\/\/agora.xtec.cat\/escolapauvila\/wp-content\/uploads\/usu1565\/2022\/01\/1642777556840.jpg\"><img loading=\"lazy\" decoding=\"async\" class=\"wp-image-7867 aligncenter\" src=\"https:\/\/agora.xtec.cat\/escolapauvila\/wp-content\/uploads\/usu1565\/2022\/01\/1642777556840.jpg\" alt=\"\" width=\"413\" height=\"214\" srcset=\"https:\/\/agora.xtec.cat\/escolapauvila\/wp-content\/uploads\/usu1565\/2022\/01\/1642777556840.jpg 764w, https:\/\/agora.xtec.cat\/escolapauvila\/wp-content\/uploads\/usu1565\/2022\/01\/1642777556840-300x155.jpg 300w\" sizes=\"auto, (max-width: 413px) 100vw, 413px\" \/><\/a><\/p>\n","protected":false},"excerpt":{"rendered":"<p>HOLA FAM\u00cdLIES!<br \/>\nJA HEM COME\u00c7AT EL SEGON TRIMESTRE I COM QUE ENS ANEM FENT GRANS ANEM ASSOLIT NOUS REPTES. DURANT AQUESTA SETMANA HEM INTRODU\u00cfT EL FET DE COPIAR LA DATA A LES NOSTRES FEINES. D&#8217;AQUESTA MANERA TREBALLEM L&#8217;ESCRIPTURA I EL RECONEIXEMENT DEL NOM DELS DIES DE&hellip;  <a href=\"https:\/\/agora.xtec.cat\/escolapauvila\/general\/avancem-en-ladquisicio-de-la-lectura-i-lescriptura\/\" title=\"Read AVANCEM EN L&#8217;ADQUISICI\u00d3 DE LA LECTURA I L&#8217;ESCRIPTURA\">Llegeix m\u00e9s\u00bb<\/a><\/p>\n","protected":false},"author":60,"featured_media":7864,"comment_status":"open","ping_status":"closed","sticky":false,"template":"","format":"standard","meta":{"_bbp_topic_count":0,"_bbp_reply_count":0,"_bbp_total_topic_count":0,"_bbp_total_reply_count":0,"_bbp_voice_count":0,"_bbp_anonymous_reply_count":0,"_bbp_topic_count_hidden":0,"_bbp_reply_count_hidden":0,"_bbp_forum_subforum_count":0,"footnotes":""},"categories":[2,8,1,166],"tags":[198,199,214,213,97,164,165],"class_list":["post-7863","post","type-post","status-publish","format-standard","has-post-thumbnail","hentry","category-petits","category-ei4","category-general","category-projecte-educatiu","tag-ei4a21-22","tag-ei4b21-22","tag-la-classe-dels-ericons","tag-la-classe-dels-pinguins","tag-nascuts2017","tag-pec","tag-projecte-educatiu"],"post_mailing_queue_ids":[],"_links":{"self":[{"href":"https:\/\/agora.xtec.cat\/escolapauvila\/wp-json\/wp\/v2\/posts\/7863","targetHints":{"allow":["GET"]}}],"collection":[{"href":"https:\/\/agora.xtec.cat\/escolapauvila\/wp-json\/wp\/v2\/posts"}],"about":[{"href":"https:\/\/agora.xtec.cat\/escolapauvila\/wp-json\/wp\/v2\/types\/post"}],"author":[{"embeddable":true,"href":"https:\/\/agora.xtec.cat\/escolapauvila\/wp-json\/wp\/v2\/users\/60"}],"replies":[{"embeddable":true,"href":"https:\/\/agora.xtec.cat\/escolapauvila\/wp-json\/wp\/v2\/comments?post=7863"}],"version-history":[{"count":2,"href":"https:\/\/agora.xtec.cat\/escolapauvila\/wp-json\/wp\/v2\/posts\/7863\/revisions"}],"predecessor-version":[{"id":7869,"href":"https:\/\/agora.xtec.cat\/escolapauvila\/wp-json\/wp\/v2\/posts\/7863\/revisions\/7869"}],"wp:featuredmedia":[{"embeddable":true,"href":"https:\/\/agora.xtec.cat\/escolapauvila\/wp-json\/wp\/v2\/media\/7864"}],"wp:attachment":[{"href":"https:\/\/agora.xtec.cat\/escolapauvila\/wp-json\/wp\/v2\/media?parent=7863"}],"wp:term":[{"taxonomy":"category","embeddable":true,"href":"https:\/\/agora.xtec.cat\/escolapauvila\/wp-json\/wp\/v2\/categories?post=7863"},{"taxonomy":"post_tag","embeddable":true,"href":"https:\/\/agora.xtec.cat\/escolapauvila\/wp-json\/wp\/v2\/tags?post=7863"}],"curies":[{"name":"wp","href":"https:\/\/api.w.org\/{rel}","templated":true}]}}