{"id":7829,"date":"2022-02-07T08:46:14","date_gmt":"2022-02-07T07:46:14","guid":{"rendered":"https:\/\/agora.xtec.cat\/escolapauvila\/?p=7829"},"modified":"2022-01-12T08:59:58","modified_gmt":"2022-01-12T07:59:58","slug":"fem-un-planisferi","status":"publish","type":"post","link":"https:\/\/agora.xtec.cat\/escolapauvila\/mitjans\/fem-un-planisferi\/","title":{"rendered":"Fem un planisferi"},"content":{"rendered":"<p><span style=\"font-weight: 400;\">El passat divendres 17 de desembre els nens i nenes de 3rA i B vam gaudir d&#8217;un Taller Estel.lar. <\/span><\/p>\n<p><span style=\"font-weight: 400;\">Vam venir a la classe a dos experts i ens van explicar moltes curiositats estel.lars.<\/span><\/p>\n\n\t\t<style type=\"text\/css\">\n\t\t\t#gallery-1 {\n\t\t\t\tmargin: auto;\n\t\t\t}\n\t\t\t#gallery-1 .gallery-item {\n\t\t\t\tfloat: left;\n\t\t\t\tmargin-top: 10px;\n\t\t\t\ttext-align: center;\n\t\t\t\twidth: 33%;\n\t\t\t}\n\t\t\t#gallery-1 img {\n\t\t\t\tborder: 2px solid #cfcfcf;\n\t\t\t}\n\t\t\t#gallery-1 .gallery-caption {\n\t\t\t\tmargin-left: 0;\n\t\t\t}\n\t\t\t\/* see gallery_shortcode() in wp-includes\/media.php *\/\n\t\t<\/style>\n\t\t<div id='gallery-1' class='gallery galleryid-7829 gallery-columns-3 gallery-size-large'><dl class='gallery-item'>\n\t\t\t<dt class='gallery-icon landscape'>\n\t\t\t\t<a href='https:\/\/agora.xtec.cat\/escolapauvila\/mitjans\/fem-un-planisferi\/attachment\/captura-de-pantalla-2022-01-12-a-les-8-53-53\/'><img loading=\"lazy\" decoding=\"async\" width=\"1024\" height=\"766\" src=\"https:\/\/agora.xtec.cat\/escolapauvila\/wp-content\/uploads\/usu1565\/2022\/01\/Captura-de-Pantalla-2022-01-12-a-les-8.53.53-1024x766.jpg\" class=\"attachment-large size-large\" alt=\"\" srcset=\"https:\/\/agora.xtec.cat\/escolapauvila\/wp-content\/uploads\/usu1565\/2022\/01\/Captura-de-Pantalla-2022-01-12-a-les-8.53.53-1024x766.jpg 1024w, https:\/\/agora.xtec.cat\/escolapauvila\/wp-content\/uploads\/usu1565\/2022\/01\/Captura-de-Pantalla-2022-01-12-a-les-8.53.53-300x224.jpg 300w, https:\/\/agora.xtec.cat\/escolapauvila\/wp-content\/uploads\/usu1565\/2022\/01\/Captura-de-Pantalla-2022-01-12-a-les-8.53.53-768x574.jpg 768w, https:\/\/agora.xtec.cat\/escolapauvila\/wp-content\/uploads\/usu1565\/2022\/01\/Captura-de-Pantalla-2022-01-12-a-les-8.53.53-1536x1149.jpg 1536w, https:\/\/agora.xtec.cat\/escolapauvila\/wp-content\/uploads\/usu1565\/2022\/01\/Captura-de-Pantalla-2022-01-12-a-les-8.53.53-2048x1532.jpg 2048w, https:\/\/agora.xtec.cat\/escolapauvila\/wp-content\/uploads\/usu1565\/2022\/01\/Captura-de-Pantalla-2022-01-12-a-les-8.53.53-200x150.jpg 200w\" sizes=\"auto, (max-width: 1024px) 100vw, 1024px\" \/><\/a>\n\t\t\t<\/dt><\/dl><dl class='gallery-item'>\n\t\t\t<dt class='gallery-icon landscape'>\n\t\t\t\t<a href='https:\/\/agora.xtec.cat\/escolapauvila\/mitjans\/fem-un-planisferi\/attachment\/captura-de-pantalla-2022-01-12-a-les-8-56-06\/'><img loading=\"lazy\" decoding=\"async\" width=\"1024\" height=\"758\" src=\"https:\/\/agora.xtec.cat\/escolapauvila\/wp-content\/uploads\/usu1565\/2022\/01\/Captura-de-Pantalla-2022-01-12-a-les-8.56.06-1024x758.jpg\" class=\"attachment-large size-large\" alt=\"\" srcset=\"https:\/\/agora.xtec.cat\/escolapauvila\/wp-content\/uploads\/usu1565\/2022\/01\/Captura-de-Pantalla-2022-01-12-a-les-8.56.06-1024x758.jpg 1024w, https:\/\/agora.xtec.cat\/escolapauvila\/wp-content\/uploads\/usu1565\/2022\/01\/Captura-de-Pantalla-2022-01-12-a-les-8.56.06-300x222.jpg 300w, https:\/\/agora.xtec.cat\/escolapauvila\/wp-content\/uploads\/usu1565\/2022\/01\/Captura-de-Pantalla-2022-01-12-a-les-8.56.06-768x568.jpg 768w, https:\/\/agora.xtec.cat\/escolapauvila\/wp-content\/uploads\/usu1565\/2022\/01\/Captura-de-Pantalla-2022-01-12-a-les-8.56.06-1536x1137.jpg 1536w, https:\/\/agora.xtec.cat\/escolapauvila\/wp-content\/uploads\/usu1565\/2022\/01\/Captura-de-Pantalla-2022-01-12-a-les-8.56.06.jpg 1670w\" sizes=\"auto, (max-width: 1024px) 100vw, 1024px\" \/><\/a>\n\t\t\t<\/dt><\/dl><dl class='gallery-item'>\n\t\t\t<dt class='gallery-icon landscape'>\n\t\t\t\t<a href='https:\/\/agora.xtec.cat\/escolapauvila\/mitjans\/fem-un-planisferi\/attachment\/captura-de-pantalla-2022-01-12-a-les-8-54-03\/'><img loading=\"lazy\" decoding=\"async\" width=\"1024\" height=\"759\" src=\"https:\/\/agora.xtec.cat\/escolapauvila\/wp-content\/uploads\/usu1565\/2022\/01\/Captura-de-Pantalla-2022-01-12-a-les-8.54.03-1024x759.jpg\" class=\"attachment-large size-large\" alt=\"\" srcset=\"https:\/\/agora.xtec.cat\/escolapauvila\/wp-content\/uploads\/usu1565\/2022\/01\/Captura-de-Pantalla-2022-01-12-a-les-8.54.03-1024x759.jpg 1024w, https:\/\/agora.xtec.cat\/escolapauvila\/wp-content\/uploads\/usu1565\/2022\/01\/Captura-de-Pantalla-2022-01-12-a-les-8.54.03-300x222.jpg 300w, https:\/\/agora.xtec.cat\/escolapauvila\/wp-content\/uploads\/usu1565\/2022\/01\/Captura-de-Pantalla-2022-01-12-a-les-8.54.03-768x569.jpg 768w, https:\/\/agora.xtec.cat\/escolapauvila\/wp-content\/uploads\/usu1565\/2022\/01\/Captura-de-Pantalla-2022-01-12-a-les-8.54.03-1536x1138.jpg 1536w, https:\/\/agora.xtec.cat\/escolapauvila\/wp-content\/uploads\/usu1565\/2022\/01\/Captura-de-Pantalla-2022-01-12-a-les-8.54.03-2048x1518.jpg 2048w\" sizes=\"auto, (max-width: 1024px) 100vw, 1024px\" \/><\/a>\n\t\t\t<\/dt><\/dl><br style=\"clear: both\" \/>\n\t\t<\/div>\n\n<p><span style=\"font-weight: 400;\">Tamb\u00e9 vam poder observar el sol a trav\u00e9s d\u00b4un telescopi i vam crear un planisferi.<\/span><\/p>\n<p><span style=\"font-weight: 400;\">Vam gaudir molt aprenent a trav\u00e9s de l\u00b4experimentaci\u00f3 i de la creaci\u00f3 pr\u00f2pia de materials.<\/span><\/p>\n\n\t\t<style type=\"text\/css\">\n\t\t\t#gallery-2 {\n\t\t\t\tmargin: auto;\n\t\t\t}\n\t\t\t#gallery-2 .gallery-item {\n\t\t\t\tfloat: left;\n\t\t\t\tmargin-top: 10px;\n\t\t\t\ttext-align: center;\n\t\t\t\twidth: 20%;\n\t\t\t}\n\t\t\t#gallery-2 img {\n\t\t\t\tborder: 2px solid #cfcfcf;\n\t\t\t}\n\t\t\t#gallery-2 .gallery-caption {\n\t\t\t\tmargin-left: 0;\n\t\t\t}\n\t\t\t\/* see gallery_shortcode() in wp-includes\/media.php *\/\n\t\t<\/style>\n\t\t<div id='gallery-2' class='gallery galleryid-7829 gallery-columns-5 gallery-size-large'><dl class='gallery-item'>\n\t\t\t<dt class='gallery-icon landscape'>\n\t\t\t\t<a href='https:\/\/agora.xtec.cat\/escolapauvila\/mitjans\/fem-un-planisferi\/attachment\/captura-de-pantalla-2022-01-12-a-les-8-54-14\/'><img loading=\"lazy\" decoding=\"async\" width=\"856\" height=\"614\" src=\"https:\/\/agora.xtec.cat\/escolapauvila\/wp-content\/uploads\/usu1565\/2022\/01\/Captura-de-Pantalla-2022-01-12-a-les-8.54.14.png\" class=\"attachment-large size-large\" alt=\"\" srcset=\"https:\/\/agora.xtec.cat\/escolapauvila\/wp-content\/uploads\/usu1565\/2022\/01\/Captura-de-Pantalla-2022-01-12-a-les-8.54.14.png 856w, https:\/\/agora.xtec.cat\/escolapauvila\/wp-content\/uploads\/usu1565\/2022\/01\/Captura-de-Pantalla-2022-01-12-a-les-8.54.14-300x215.png 300w, https:\/\/agora.xtec.cat\/escolapauvila\/wp-content\/uploads\/usu1565\/2022\/01\/Captura-de-Pantalla-2022-01-12-a-les-8.54.14-768x551.png 768w\" sizes=\"auto, (max-width: 856px) 100vw, 856px\" \/><\/a>\n\t\t\t<\/dt><\/dl><dl class='gallery-item'>\n\t\t\t<dt class='gallery-icon landscape'>\n\t\t\t\t<a href='https:\/\/agora.xtec.cat\/escolapauvila\/mitjans\/fem-un-planisferi\/attachment\/captura-de-pantalla-2022-01-12-a-les-8-54-28\/'><img loading=\"lazy\" decoding=\"async\" width=\"848\" height=\"638\" src=\"https:\/\/agora.xtec.cat\/escolapauvila\/wp-content\/uploads\/usu1565\/2022\/01\/Captura-de-Pantalla-2022-01-12-a-les-8.54.28.png\" class=\"attachment-large size-large\" alt=\"\" srcset=\"https:\/\/agora.xtec.cat\/escolapauvila\/wp-content\/uploads\/usu1565\/2022\/01\/Captura-de-Pantalla-2022-01-12-a-les-8.54.28.png 848w, https:\/\/agora.xtec.cat\/escolapauvila\/wp-content\/uploads\/usu1565\/2022\/01\/Captura-de-Pantalla-2022-01-12-a-les-8.54.28-300x226.png 300w, https:\/\/agora.xtec.cat\/escolapauvila\/wp-content\/uploads\/usu1565\/2022\/01\/Captura-de-Pantalla-2022-01-12-a-les-8.54.28-768x578.png 768w, https:\/\/agora.xtec.cat\/escolapauvila\/wp-content\/uploads\/usu1565\/2022\/01\/Captura-de-Pantalla-2022-01-12-a-les-8.54.28-200x150.png 200w\" sizes=\"auto, (max-width: 848px) 100vw, 848px\" \/><\/a>\n\t\t\t<\/dt><\/dl><dl class='gallery-item'>\n\t\t\t<dt class='gallery-icon landscape'>\n\t\t\t\t<a href='https:\/\/agora.xtec.cat\/escolapauvila\/mitjans\/fem-un-planisferi\/attachment\/captura-de-pantalla-2022-01-12-a-les-8-54-37\/'><img loading=\"lazy\" decoding=\"async\" width=\"784\" height=\"546\" src=\"https:\/\/agora.xtec.cat\/escolapauvila\/wp-content\/uploads\/usu1565\/2022\/01\/Captura-de-Pantalla-2022-01-12-a-les-8.54.37.png\" class=\"attachment-large size-large\" alt=\"\" srcset=\"https:\/\/agora.xtec.cat\/escolapauvila\/wp-content\/uploads\/usu1565\/2022\/01\/Captura-de-Pantalla-2022-01-12-a-les-8.54.37.png 784w, https:\/\/agora.xtec.cat\/escolapauvila\/wp-content\/uploads\/usu1565\/2022\/01\/Captura-de-Pantalla-2022-01-12-a-les-8.54.37-300x209.png 300w, https:\/\/agora.xtec.cat\/escolapauvila\/wp-content\/uploads\/usu1565\/2022\/01\/Captura-de-Pantalla-2022-01-12-a-les-8.54.37-768x535.png 768w\" sizes=\"auto, (max-width: 784px) 100vw, 784px\" \/><\/a>\n\t\t\t<\/dt><\/dl><dl class='gallery-item'>\n\t\t\t<dt class='gallery-icon landscape'>\n\t\t\t\t<a href='https:\/\/agora.xtec.cat\/escolapauvila\/mitjans\/fem-un-planisferi\/attachment\/captura-de-pantalla-2022-01-12-a-les-8-54-41\/'><img loading=\"lazy\" decoding=\"async\" width=\"760\" height=\"552\" src=\"https:\/\/agora.xtec.cat\/escolapauvila\/wp-content\/uploads\/usu1565\/2022\/01\/Captura-de-Pantalla-2022-01-12-a-les-8.54.41.png\" class=\"attachment-large size-large\" alt=\"\" srcset=\"https:\/\/agora.xtec.cat\/escolapauvila\/wp-content\/uploads\/usu1565\/2022\/01\/Captura-de-Pantalla-2022-01-12-a-les-8.54.41.png 760w, https:\/\/agora.xtec.cat\/escolapauvila\/wp-content\/uploads\/usu1565\/2022\/01\/Captura-de-Pantalla-2022-01-12-a-les-8.54.41-300x218.png 300w\" sizes=\"auto, (max-width: 760px) 100vw, 760px\" \/><\/a>\n\t\t\t<\/dt><\/dl><dl class='gallery-item'>\n\t\t\t<dt class='gallery-icon landscape'>\n\t\t\t\t<a href='https:\/\/agora.xtec.cat\/escolapauvila\/mitjans\/fem-un-planisferi\/attachment\/captura-de-pantalla-2022-01-12-a-les-8-54-45\/'><img loading=\"lazy\" decoding=\"async\" width=\"700\" height=\"546\" src=\"https:\/\/agora.xtec.cat\/escolapauvila\/wp-content\/uploads\/usu1565\/2022\/01\/Captura-de-Pantalla-2022-01-12-a-les-8.54.45.png\" class=\"attachment-large size-large\" alt=\"\" srcset=\"https:\/\/agora.xtec.cat\/escolapauvila\/wp-content\/uploads\/usu1565\/2022\/01\/Captura-de-Pantalla-2022-01-12-a-les-8.54.45.png 700w, https:\/\/agora.xtec.cat\/escolapauvila\/wp-content\/uploads\/usu1565\/2022\/01\/Captura-de-Pantalla-2022-01-12-a-les-8.54.45-300x234.png 300w\" sizes=\"auto, (max-width: 700px) 100vw, 700px\" \/><\/a>\n\t\t\t<\/dt><\/dl><br style=\"clear: both\" \/>\n\t\t<\/div>\n\n<p><a href=\"https:\/\/photos.app.goo.gl\/8cbq1x79B65bUYcY9\">Aqu\u00ed<\/a> podeu veure m\u00e9s imatges.<\/p>\n","protected":false},"excerpt":{"rendered":"<p>El passat divendres 17 de desembre els nens i nenes de 3rA i B vam gaudir d&#8217;un Taller Estel.lar.<br \/>\nVam venir a la classe a dos experts i ens van explicar moltes curiositats estel.lars.<\/p>\n<p>\t\t\t#gallery-3 {<br \/>\n\t\t\t\tmargin: auto;<br \/>\n\t\t\t}<br \/>\n\t\t\t#gallery-3 .gallery-item {<br \/>\n\t\t\t\tfloat: left;<br \/>\n\t\t\t\tmargin-top: 10px;<br \/>\n\t\t\t\ttext-align: center;<br \/>\n\t\t\t\twidth: 33%;<br \/>\n\t\t\t}<br \/>\n\t\t\t#gallery-3 img {<br \/>\n\t\t\t\tborder: 2px&hellip;  <a href=\"https:\/\/agora.xtec.cat\/escolapauvila\/mitjans\/fem-un-planisferi\/\" title=\"Read Fem un planisferi\">Llegeix m\u00e9s\u00bb<\/a><\/p>\n","protected":false},"author":1,"featured_media":0,"comment_status":"open","ping_status":"closed","sticky":false,"template":"","format":"standard","meta":{"_bbp_topic_count":0,"_bbp_reply_count":0,"_bbp_total_topic_count":0,"_bbp_total_reply_count":0,"_bbp_voice_count":0,"_bbp_anonymous_reply_count":0,"_bbp_topic_count_hidden":0,"_bbp_reply_count_hidden":0,"_bbp_forum_subforum_count":0,"footnotes":""},"categories":[12,5],"tags":[],"class_list":["post-7829","post","type-post","status-publish","format-standard","hentry","category-3r","category-mitjans"],"post_mailing_queue_ids":[],"_links":{"self":[{"href":"https:\/\/agora.xtec.cat\/escolapauvila\/wp-json\/wp\/v2\/posts\/7829","targetHints":{"allow":["GET"]}}],"collection":[{"href":"https:\/\/agora.xtec.cat\/escolapauvila\/wp-json\/wp\/v2\/posts"}],"about":[{"href":"https:\/\/agora.xtec.cat\/escolapauvila\/wp-json\/wp\/v2\/types\/post"}],"author":[{"embeddable":true,"href":"https:\/\/agora.xtec.cat\/escolapauvila\/wp-json\/wp\/v2\/users\/1"}],"replies":[{"embeddable":true,"href":"https:\/\/agora.xtec.cat\/escolapauvila\/wp-json\/wp\/v2\/comments?post=7829"}],"version-history":[{"count":2,"href":"https:\/\/agora.xtec.cat\/escolapauvila\/wp-json\/wp\/v2\/posts\/7829\/revisions"}],"predecessor-version":[{"id":7839,"href":"https:\/\/agora.xtec.cat\/escolapauvila\/wp-json\/wp\/v2\/posts\/7829\/revisions\/7839"}],"wp:attachment":[{"href":"https:\/\/agora.xtec.cat\/escolapauvila\/wp-json\/wp\/v2\/media?parent=7829"}],"wp:term":[{"taxonomy":"category","embeddable":true,"href":"https:\/\/agora.xtec.cat\/escolapauvila\/wp-json\/wp\/v2\/categories?post=7829"},{"taxonomy":"post_tag","embeddable":true,"href":"https:\/\/agora.xtec.cat\/escolapauvila\/wp-json\/wp\/v2\/tags?post=7829"}],"curies":[{"name":"wp","href":"https:\/\/api.w.org\/{rel}","templated":true}]}}