{"id":7799,"date":"2022-01-10T18:13:23","date_gmt":"2022-01-10T17:13:23","guid":{"rendered":"https:\/\/agora.xtec.cat\/escolapauvila\/?p=7799"},"modified":"2022-01-12T09:45:09","modified_gmt":"2022-01-12T08:45:09","slug":"a-3r-ens-caga-el-tio-i-venen-els-reis","status":"publish","type":"post","link":"https:\/\/agora.xtec.cat\/escolapauvila\/mitjans\/a-3r-ens-caga-el-tio-i-venen-els-reis\/","title":{"rendered":"A 3r ens caga el Ti\u00f3 i venen els Reis!"},"content":{"rendered":"<p><span style=\"font-weight: 400;\">El passat\u00a0 dimecres 22 de desembre la classe del Zod\u00edac i la classe de l&#8217;Electricitat vam gaudir de la visita del TI\u00d3\u00a0 que ens va cagar diferents regals; llibres per la classe i tamb\u00e9 un bon esmorzar de xocolata i pa. Despr\u00e9s vam gaudir tots plegats i vam acomiadar-nos d&#8217;aquest primer trimestre.<\/span><\/p>\n<p><span style=\"font-weight: 400;\">GR\u00c0CIES TI\u00d3!!!<\/span><\/p>\n<div id='gallery-1' class='gallery galleryid-7799 gallery-columns-2 gallery-size-large'><figure class='gallery-item'>\n\t\t\t<div class='gallery-icon landscape'>\n\t\t\t\t<a href='https:\/\/agora.xtec.cat\/escolapauvila\/mitjans\/a-3r-ens-caga-el-tio-i-venen-els-reis\/attachment\/captura-de-pantalla-2022-01-10-a-les-18-06-14\/'><img loading=\"lazy\" decoding=\"async\" width=\"1024\" height=\"771\" src=\"https:\/\/agora.xtec.cat\/escolapauvila\/wp-content\/uploads\/usu1565\/2022\/01\/Captura-de-Pantalla-2022-01-10-a-les-18.06.14-1024x771.jpg\" class=\"attachment-large size-large\" alt=\"\" srcset=\"https:\/\/agora.xtec.cat\/escolapauvila\/wp-content\/uploads\/usu1565\/2022\/01\/Captura-de-Pantalla-2022-01-10-a-les-18.06.14-1024x771.jpg 1024w, https:\/\/agora.xtec.cat\/escolapauvila\/wp-content\/uploads\/usu1565\/2022\/01\/Captura-de-Pantalla-2022-01-10-a-les-18.06.14-300x226.jpg 300w, https:\/\/agora.xtec.cat\/escolapauvila\/wp-content\/uploads\/usu1565\/2022\/01\/Captura-de-Pantalla-2022-01-10-a-les-18.06.14-768x578.jpg 768w, https:\/\/agora.xtec.cat\/escolapauvila\/wp-content\/uploads\/usu1565\/2022\/01\/Captura-de-Pantalla-2022-01-10-a-les-18.06.14-1536x1156.jpg 1536w, https:\/\/agora.xtec.cat\/escolapauvila\/wp-content\/uploads\/usu1565\/2022\/01\/Captura-de-Pantalla-2022-01-10-a-les-18.06.14-200x150.jpg 200w, https:\/\/agora.xtec.cat\/escolapauvila\/wp-content\/uploads\/usu1565\/2022\/01\/Captura-de-Pantalla-2022-01-10-a-les-18.06.14.jpg 1764w\" sizes=\"auto, (max-width: 1024px) 100vw, 1024px\" \/><\/a>\n\t\t\t<\/div><\/figure><figure class='gallery-item'>\n\t\t\t<div class='gallery-icon landscape'>\n\t\t\t\t<a href='https:\/\/agora.xtec.cat\/escolapauvila\/mitjans\/a-3r-ens-caga-el-tio-i-venen-els-reis\/attachment\/captura-de-pantalla-2022-01-10-a-les-18-06-38\/'><img loading=\"lazy\" decoding=\"async\" width=\"1024\" height=\"749\" src=\"https:\/\/agora.xtec.cat\/escolapauvila\/wp-content\/uploads\/usu1565\/2022\/01\/Captura-de-Pantalla-2022-01-10-a-les-18.06.38-1024x749.jpg\" class=\"attachment-large size-large\" alt=\"\" srcset=\"https:\/\/agora.xtec.cat\/escolapauvila\/wp-content\/uploads\/usu1565\/2022\/01\/Captura-de-Pantalla-2022-01-10-a-les-18.06.38-1024x749.jpg 1024w, https:\/\/agora.xtec.cat\/escolapauvila\/wp-content\/uploads\/usu1565\/2022\/01\/Captura-de-Pantalla-2022-01-10-a-les-18.06.38-300x219.jpg 300w, https:\/\/agora.xtec.cat\/escolapauvila\/wp-content\/uploads\/usu1565\/2022\/01\/Captura-de-Pantalla-2022-01-10-a-les-18.06.38-768x562.jpg 768w, https:\/\/agora.xtec.cat\/escolapauvila\/wp-content\/uploads\/usu1565\/2022\/01\/Captura-de-Pantalla-2022-01-10-a-les-18.06.38-1536x1124.jpg 1536w, https:\/\/agora.xtec.cat\/escolapauvila\/wp-content\/uploads\/usu1565\/2022\/01\/Captura-de-Pantalla-2022-01-10-a-les-18.06.38.jpg 1728w\" sizes=\"auto, (max-width: 1024px) 100vw, 1024px\" \/><\/a>\n\t\t\t<\/div><\/figure><figure class='gallery-item'>\n\t\t\t<div class='gallery-icon landscape'>\n\t\t\t\t<a href='https:\/\/agora.xtec.cat\/escolapauvila\/mitjans\/a-3r-ens-caga-el-tio-i-venen-els-reis\/attachment\/captura-de-pantalla-2022-01-10-a-les-18-07-08\/'><img loading=\"lazy\" decoding=\"async\" width=\"1024\" height=\"718\" src=\"https:\/\/agora.xtec.cat\/escolapauvila\/wp-content\/uploads\/usu1565\/2022\/01\/Captura-de-Pantalla-2022-01-10-a-les-18.07.08-1024x718.jpg\" class=\"attachment-large size-large\" alt=\"\" srcset=\"https:\/\/agora.xtec.cat\/escolapauvila\/wp-content\/uploads\/usu1565\/2022\/01\/Captura-de-Pantalla-2022-01-10-a-les-18.07.08-1024x718.jpg 1024w, https:\/\/agora.xtec.cat\/escolapauvila\/wp-content\/uploads\/usu1565\/2022\/01\/Captura-de-Pantalla-2022-01-10-a-les-18.07.08-300x210.jpg 300w, https:\/\/agora.xtec.cat\/escolapauvila\/wp-content\/uploads\/usu1565\/2022\/01\/Captura-de-Pantalla-2022-01-10-a-les-18.07.08-768x539.jpg 768w, https:\/\/agora.xtec.cat\/escolapauvila\/wp-content\/uploads\/usu1565\/2022\/01\/Captura-de-Pantalla-2022-01-10-a-les-18.07.08-1536x1077.jpg 1536w, https:\/\/agora.xtec.cat\/escolapauvila\/wp-content\/uploads\/usu1565\/2022\/01\/Captura-de-Pantalla-2022-01-10-a-les-18.07.08.jpg 1714w\" sizes=\"auto, (max-width: 1024px) 100vw, 1024px\" \/><\/a>\n\t\t\t<\/div><\/figure><figure class='gallery-item'>\n\t\t\t<div class='gallery-icon landscape'>\n\t\t\t\t<a href='https:\/\/agora.xtec.cat\/escolapauvila\/mitjans\/a-3r-ens-caga-el-tio-i-venen-els-reis\/attachment\/sense-nom\/'><img loading=\"lazy\" decoding=\"async\" width=\"1024\" height=\"735\" src=\"https:\/\/agora.xtec.cat\/escolapauvila\/wp-content\/uploads\/usu1565\/2022\/01\/sense-nom-1024x735.jpg\" class=\"attachment-large size-large\" alt=\"\" srcset=\"https:\/\/agora.xtec.cat\/escolapauvila\/wp-content\/uploads\/usu1565\/2022\/01\/sense-nom-1024x735.jpg 1024w, https:\/\/agora.xtec.cat\/escolapauvila\/wp-content\/uploads\/usu1565\/2022\/01\/sense-nom-300x215.jpg 300w, https:\/\/agora.xtec.cat\/escolapauvila\/wp-content\/uploads\/usu1565\/2022\/01\/sense-nom-768x551.jpg 768w, https:\/\/agora.xtec.cat\/escolapauvila\/wp-content\/uploads\/usu1565\/2022\/01\/sense-nom-1536x1102.jpg 1536w, https:\/\/agora.xtec.cat\/escolapauvila\/wp-content\/uploads\/usu1565\/2022\/01\/sense-nom-2048x1470.jpg 2048w\" sizes=\"auto, (max-width: 1024px) 100vw, 1024px\" \/><\/a>\n\t\t\t<\/div><\/figure>\n\t\t<\/div>\n\n<p><span style=\"font-weight: 400;\">Avui, 10 de Gener ens hem trobat una bona sorpresa a l\u2019arribar a la classe, hi havia molts regals! Despr\u00e9s de parlar una mica sobre les nostres vacances de nadal, els hem obert i hem descobert que tenim uns reis que ens han portat jocs matem\u00e0tics i ling\u00fc\u00edstics\u2026 \u00bfperqu\u00e8 ser\u00e0?<\/span><\/p>\n<p>GR\u00c0CIES REIS!!<\/p>\n<div id='gallery-2' class='gallery galleryid-7799 gallery-columns-2 gallery-size-large'><figure class='gallery-item'>\n\t\t\t<div class='gallery-icon landscape'>\n\t\t\t\t<a href='https:\/\/agora.xtec.cat\/escolapauvila\/mitjans\/a-3r-ens-caga-el-tio-i-venen-els-reis\/attachment\/captura-de-pantalla-2022-01-10-a-les-18-03-23\/'><img loading=\"lazy\" decoding=\"async\" width=\"1024\" height=\"839\" src=\"https:\/\/agora.xtec.cat\/escolapauvila\/wp-content\/uploads\/usu1565\/2022\/01\/Captura-de-Pantalla-2022-01-10-a-les-18.03.23-1024x839.jpg\" class=\"attachment-large size-large\" alt=\"\" srcset=\"https:\/\/agora.xtec.cat\/escolapauvila\/wp-content\/uploads\/usu1565\/2022\/01\/Captura-de-Pantalla-2022-01-10-a-les-18.03.23-1024x839.jpg 1024w, https:\/\/agora.xtec.cat\/escolapauvila\/wp-content\/uploads\/usu1565\/2022\/01\/Captura-de-Pantalla-2022-01-10-a-les-18.03.23-300x246.jpg 300w, https:\/\/agora.xtec.cat\/escolapauvila\/wp-content\/uploads\/usu1565\/2022\/01\/Captura-de-Pantalla-2022-01-10-a-les-18.03.23-768x629.jpg 768w, https:\/\/agora.xtec.cat\/escolapauvila\/wp-content\/uploads\/usu1565\/2022\/01\/Captura-de-Pantalla-2022-01-10-a-les-18.03.23-1536x1259.jpg 1536w, https:\/\/agora.xtec.cat\/escolapauvila\/wp-content\/uploads\/usu1565\/2022\/01\/Captura-de-Pantalla-2022-01-10-a-les-18.03.23-2048x1679.jpg 2048w\" sizes=\"auto, (max-width: 1024px) 100vw, 1024px\" \/><\/a>\n\t\t\t<\/div><\/figure><figure class='gallery-item'>\n\t\t\t<div class='gallery-icon landscape'>\n\t\t\t\t<a href='https:\/\/agora.xtec.cat\/escolapauvila\/mitjans\/a-3r-ens-caga-el-tio-i-venen-els-reis\/attachment\/captura-de-pantalla-2022-01-10-a-les-18-11-50\/'><img loading=\"lazy\" decoding=\"async\" width=\"1024\" height=\"781\" src=\"https:\/\/agora.xtec.cat\/escolapauvila\/wp-content\/uploads\/usu1565\/2022\/01\/Captura-de-Pantalla-2022-01-10-a-les-18.11.50-1024x781.jpg\" class=\"attachment-large size-large\" alt=\"\" srcset=\"https:\/\/agora.xtec.cat\/escolapauvila\/wp-content\/uploads\/usu1565\/2022\/01\/Captura-de-Pantalla-2022-01-10-a-les-18.11.50-1024x781.jpg 1024w, https:\/\/agora.xtec.cat\/escolapauvila\/wp-content\/uploads\/usu1565\/2022\/01\/Captura-de-Pantalla-2022-01-10-a-les-18.11.50-300x229.jpg 300w, https:\/\/agora.xtec.cat\/escolapauvila\/wp-content\/uploads\/usu1565\/2022\/01\/Captura-de-Pantalla-2022-01-10-a-les-18.11.50-768x586.jpg 768w, https:\/\/agora.xtec.cat\/escolapauvila\/wp-content\/uploads\/usu1565\/2022\/01\/Captura-de-Pantalla-2022-01-10-a-les-18.11.50-1536x1172.jpg 1536w, https:\/\/agora.xtec.cat\/escolapauvila\/wp-content\/uploads\/usu1565\/2022\/01\/Captura-de-Pantalla-2022-01-10-a-les-18.11.50.jpg 1722w\" sizes=\"auto, (max-width: 1024px) 100vw, 1024px\" \/><\/a>\n\t\t\t<\/div><\/figure><figure class='gallery-item'>\n\t\t\t<div class='gallery-icon portrait'>\n\t\t\t\t<a href='https:\/\/agora.xtec.cat\/escolapauvila\/mitjans\/a-3r-ens-caga-el-tio-i-venen-els-reis\/attachment\/captura-de-pantalla-2022-01-10-a-les-18-02-56\/'><img loading=\"lazy\" decoding=\"async\" width=\"828\" height=\"1024\" src=\"https:\/\/agora.xtec.cat\/escolapauvila\/wp-content\/uploads\/usu1565\/2022\/01\/Captura-de-Pantalla-2022-01-10-a-les-18.02.56-828x1024.jpg\" class=\"attachment-large size-large\" alt=\"\" srcset=\"https:\/\/agora.xtec.cat\/escolapauvila\/wp-content\/uploads\/usu1565\/2022\/01\/Captura-de-Pantalla-2022-01-10-a-les-18.02.56-828x1024.jpg 828w, https:\/\/agora.xtec.cat\/escolapauvila\/wp-content\/uploads\/usu1565\/2022\/01\/Captura-de-Pantalla-2022-01-10-a-les-18.02.56-243x300.jpg 243w, https:\/\/agora.xtec.cat\/escolapauvila\/wp-content\/uploads\/usu1565\/2022\/01\/Captura-de-Pantalla-2022-01-10-a-les-18.02.56-768x950.jpg 768w, https:\/\/agora.xtec.cat\/escolapauvila\/wp-content\/uploads\/usu1565\/2022\/01\/Captura-de-Pantalla-2022-01-10-a-les-18.02.56-1242x1536.jpg 1242w, https:\/\/agora.xtec.cat\/escolapauvila\/wp-content\/uploads\/usu1565\/2022\/01\/Captura-de-Pantalla-2022-01-10-a-les-18.02.56.jpg 1302w\" sizes=\"auto, (max-width: 828px) 100vw, 828px\" \/><\/a>\n\t\t\t<\/div><\/figure><figure class='gallery-item'>\n\t\t\t<div class='gallery-icon landscape'>\n\t\t\t\t<a href='https:\/\/agora.xtec.cat\/escolapauvila\/mitjans\/a-3r-ens-caga-el-tio-i-venen-els-reis\/attachment\/captura-de-pantalla-2022-01-10-a-les-18-01-52\/'><img loading=\"lazy\" decoding=\"async\" width=\"1024\" height=\"937\" src=\"https:\/\/agora.xtec.cat\/escolapauvila\/wp-content\/uploads\/usu1565\/2022\/01\/Captura-de-Pantalla-2022-01-10-a-les-18.01.52-1024x937.jpg\" class=\"attachment-large size-large\" alt=\"\" srcset=\"https:\/\/agora.xtec.cat\/escolapauvila\/wp-content\/uploads\/usu1565\/2022\/01\/Captura-de-Pantalla-2022-01-10-a-les-18.01.52-1024x937.jpg 1024w, https:\/\/agora.xtec.cat\/escolapauvila\/wp-content\/uploads\/usu1565\/2022\/01\/Captura-de-Pantalla-2022-01-10-a-les-18.01.52-300x275.jpg 300w, https:\/\/agora.xtec.cat\/escolapauvila\/wp-content\/uploads\/usu1565\/2022\/01\/Captura-de-Pantalla-2022-01-10-a-les-18.01.52-768x703.jpg 768w, https:\/\/agora.xtec.cat\/escolapauvila\/wp-content\/uploads\/usu1565\/2022\/01\/Captura-de-Pantalla-2022-01-10-a-les-18.01.52-1536x1406.jpg 1536w, https:\/\/agora.xtec.cat\/escolapauvila\/wp-content\/uploads\/usu1565\/2022\/01\/Captura-de-Pantalla-2022-01-10-a-les-18.01.52.jpg 1986w\" sizes=\"auto, (max-width: 1024px) 100vw, 1024px\" \/><\/a>\n\t\t\t<\/div><\/figure><figure class='gallery-item'>\n\t\t\t<div class='gallery-icon landscape'>\n\t\t\t\t<a href='https:\/\/agora.xtec.cat\/escolapauvila\/mitjans\/a-3r-ens-caga-el-tio-i-venen-els-reis\/attachment\/captura-de-pantalla-2022-01-10-a-les-18-03-35\/'><img loading=\"lazy\" decoding=\"async\" width=\"1024\" height=\"743\" src=\"https:\/\/agora.xtec.cat\/escolapauvila\/wp-content\/uploads\/usu1565\/2022\/01\/Captura-de-Pantalla-2022-01-10-a-les-18.03.35-1024x743.jpg\" class=\"attachment-large size-large\" alt=\"\" srcset=\"https:\/\/agora.xtec.cat\/escolapauvila\/wp-content\/uploads\/usu1565\/2022\/01\/Captura-de-Pantalla-2022-01-10-a-les-18.03.35-1024x743.jpg 1024w, https:\/\/agora.xtec.cat\/escolapauvila\/wp-content\/uploads\/usu1565\/2022\/01\/Captura-de-Pantalla-2022-01-10-a-les-18.03.35-300x218.jpg 300w, https:\/\/agora.xtec.cat\/escolapauvila\/wp-content\/uploads\/usu1565\/2022\/01\/Captura-de-Pantalla-2022-01-10-a-les-18.03.35-768x557.jpg 768w, https:\/\/agora.xtec.cat\/escolapauvila\/wp-content\/uploads\/usu1565\/2022\/01\/Captura-de-Pantalla-2022-01-10-a-les-18.03.35-1536x1114.jpg 1536w, https:\/\/agora.xtec.cat\/escolapauvila\/wp-content\/uploads\/usu1565\/2022\/01\/Captura-de-Pantalla-2022-01-10-a-les-18.03.35-2048x1485.jpg 2048w\" sizes=\"auto, (max-width: 1024px) 100vw, 1024px\" \/><\/a>\n\t\t\t<\/div><\/figure><figure class='gallery-item'>\n\t\t\t<div class='gallery-icon portrait'>\n\t\t\t\t<a href='https:\/\/agora.xtec.cat\/escolapauvila\/mitjans\/a-3r-ens-caga-el-tio-i-venen-els-reis\/attachment\/captura-de-pantalla-2022-01-10-a-les-18-03-09\/'><img loading=\"lazy\" decoding=\"async\" width=\"832\" height=\"1024\" src=\"https:\/\/agora.xtec.cat\/escolapauvila\/wp-content\/uploads\/usu1565\/2022\/01\/Captura-de-Pantalla-2022-01-10-a-les-18.03.09-832x1024.jpg\" class=\"attachment-large size-large\" alt=\"\" srcset=\"https:\/\/agora.xtec.cat\/escolapauvila\/wp-content\/uploads\/usu1565\/2022\/01\/Captura-de-Pantalla-2022-01-10-a-les-18.03.09-832x1024.jpg 832w, https:\/\/agora.xtec.cat\/escolapauvila\/wp-content\/uploads\/usu1565\/2022\/01\/Captura-de-Pantalla-2022-01-10-a-les-18.03.09-244x300.jpg 244w, https:\/\/agora.xtec.cat\/escolapauvila\/wp-content\/uploads\/usu1565\/2022\/01\/Captura-de-Pantalla-2022-01-10-a-les-18.03.09-768x945.jpg 768w, https:\/\/agora.xtec.cat\/escolapauvila\/wp-content\/uploads\/usu1565\/2022\/01\/Captura-de-Pantalla-2022-01-10-a-les-18.03.09-1249x1536.jpg 1249w, https:\/\/agora.xtec.cat\/escolapauvila\/wp-content\/uploads\/usu1565\/2022\/01\/Captura-de-Pantalla-2022-01-10-a-les-18.03.09.jpg 1364w\" sizes=\"auto, (max-width: 832px) 100vw, 832px\" \/><\/a>\n\t\t\t<\/div><\/figure>\n\t\t<\/div>\n\n<p>A continuaci\u00f3 us deixem m\u00e9s\u00a0<a href=\"https:\/\/photos.app.goo.gl\/bpdXcmEmwjMUyy6w6\">IMATGES <\/a>.<\/p>\n","protected":false},"excerpt":{"rendered":"<p>El passat\u00a0 dimecres 22 de desembre la classe del Zod\u00edac i la classe de l&#8217;Electricitat vam gaudir de la visita del TI\u00d3\u00a0 que ens va cagar diferents regals; llibres per la classe i tamb\u00e9 un bon esmorzar de xocolata i pa. Despr\u00e9s vam gaudir tots plegats i vam acomiadar-nos d&#8217;aquest primer trimestre. GR\u00c0CIES TI\u00d3!!! Avui, [&hellip;]<\/p>\n","protected":false},"author":1,"featured_media":7807,"comment_status":"open","ping_status":"closed","sticky":false,"template":"","format":"standard","meta":{"site-sidebar-layout":"default","site-content-layout":"","ast-site-content-layout":"","site-content-style":"default","site-sidebar-style":"default","ast-global-header-display":"","ast-banner-title-visibility":"","ast-main-header-display":"","ast-hfb-above-header-display":"","ast-hfb-below-header-display":"","ast-hfb-mobile-header-display":"","site-post-title":"","ast-breadcrumbs-content":"","ast-featured-img":"","footer-sml-layout":"","theme-transparent-header-meta":"","adv-header-id-meta":"","stick-header-meta":"","header-above-stick-meta":"","header-main-stick-meta":"","header-below-stick-meta":"","astra-migrate-meta-layouts":"default","ast-page-background-enabled":"default","ast-page-background-meta":{"desktop":{"background-color":"var(--ast-global-color-4)","background-image":"","background-repeat":"repeat","background-position":"center center","background-size":"auto","background-attachment":"scroll","background-type":"","background-media":"","overlay-type":"","overlay-color":"","overlay-opacity":"","overlay-gradient":""},"tablet":{"background-color":"","background-image":"","background-repeat":"repeat","background-position":"center center","background-size":"auto","background-attachment":"scroll","background-type":"","background-media":"","overlay-type":"","overlay-color":"","overlay-opacity":"","overlay-gradient":""},"mobile":{"background-color":"","background-image":"","background-repeat":"repeat","background-position":"center center","background-size":"auto","background-attachment":"scroll","background-type":"","background-media":"","overlay-type":"","overlay-color":"","overlay-opacity":"","overlay-gradient":""}},"ast-content-background-meta":{"desktop":{"background-color":"var(--ast-global-color-5)","background-image":"","background-repeat":"repeat","background-position":"center center","background-size":"auto","background-attachment":"scroll","background-type":"","background-media":"","overlay-type":"","overlay-color":"","overlay-opacity":"","overlay-gradient":""},"tablet":{"background-color":"var(--ast-global-color-5)","background-image":"","background-repeat":"repeat","background-position":"center center","background-size":"auto","background-attachment":"scroll","background-type":"","background-media":"","overlay-type":"","overlay-color":"","overlay-opacity":"","overlay-gradient":""},"mobile":{"background-color":"var(--ast-global-color-5)","background-image":"","background-repeat":"repeat","background-position":"center center","background-size":"auto","background-attachment":"scroll","background-type":"","background-media":"","overlay-type":"","overlay-color":"","overlay-opacity":"","overlay-gradient":""}},"footnotes":""},"categories":[12,5],"tags":[201,202,81],"class_list":["post-7799","post","type-post","status-publish","format-standard","has-post-thumbnail","hentry","category-3r","category-mitjans","tag-3a21-22","tag-3b21-22","tag-nascuts2013"],"post_mailing_queue_ids":[],"_links":{"self":[{"href":"https:\/\/agora.xtec.cat\/escolapauvila\/wp-json\/wp\/v2\/posts\/7799","targetHints":{"allow":["GET"]}}],"collection":[{"href":"https:\/\/agora.xtec.cat\/escolapauvila\/wp-json\/wp\/v2\/posts"}],"about":[{"href":"https:\/\/agora.xtec.cat\/escolapauvila\/wp-json\/wp\/v2\/types\/post"}],"author":[{"embeddable":true,"href":"https:\/\/agora.xtec.cat\/escolapauvila\/wp-json\/wp\/v2\/users\/1"}],"replies":[{"embeddable":true,"href":"https:\/\/agora.xtec.cat\/escolapauvila\/wp-json\/wp\/v2\/comments?post=7799"}],"version-history":[{"count":3,"href":"https:\/\/agora.xtec.cat\/escolapauvila\/wp-json\/wp\/v2\/posts\/7799\/revisions"}],"predecessor-version":[{"id":7813,"href":"https:\/\/agora.xtec.cat\/escolapauvila\/wp-json\/wp\/v2\/posts\/7799\/revisions\/7813"}],"wp:featuredmedia":[{"embeddable":true,"href":"https:\/\/agora.xtec.cat\/escolapauvila\/wp-json\/wp\/v2\/media\/7807"}],"wp:attachment":[{"href":"https:\/\/agora.xtec.cat\/escolapauvila\/wp-json\/wp\/v2\/media?parent=7799"}],"wp:term":[{"taxonomy":"category","embeddable":true,"href":"https:\/\/agora.xtec.cat\/escolapauvila\/wp-json\/wp\/v2\/categories?post=7799"},{"taxonomy":"post_tag","embeddable":true,"href":"https:\/\/agora.xtec.cat\/escolapauvila\/wp-json\/wp\/v2\/tags?post=7799"}],"curies":[{"name":"wp","href":"https:\/\/api.w.org\/{rel}","templated":true}]}}