{"id":7764,"date":"2021-12-22T15:00:27","date_gmt":"2021-12-22T14:00:27","guid":{"rendered":"https:\/\/agora.xtec.cat\/escolapauvila\/?p=7764"},"modified":"2021-12-22T15:05:02","modified_gmt":"2021-12-22T14:05:02","slug":"el-tio","status":"publish","type":"post","link":"https:\/\/agora.xtec.cat\/escolapauvila\/general\/el-tio\/","title":{"rendered":"EL TI\u00d3"},"content":{"rendered":"<p>DURANT AQUESTS DIES QUE HEM ESTAT CONFINATS A L&#8217;ESCOLA, ELS NENS I NENES DE <strong><span style=\"color: #000000;\"><span style=\"font-size: 20px;\">4<\/span> I <span style=\"font-size: 20px;\">5<\/span> ANYS<\/span><\/strong> HAN ALIMENTAT D\u2019ALL\u00d2 M\u00c9S B\u00c9 ALS <span style=\"font-size: 24px;\"><strong><span style=\"color: #ff0000;\">T<\/span>IONS<\/strong><\/span>. LI HAN AGRADAT MOLT LES PELLS DE LES <strong><span style=\"color: #ff0000;\">M<\/span>ANDARINES<\/strong> I DELS <strong><span style=\"color: #ff0000;\">P<\/span>L\u00c0TANS<\/strong>!<\/p>\n<p><a href=\"https:\/\/agora.xtec.cat\/escolapauvila\/wp-content\/uploads\/usu1565\/2021\/12\/IMG_3525-1536x2048-1.jpg\"><img loading=\"lazy\" decoding=\"async\" class=\"alignnone size-large wp-image-7765\" src=\"https:\/\/agora.xtec.cat\/escolapauvila\/wp-content\/uploads\/usu1565\/2021\/12\/IMG_3525-1536x2048-1-768x1024.jpg\" alt=\"\" width=\"768\" height=\"1024\" srcset=\"https:\/\/agora.xtec.cat\/escolapauvila\/wp-content\/uploads\/usu1565\/2021\/12\/IMG_3525-1536x2048-1-768x1024.jpg 768w, https:\/\/agora.xtec.cat\/escolapauvila\/wp-content\/uploads\/usu1565\/2021\/12\/IMG_3525-1536x2048-1-225x300.jpg 225w, https:\/\/agora.xtec.cat\/escolapauvila\/wp-content\/uploads\/usu1565\/2021\/12\/IMG_3525-1536x2048-1-1152x1536.jpg 1152w, https:\/\/agora.xtec.cat\/escolapauvila\/wp-content\/uploads\/usu1565\/2021\/12\/IMG_3525-1536x2048-1.jpg 1536w\" sizes=\"auto, (max-width: 768px) 100vw, 768px\" \/><\/a><\/p>\n<p>AVUI ELS NENS I NENES QUE HEM ESTAT A L&#8217;ESCOLA HEM <strong>CAGAT EL <span style=\"font-size: 24px;\"><span style=\"color: #ff0000;\">T<\/span>I\u00d3<\/span><\/strong> DE PART DE TOTS ELS NENS I NENES DE LA CLASSE DELS <strong><span style=\"color: #000000;\"><span style=\"font-size: 24px;\"><span style=\"color: #ff0000;\">C<\/span>OLORS<\/span> I DE LES <span style=\"font-size: 24px;\"><span style=\"color: #ff0000;\">LL<\/span>UMS.<\/span><\/span><\/strong><\/p>\n<p><a href=\"https:\/\/agora.xtec.cat\/escolapauvila\/wp-content\/uploads\/usu1565\/2021\/12\/IMG_1329-scaled.jpg\"><img loading=\"lazy\" decoding=\"async\" class=\"alignnone size-large wp-image-7766\" src=\"https:\/\/agora.xtec.cat\/escolapauvila\/wp-content\/uploads\/usu1565\/2021\/12\/IMG_1329-1024x768.jpg\" alt=\"\" width=\"1024\" height=\"768\" srcset=\"https:\/\/agora.xtec.cat\/escolapauvila\/wp-content\/uploads\/usu1565\/2021\/12\/IMG_1329-1024x768.jpg 1024w, https:\/\/agora.xtec.cat\/escolapauvila\/wp-content\/uploads\/usu1565\/2021\/12\/IMG_1329-300x225.jpg 300w, https:\/\/agora.xtec.cat\/escolapauvila\/wp-content\/uploads\/usu1565\/2021\/12\/IMG_1329-768x576.jpg 768w, https:\/\/agora.xtec.cat\/escolapauvila\/wp-content\/uploads\/usu1565\/2021\/12\/IMG_1329-1536x1152.jpg 1536w, https:\/\/agora.xtec.cat\/escolapauvila\/wp-content\/uploads\/usu1565\/2021\/12\/IMG_1329-2048x1536.jpg 2048w, https:\/\/agora.xtec.cat\/escolapauvila\/wp-content\/uploads\/usu1565\/2021\/12\/IMG_1329-200x150.jpg 200w\" sizes=\"auto, (max-width: 1024px) 100vw, 1024px\" \/><\/a><\/p>\n<p>ENS HA CAGAT UNS BONS\u00a0<span style=\"font-size: 20px;\"><strong><span style=\"color: #ff0000;\">C<\/span>ONTES<\/strong><\/span> QUE ENS AGRADEN MOLT, I UN DELICI\u00d3S ESMORZAR DE <span style=\"font-size: 20px;\"><strong><span style=\"color: #ff0000;\">P<\/span>A<\/strong><\/span> AMB <strong><span style=\"font-size: 20px;\"><span style=\"color: #ff0000;\">X<\/span>OCOLATA<\/span>!<\/strong><\/p>\n<p>US DESITGEM QUE GAUDIU D&#8217;AQUESTS DIES DE NADAL!<\/p>\n<p style=\"text-align: justify;\"><span style=\"color: #ff0000; font-size: 28px;\"><strong>BONES FESTES!!!<\/strong><\/span><\/p>\n<p>&nbsp;<\/p>\n","protected":false},"excerpt":{"rendered":"<p>DURANT AQUESTS DIES QUE HEM ESTAT CONFINATS A L&#8217;ESCOLA, ELS NENS I NENES DE 4 I 5 ANYS HAN ALIMENTAT D\u2019ALL\u00d2 M\u00c9S B\u00c9 ALS TIONS. LI HAN AGRADAT MOLT LES PELLS DE LES MANDARINES I DELS PL\u00c0TANS!<br \/>\n<a href=\"https:\/\/agora.xtec.cat\/escolapauvila\/wp-content\/uploads\/usu1565\/2021\/12\/IMG_3525-1536x2048-1.jpg\"><\/a><br \/>\nAVUI ELS NENS I NENES QUE HEM ESTAT&hellip;  <a href=\"https:\/\/agora.xtec.cat\/escolapauvila\/general\/el-tio\/\" title=\"Read EL TI\u00d3\">Llegeix m\u00e9s\u00bb<\/a><\/p>\n","protected":false},"author":1,"featured_media":4504,"comment_status":"open","ping_status":"closed","sticky":false,"template":"","format":"standard","meta":{"_bbp_topic_count":0,"_bbp_reply_count":0,"_bbp_total_topic_count":0,"_bbp_total_reply_count":0,"_bbp_voice_count":0,"_bbp_anonymous_reply_count":0,"_bbp_topic_count_hidden":0,"_bbp_reply_count_hidden":0,"_bbp_forum_subforum_count":0,"footnotes":""},"categories":[2,3,1],"tags":[211,212,210],"class_list":["post-7764","post","type-post","status-publish","format-standard","has-post-thumbnail","hentry","category-petits","category-ei3","category-general","tag-ei3a21-22","tag-ei3b21-22","tag-nascuts2018"],"post_mailing_queue_ids":[],"_links":{"self":[{"href":"https:\/\/agora.xtec.cat\/escolapauvila\/wp-json\/wp\/v2\/posts\/7764","targetHints":{"allow":["GET"]}}],"collection":[{"href":"https:\/\/agora.xtec.cat\/escolapauvila\/wp-json\/wp\/v2\/posts"}],"about":[{"href":"https:\/\/agora.xtec.cat\/escolapauvila\/wp-json\/wp\/v2\/types\/post"}],"author":[{"embeddable":true,"href":"https:\/\/agora.xtec.cat\/escolapauvila\/wp-json\/wp\/v2\/users\/1"}],"replies":[{"embeddable":true,"href":"https:\/\/agora.xtec.cat\/escolapauvila\/wp-json\/wp\/v2\/comments?post=7764"}],"version-history":[{"count":3,"href":"https:\/\/agora.xtec.cat\/escolapauvila\/wp-json\/wp\/v2\/posts\/7764\/revisions"}],"predecessor-version":[{"id":7770,"href":"https:\/\/agora.xtec.cat\/escolapauvila\/wp-json\/wp\/v2\/posts\/7764\/revisions\/7770"}],"wp:featuredmedia":[{"embeddable":true,"href":"https:\/\/agora.xtec.cat\/escolapauvila\/wp-json\/wp\/v2\/media\/4504"}],"wp:attachment":[{"href":"https:\/\/agora.xtec.cat\/escolapauvila\/wp-json\/wp\/v2\/media?parent=7764"}],"wp:term":[{"taxonomy":"category","embeddable":true,"href":"https:\/\/agora.xtec.cat\/escolapauvila\/wp-json\/wp\/v2\/categories?post=7764"},{"taxonomy":"post_tag","embeddable":true,"href":"https:\/\/agora.xtec.cat\/escolapauvila\/wp-json\/wp\/v2\/tags?post=7764"}],"curies":[{"name":"wp","href":"https:\/\/api.w.org\/{rel}","templated":true}]}}