{"id":7758,"date":"2021-12-22T14:17:55","date_gmt":"2021-12-22T13:17:55","guid":{"rendered":"https:\/\/agora.xtec.cat\/escolapauvila\/?p=7758"},"modified":"2022-02-17T15:32:14","modified_gmt":"2022-02-17T14:32:14","slug":"caga-tio","status":"publish","type":"post","link":"https:\/\/agora.xtec.cat\/escolapauvila\/general\/caga-tio\/","title":{"rendered":"CAGA TI\u00d3&#8230;"},"content":{"rendered":"<p>DURANT AQUESTS DIES HEM ALIMENTAT D&#8217;ALL\u00d2 M\u00c9S B\u00c9 ALS <strong><span style=\"font-size: 24px;\"><span style=\"color: #ff0000;\">T<\/span>IONS<\/span><\/strong>. HEM VIST QUE LI AGRADEN MOLT LES PELLS DE LES <strong><span style=\"font-size: 24px;\"><span style=\"color: #ff0000;\">M<\/span>ANDARINES<\/span><\/strong> I DELS <strong><span style=\"font-size: 24px;\"><span style=\"color: #ff0000;\">P<\/span>L\u00c0TANS<\/span><\/strong>!<\/p>\n<p><a href=\"https:\/\/agora.xtec.cat\/escolapauvila\/wp-content\/uploads\/usu1565\/2021\/12\/IMG_3525-scaled.jpg\"><img loading=\"lazy\" decoding=\"async\" class=\"alignnone size-large wp-image-7759\" src=\"https:\/\/agora.xtec.cat\/escolapauvila\/wp-content\/uploads\/usu1565\/2021\/12\/IMG_3525-768x1024.jpg\" alt=\"\" width=\"768\" height=\"1024\" srcset=\"https:\/\/agora.xtec.cat\/escolapauvila\/wp-content\/uploads\/usu1565\/2021\/12\/IMG_3525-768x1024.jpg 768w, https:\/\/agora.xtec.cat\/escolapauvila\/wp-content\/uploads\/usu1565\/2021\/12\/IMG_3525-225x300.jpg 225w, https:\/\/agora.xtec.cat\/escolapauvila\/wp-content\/uploads\/usu1565\/2021\/12\/IMG_3525-1152x1536.jpg 1152w, https:\/\/agora.xtec.cat\/escolapauvila\/wp-content\/uploads\/usu1565\/2021\/12\/IMG_3525-1536x2048.jpg 1536w, https:\/\/agora.xtec.cat\/escolapauvila\/wp-content\/uploads\/usu1565\/2021\/12\/IMG_3525-scaled.jpg 1920w\" sizes=\"auto, (max-width: 768px) 100vw, 768px\" \/><\/a><\/p>\n<p>AIX\u00cd QUE UN COP HA ESTAT BEN TIP, HEM ANAT A PICAR I SORPRESA, ENS HA CAGAT UNS BONS <span style=\"font-size: 24px;\"><strong><span style=\"color: #ff0000;\">LL<\/span>IBRES<\/strong><\/span> I <strong><span style=\"font-size: 24px;\"><span style=\"color: #ff0000;\">C<\/span>ONTES<\/span><\/strong> QUE ENS AGRADEN MOLT, I UN DELICI\u00d3S ESMORZAR DE <strong><span style=\"font-size: 24px;\"><span style=\"color: #ff0000;\">P<\/span>A<\/span><\/strong> AMB <strong><span style=\"font-size: 24px;\"><span style=\"color: #ff0000;\">X<\/span>OCOLATA<\/span><\/strong>.<\/p>\n<p><a href=\"https:\/\/agora.xtec.cat\/escolapauvila\/wp-content\/uploads\/usu1565\/2021\/12\/IMG_1212-scaled.jpg\"><img loading=\"lazy\" decoding=\"async\" class=\"alignnone size-large wp-image-7780\" src=\"https:\/\/agora.xtec.cat\/escolapauvila\/wp-content\/uploads\/usu1565\/2021\/12\/IMG_1212-1024x768.jpg\" alt=\"\" width=\"1024\" height=\"768\" srcset=\"https:\/\/agora.xtec.cat\/escolapauvila\/wp-content\/uploads\/usu1565\/2021\/12\/IMG_1212-1024x768.jpg 1024w, https:\/\/agora.xtec.cat\/escolapauvila\/wp-content\/uploads\/usu1565\/2021\/12\/IMG_1212-300x225.jpg 300w, https:\/\/agora.xtec.cat\/escolapauvila\/wp-content\/uploads\/usu1565\/2021\/12\/IMG_1212-768x576.jpg 768w, https:\/\/agora.xtec.cat\/escolapauvila\/wp-content\/uploads\/usu1565\/2021\/12\/IMG_1212-1536x1152.jpg 1536w, https:\/\/agora.xtec.cat\/escolapauvila\/wp-content\/uploads\/usu1565\/2021\/12\/IMG_1212-2048x1536.jpg 2048w, https:\/\/agora.xtec.cat\/escolapauvila\/wp-content\/uploads\/usu1565\/2021\/12\/IMG_1212-200x150.jpg 200w\" sizes=\"auto, (max-width: 1024px) 100vw, 1024px\" \/><\/a><\/p>\n<p>AQUESTS DIES ABANS DE MARXAR DE VACANCES HEM ESCRIT LA CARTA ALS REIS. PRIMER CADA GRUP HA PENSAT QUINS OBJECTES, MATERIALS O JOGUINES NECESSITEM A L&#8217;ESCOLA, PER COMPARTIR ENTRE TOTS I TOTES. UN COP HEM TINGUT LA CARTA ELABORADA, ENS HEM TROBAT ELS <strong><span style=\"font-size: 24px;\"><span style=\"color: #ff0000;\">S<\/span>URICATES<\/span><\/strong> I ELS <strong><span style=\"font-size: 24px;\"><span style=\"color: #ff0000;\">A<\/span>RCS DE <span style=\"color: #ff0000;\">S<\/span>ANT <span style=\"color: #ff0000;\">M<\/span>ART\u00cd<\/span> <\/strong>PER COMPARTIR LES DEMANDES QUE LI FEM ALS REIS. FINALMENT HEM ACORDAT DEIXAR LA CARTA AL VEST\u00cdBUL, AIX\u00cd LA PODRAN LLEGIR QUAN VINGUIN A L&#8217;ESCOLA.<\/p>\n<p><a href=\"https:\/\/agora.xtec.cat\/escolapauvila\/wp-content\/uploads\/usu1565\/2021\/12\/IMG_3992-scaled.jpg\"><img loading=\"lazy\" decoding=\"async\" class=\"alignnone size-large wp-image-7760\" src=\"https:\/\/agora.xtec.cat\/escolapauvila\/wp-content\/uploads\/usu1565\/2021\/12\/IMG_3992-1024x554.jpg\" alt=\"\" width=\"1024\" height=\"554\" srcset=\"https:\/\/agora.xtec.cat\/escolapauvila\/wp-content\/uploads\/usu1565\/2021\/12\/IMG_3992-1024x554.jpg 1024w, https:\/\/agora.xtec.cat\/escolapauvila\/wp-content\/uploads\/usu1565\/2021\/12\/IMG_3992-300x162.jpg 300w, https:\/\/agora.xtec.cat\/escolapauvila\/wp-content\/uploads\/usu1565\/2021\/12\/IMG_3992-768x416.jpg 768w, https:\/\/agora.xtec.cat\/escolapauvila\/wp-content\/uploads\/usu1565\/2021\/12\/IMG_3992-1536x832.jpg 1536w, https:\/\/agora.xtec.cat\/escolapauvila\/wp-content\/uploads\/usu1565\/2021\/12\/IMG_3992-2048x1109.jpg 2048w\" sizes=\"auto, (max-width: 1024px) 100vw, 1024px\" \/><\/a><\/p>\n<p style=\"text-align: justify;\">PER CONCLOURE EL TRIMESTRE HEM FET UNA ACTIVITAT DE REFLEXI\u00d3 I AGRA\u00cfMENT PER TOT EL QUE HEM VISCUT, APR\u00c8S O GAUDIT EN AQUEST PRIMER TRIMESTRE. CADASC\u00da DE NOSALTRES HA ESCRIT EN UN PAPER ALGUNA VIV\u00c8NCIA O ACTIVITAT, QUE RECORDAVA ESPECIALMENT.<\/p>\n<p><a href=\"https:\/\/agora.xtec.cat\/escolapauvila\/wp-content\/uploads\/usu1565\/2021\/12\/IMG_20211222_125327-scaled.jpg\"><img loading=\"lazy\" decoding=\"async\" class=\"alignnone size-large wp-image-7782\" src=\"https:\/\/agora.xtec.cat\/escolapauvila\/wp-content\/uploads\/usu1565\/2021\/12\/IMG_20211222_125327-768x1024.jpg\" alt=\"\" width=\"768\" height=\"1024\" srcset=\"https:\/\/agora.xtec.cat\/escolapauvila\/wp-content\/uploads\/usu1565\/2021\/12\/IMG_20211222_125327-768x1024.jpg 768w, https:\/\/agora.xtec.cat\/escolapauvila\/wp-content\/uploads\/usu1565\/2021\/12\/IMG_20211222_125327-225x300.jpg 225w, https:\/\/agora.xtec.cat\/escolapauvila\/wp-content\/uploads\/usu1565\/2021\/12\/IMG_20211222_125327-1152x1536.jpg 1152w, https:\/\/agora.xtec.cat\/escolapauvila\/wp-content\/uploads\/usu1565\/2021\/12\/IMG_20211222_125327-1536x2048.jpg 1536w, https:\/\/agora.xtec.cat\/escolapauvila\/wp-content\/uploads\/usu1565\/2021\/12\/IMG_20211222_125327-scaled.jpg 1920w\" sizes=\"auto, (max-width: 768px) 100vw, 768px\" \/><\/a><\/p>\n<p><a href=\"https:\/\/agora.xtec.cat\/escolapauvila\/wp-content\/uploads\/usu1565\/2021\/12\/IMG_0084-scaled.jpg\"><img loading=\"lazy\" decoding=\"async\" class=\"alignnone size-large wp-image-7781\" src=\"https:\/\/agora.xtec.cat\/escolapauvila\/wp-content\/uploads\/usu1565\/2021\/12\/IMG_0084-1024x768.jpg\" alt=\"\" width=\"1024\" height=\"768\" srcset=\"https:\/\/agora.xtec.cat\/escolapauvila\/wp-content\/uploads\/usu1565\/2021\/12\/IMG_0084-1024x768.jpg 1024w, https:\/\/agora.xtec.cat\/escolapauvila\/wp-content\/uploads\/usu1565\/2021\/12\/IMG_0084-300x225.jpg 300w, https:\/\/agora.xtec.cat\/escolapauvila\/wp-content\/uploads\/usu1565\/2021\/12\/IMG_0084-768x576.jpg 768w, https:\/\/agora.xtec.cat\/escolapauvila\/wp-content\/uploads\/usu1565\/2021\/12\/IMG_0084-1536x1152.jpg 1536w, https:\/\/agora.xtec.cat\/escolapauvila\/wp-content\/uploads\/usu1565\/2021\/12\/IMG_0084-2048x1536.jpg 2048w, https:\/\/agora.xtec.cat\/escolapauvila\/wp-content\/uploads\/usu1565\/2021\/12\/IMG_0084-200x150.jpg 200w\" sizes=\"auto, (max-width: 1024px) 100vw, 1024px\" \/><\/a><\/p>\n<p style=\"text-align: center;\">A LA TORNADA DE VACANCES, CONTINUAREM AMPLIANT LES VIV\u00c8NCIES I ELS MOMENTS D&#8217;APRENENTATGE COMPARTIT. DESITGEM QUE GAUDIU D&#8217;AQUESTS DIES M\u00c0GICS!<\/p>\n","protected":false},"excerpt":{"rendered":"<p>DURANT AQUESTS DIES HEM ALIMENTAT D&#8217;ALL\u00d2 M\u00c9S B\u00c9 ALS TIONS. HEM VIST QUE LI AGRADEN MOLT LES PELLS DE LES MANDARINES I DELS PL\u00c0TANS!<br \/>\n<a href=\"https:\/\/agora.xtec.cat\/escolapauvila\/wp-content\/uploads\/usu1565\/2021\/12\/IMG_3525-scaled.jpg\"><\/a><br \/>\nAIX\u00cd QUE UN COP HA ESTAT BEN TIP, HEM ANAT A PICAR I SORPRESA, ENS HA CAGAT UNS BONS LLIBRES I&hellip;  <a href=\"https:\/\/agora.xtec.cat\/escolapauvila\/general\/caga-tio\/\" title=\"Read CAGA TI\u00d3&#8230;\">Llegeix m\u00e9s\u00bb<\/a><\/p>\n","protected":false},"author":16,"featured_media":7759,"comment_status":"open","ping_status":"closed","sticky":false,"template":"","format":"standard","meta":{"_bbp_topic_count":0,"_bbp_reply_count":0,"_bbp_total_topic_count":0,"_bbp_total_reply_count":0,"_bbp_voice_count":0,"_bbp_anonymous_reply_count":0,"_bbp_topic_count_hidden":0,"_bbp_reply_count_hidden":0,"_bbp_forum_subforum_count":0,"footnotes":""},"categories":[2,9,1],"tags":[224,225,227,226],"class_list":["post-7758","post","type-post","status-publish","format-standard","has-post-thumbnail","hentry","category-petits","category-ei5","category-general","tag-ei5a21-22","tag-ei5b21-22","tag-la-classe-de-larc-de-sant-marti","tag-la-classe-dels-suricates"],"post_mailing_queue_ids":[],"_links":{"self":[{"href":"https:\/\/agora.xtec.cat\/escolapauvila\/wp-json\/wp\/v2\/posts\/7758","targetHints":{"allow":["GET"]}}],"collection":[{"href":"https:\/\/agora.xtec.cat\/escolapauvila\/wp-json\/wp\/v2\/posts"}],"about":[{"href":"https:\/\/agora.xtec.cat\/escolapauvila\/wp-json\/wp\/v2\/types\/post"}],"author":[{"embeddable":true,"href":"https:\/\/agora.xtec.cat\/escolapauvila\/wp-json\/wp\/v2\/users\/16"}],"replies":[{"embeddable":true,"href":"https:\/\/agora.xtec.cat\/escolapauvila\/wp-json\/wp\/v2\/comments?post=7758"}],"version-history":[{"count":3,"href":"https:\/\/agora.xtec.cat\/escolapauvila\/wp-json\/wp\/v2\/posts\/7758\/revisions"}],"predecessor-version":[{"id":7785,"href":"https:\/\/agora.xtec.cat\/escolapauvila\/wp-json\/wp\/v2\/posts\/7758\/revisions\/7785"}],"wp:featuredmedia":[{"embeddable":true,"href":"https:\/\/agora.xtec.cat\/escolapauvila\/wp-json\/wp\/v2\/media\/7759"}],"wp:attachment":[{"href":"https:\/\/agora.xtec.cat\/escolapauvila\/wp-json\/wp\/v2\/media?parent=7758"}],"wp:term":[{"taxonomy":"category","embeddable":true,"href":"https:\/\/agora.xtec.cat\/escolapauvila\/wp-json\/wp\/v2\/categories?post=7758"},{"taxonomy":"post_tag","embeddable":true,"href":"https:\/\/agora.xtec.cat\/escolapauvila\/wp-json\/wp\/v2\/tags?post=7758"}],"curies":[{"name":"wp","href":"https:\/\/api.w.org\/{rel}","templated":true}]}}