{"id":7745,"date":"2021-12-22T15:00:35","date_gmt":"2021-12-22T14:00:35","guid":{"rendered":"https:\/\/agora.xtec.cat\/escolapauvila\/?p=7745"},"modified":"2021-12-22T15:05:32","modified_gmt":"2021-12-22T14:05:32","slug":"lart-a-lescola-exposicio-del-buit","status":"publish","type":"post","link":"https:\/\/agora.xtec.cat\/escolapauvila\/general\/lart-a-lescola-exposicio-del-buit\/","title":{"rendered":"L&#8217;ART A L&#8217;ESCOLA: exposici\u00f3 del BUIT"},"content":{"rendered":"<p><span style=\"font-weight: 400;\">Benvolguts i benvolgudes!<\/span><\/p>\n<p><span style=\"font-weight: 400;\">Durant el primer trimestre hem pogut gaudir de l&#8217;exposici\u00f3 del BUIT.<\/span><\/p>\n<p><a href=\"https:\/\/agora.xtec.cat\/escolapauvila\/wp-content\/uploads\/usu1565\/2021\/12\/Foto-de-Valeria.jpg\"><img loading=\"lazy\" decoding=\"async\" class=\"size-medium wp-image-7746 alignnone\" src=\"https:\/\/agora.xtec.cat\/escolapauvila\/wp-content\/uploads\/usu1565\/2021\/12\/Foto-de-Valeria-300x300.jpg\" alt=\"\" width=\"300\" height=\"300\" srcset=\"https:\/\/agora.xtec.cat\/escolapauvila\/wp-content\/uploads\/usu1565\/2021\/12\/Foto-de-Valeria-300x300.jpg 300w, https:\/\/agora.xtec.cat\/escolapauvila\/wp-content\/uploads\/usu1565\/2021\/12\/Foto-de-Valeria-150x150.jpg 150w, https:\/\/agora.xtec.cat\/escolapauvila\/wp-content\/uploads\/usu1565\/2021\/12\/Foto-de-Valeria.jpg 640w\" sizes=\"auto, (max-width: 300px) 100vw, 300px\" \/><\/a><\/p>\n<p><span style=\"font-weight: 400;\">Amb aquesta exposici\u00f3 tots els grups han passat a visitar-la i ha donat peu a que els nens i les nenes de tota la comunitat escolar puguin reflexionar sobre aquest concepte. Han sorgit diverses opinions i idees molt interessants.\u00a0<\/span><\/p>\n<p><strong>Compartim algunes reflexions: <\/strong><em><span style=\"font-weight: 400;\">QU\u00c8 HI VEIEU?\u00a0<\/span><\/em><\/p>\n<p><strong>Els petits:<\/strong><\/p>\n<ul>\n<li style=\"font-weight: 400;\" aria-level=\"1\"><span style=\"font-weight: 400;\">\u201cEso es para los peces\u201d (referint-se a la peixera)<\/span><\/li>\n<li style=\"font-weight: 400;\" aria-level=\"1\"><span style=\"font-weight: 400;\">\u201cPer dibuixar un paper blanc\u201d<\/span><\/li>\n<li style=\"font-weight: 400;\" aria-level=\"1\"><span style=\"font-weight: 400;\">\u201cUn bote\u201d<\/span><\/li>\n<li style=\"font-weight: 400;\" aria-level=\"1\"><span style=\"font-weight: 400;\">\u201cEst\u00e0 buit el pot\u201d<\/span><\/li>\n<li style=\"font-weight: 400;\" aria-level=\"1\"><span style=\"font-weight: 400;\">\u201cUn paper blanc\u201d<\/span><\/li>\n<li style=\"font-weight: 400;\" aria-level=\"1\"><span style=\"font-weight: 400;\">\u201cCalaixos buits i oberts\u201d<\/span><\/li>\n<\/ul>\n<p><strong>Els mitjans:<\/strong><\/p>\n<ul>\n<li style=\"font-weight: 400;\" aria-level=\"1\"><span style=\"font-weight: 400;\">L\u00b4art \u00e9s un m\u00f3n ple de llocs desconeguts.<\/span><\/li>\n<li style=\"font-weight: 400;\" aria-level=\"1\"><span style=\"font-weight: 400;\">L\u00b4art \u00e9s jugar.<\/span><\/li>\n<li style=\"font-weight: 400;\" aria-level=\"1\"><span style=\"font-weight: 400;\">L\u00b4art pot ser moltes coses que tu no saps mai quan es poden acabar peruque es infinit.<\/span><\/li>\n<li style=\"font-weight: 400;\" aria-level=\"1\"><span style=\"font-weight: 400;\">L\u00b4art \u00e9s tot all\u00f2 que et puguis imaginar.<\/span><\/li>\n<li style=\"font-weight: 400;\" aria-level=\"1\"><span style=\"font-weight: 400;\">L\u00b4art \u00e9s un m\u00f3n de colors.<\/span><\/li>\n<\/ul>\n<p><strong>Els grans:<\/strong><\/p>\n<ul>\n<li style=\"font-weight: 400;\" aria-level=\"1\"><span style=\"font-weight: 400;\">Vols investigar qu\u00e8 ha passat. Per qu\u00e8 est\u00e0 buit?<\/span><\/li>\n<li style=\"font-weight: 400;\" aria-level=\"1\"><span style=\"font-weight: 400;\">No t\u00e9 sentit.\u00a0<\/span><\/li>\n<li style=\"font-weight: 400;\" aria-level=\"1\"><span style=\"font-weight: 400;\">No saps a on mirar.\u00a0<\/span><\/li>\n<li style=\"font-weight: 400;\" aria-level=\"1\"><span style=\"font-weight: 400;\">\u00c9s com quedar-se en blanc. Sense idees.\u00a0<\/span><\/li>\n<li style=\"font-weight: 400;\" aria-level=\"1\"><span style=\"font-weight: 400;\">Provoca tristesa.\u00a0<\/span><\/li>\n<li style=\"font-weight: 400;\" aria-level=\"1\"><span style=\"font-weight: 400;\">Et venen ganes d\u2019omplir-ho tot. Posar-li color.\u00a0<\/span><\/li>\n<li style=\"font-weight: 400;\" aria-level=\"1\"><span style=\"font-weight: 400;\">Sembla una provocaci\u00f3, com si no et deixen fer coses.\u00a0<\/span><\/li>\n<\/ul>\n<p><span style=\"font-weight: 400;\">Partint de l&#8217;exposici\u00f3 inicial s\u00b4ha treballat amb els diferents grups el proc\u00e9s de la transformaci\u00f3 on tota la comunitats educativa ha participat.<\/span><\/p>\n<p><a href=\"https:\/\/agora.xtec.cat\/escolapauvila\/wp-content\/uploads\/usu1565\/2021\/12\/IMG_20211215_132152-1-scaled.jpg\"><img loading=\"lazy\" decoding=\"async\" class=\"alignnone wp-image-7747\" src=\"https:\/\/agora.xtec.cat\/escolapauvila\/wp-content\/uploads\/usu1565\/2021\/12\/IMG_20211215_132152-1-scaled.jpg\" alt=\"\" width=\"743\" height=\"527\" srcset=\"https:\/\/agora.xtec.cat\/escolapauvila\/wp-content\/uploads\/usu1565\/2021\/12\/IMG_20211215_132152-1-scaled.jpg 2560w, https:\/\/agora.xtec.cat\/escolapauvila\/wp-content\/uploads\/usu1565\/2021\/12\/IMG_20211215_132152-1-300x213.jpg 300w, https:\/\/agora.xtec.cat\/escolapauvila\/wp-content\/uploads\/usu1565\/2021\/12\/IMG_20211215_132152-1-1024x727.jpg 1024w, https:\/\/agora.xtec.cat\/escolapauvila\/wp-content\/uploads\/usu1565\/2021\/12\/IMG_20211215_132152-1-768x545.jpg 768w, https:\/\/agora.xtec.cat\/escolapauvila\/wp-content\/uploads\/usu1565\/2021\/12\/IMG_20211215_132152-1-1536x1091.jpg 1536w, https:\/\/agora.xtec.cat\/escolapauvila\/wp-content\/uploads\/usu1565\/2021\/12\/IMG_20211215_132152-1-2048x1454.jpg 2048w\" sizes=\"auto, (max-width: 743px) 100vw, 743px\" \/><\/a><\/p>\n","protected":false},"excerpt":{"rendered":"<p>Benvolguts i benvolgudes!<br \/>\nDurant el primer trimestre hem pogut gaudir de l&#8217;exposici\u00f3 del BUIT.<br \/>\n<a href=\"https:\/\/agora.xtec.cat\/escolapauvila\/wp-content\/uploads\/usu1565\/2021\/12\/Foto-de-Valeria.jpg\"><\/a><br \/>\nAmb aquesta exposici\u00f3 tots els grups han passat a visitar-la i ha donat peu a que els nens i les nenes de tota la comunitat escolar puguin reflexionar sobre aquest concepte. Han&hellip;  <a href=\"https:\/\/agora.xtec.cat\/escolapauvila\/general\/lart-a-lescola-exposicio-del-buit\/\" title=\"Read L&#8217;ART A L&#8217;ESCOLA: exposici\u00f3 del BUIT\">Llegeix m\u00e9s\u00bb<\/a><\/p>\n","protected":false},"author":1,"featured_media":7747,"comment_status":"open","ping_status":"closed","sticky":false,"template":"","format":"standard","meta":{"_bbp_topic_count":0,"_bbp_reply_count":0,"_bbp_total_topic_count":0,"_bbp_total_reply_count":0,"_bbp_voice_count":0,"_bbp_anonymous_reply_count":0,"_bbp_topic_count_hidden":0,"_bbp_reply_count_hidden":0,"_bbp_forum_subforum_count":0,"footnotes":""},"categories":[1,4],"tags":[229],"class_list":["post-7745","post","type-post","status-publish","format-standard","has-post-thumbnail","hentry","category-general","category-portada","tag-pauvilart"],"post_mailing_queue_ids":[],"_links":{"self":[{"href":"https:\/\/agora.xtec.cat\/escolapauvila\/wp-json\/wp\/v2\/posts\/7745","targetHints":{"allow":["GET"]}}],"collection":[{"href":"https:\/\/agora.xtec.cat\/escolapauvila\/wp-json\/wp\/v2\/posts"}],"about":[{"href":"https:\/\/agora.xtec.cat\/escolapauvila\/wp-json\/wp\/v2\/types\/post"}],"author":[{"embeddable":true,"href":"https:\/\/agora.xtec.cat\/escolapauvila\/wp-json\/wp\/v2\/users\/1"}],"replies":[{"embeddable":true,"href":"https:\/\/agora.xtec.cat\/escolapauvila\/wp-json\/wp\/v2\/comments?post=7745"}],"version-history":[{"count":3,"href":"https:\/\/agora.xtec.cat\/escolapauvila\/wp-json\/wp\/v2\/posts\/7745\/revisions"}],"predecessor-version":[{"id":7751,"href":"https:\/\/agora.xtec.cat\/escolapauvila\/wp-json\/wp\/v2\/posts\/7745\/revisions\/7751"}],"wp:featuredmedia":[{"embeddable":true,"href":"https:\/\/agora.xtec.cat\/escolapauvila\/wp-json\/wp\/v2\/media\/7747"}],"wp:attachment":[{"href":"https:\/\/agora.xtec.cat\/escolapauvila\/wp-json\/wp\/v2\/media?parent=7745"}],"wp:term":[{"taxonomy":"category","embeddable":true,"href":"https:\/\/agora.xtec.cat\/escolapauvila\/wp-json\/wp\/v2\/categories?post=7745"},{"taxonomy":"post_tag","embeddable":true,"href":"https:\/\/agora.xtec.cat\/escolapauvila\/wp-json\/wp\/v2\/tags?post=7745"}],"curies":[{"name":"wp","href":"https:\/\/api.w.org\/{rel}","templated":true}]}}