{"id":7740,"date":"2021-12-20T12:50:18","date_gmt":"2021-12-20T11:50:18","guid":{"rendered":"https:\/\/agora.xtec.cat\/escolapauvila\/?p=7740"},"modified":"2021-12-20T12:51:04","modified_gmt":"2021-12-20T11:51:04","slug":"la-masia-dels-artistes","status":"publish","type":"post","link":"https:\/\/agora.xtec.cat\/escolapauvila\/general\/la-masia-dels-artistes\/","title":{"rendered":"La masia dels artistes"},"content":{"rendered":"<p>El dilluns dia 13 de desembre, les classes de 4t vam anar a con\u00e8ixer els artistes que viuen a la masia de <a href=\"http:\/\/canserrat.org\/ca\/\">Can Serrat<\/a>, prop del poble del Bruc.<\/p>\n<p>Vam con\u00e8ixer la Carolina, la Vanessa i la Sophie i ens van ensenyar la masia, hi havien les diferents obres que estan creant els artistes que viuen all\u00e0 (aquarel\u00b7la, premsa, tapissos&#8230;). Despr\u00e9s d&#8217;esmorzar vam fer dos tallers. La Carolina, que \u00e9s de Per\u00fa, ens va ensenyar l&#8217;entorn de la masia i com cuidar la natura, vam trasplantar roses. Amb la Vanessa vam fer figures de fang per transmetre un missatge com feien antigament.<\/p>\n<p>Vas ser un dia molt interessant, us recomanem visitar la masia.<\/p>\n<p><a href=\"https:\/\/photos.app.goo.gl\/7pHC9pV8PZ85Hfs26\">Fotos de la sortida<\/a><\/p>\n","protected":false},"excerpt":{"rendered":"<p>El dilluns dia 13 de desembre, les classes de 4t vam anar a con\u00e8ixer els artistes que viuen a la masia de <a href=\"http:\/\/canserrat.org\/ca\/\">Can Serrat<\/a>, prop del poble del Bruc.<br \/>\nVam con\u00e8ixer la Carolina, la Vanessa i la Sophie i ens van ensenyar la masia, hi&hellip;  <a href=\"https:\/\/agora.xtec.cat\/escolapauvila\/general\/la-masia-dels-artistes\/\" title=\"Read La masia dels artistes\">Llegeix m\u00e9s\u00bb<\/a><\/p>\n","protected":false},"author":68,"featured_media":7743,"comment_status":"open","ping_status":"closed","sticky":false,"template":"","format":"standard","meta":{"_bbp_topic_count":0,"_bbp_reply_count":0,"_bbp_total_topic_count":0,"_bbp_total_reply_count":0,"_bbp_voice_count":0,"_bbp_anonymous_reply_count":0,"_bbp_topic_count_hidden":0,"_bbp_reply_count_hidden":0,"_bbp_forum_subforum_count":0,"footnotes":""},"categories":[13,61,1,4],"tags":[],"class_list":["post-7740","post","type-post","status-publish","format-standard","has-post-thumbnail","hentry","category-4t","category-grans","category-general","category-portada"],"post_mailing_queue_ids":[],"_links":{"self":[{"href":"https:\/\/agora.xtec.cat\/escolapauvila\/wp-json\/wp\/v2\/posts\/7740","targetHints":{"allow":["GET"]}}],"collection":[{"href":"https:\/\/agora.xtec.cat\/escolapauvila\/wp-json\/wp\/v2\/posts"}],"about":[{"href":"https:\/\/agora.xtec.cat\/escolapauvila\/wp-json\/wp\/v2\/types\/post"}],"author":[{"embeddable":true,"href":"https:\/\/agora.xtec.cat\/escolapauvila\/wp-json\/wp\/v2\/users\/68"}],"replies":[{"embeddable":true,"href":"https:\/\/agora.xtec.cat\/escolapauvila\/wp-json\/wp\/v2\/comments?post=7740"}],"version-history":[{"count":3,"href":"https:\/\/agora.xtec.cat\/escolapauvila\/wp-json\/wp\/v2\/posts\/7740\/revisions"}],"predecessor-version":[{"id":7744,"href":"https:\/\/agora.xtec.cat\/escolapauvila\/wp-json\/wp\/v2\/posts\/7740\/revisions\/7744"}],"wp:featuredmedia":[{"embeddable":true,"href":"https:\/\/agora.xtec.cat\/escolapauvila\/wp-json\/wp\/v2\/media\/7743"}],"wp:attachment":[{"href":"https:\/\/agora.xtec.cat\/escolapauvila\/wp-json\/wp\/v2\/media?parent=7740"}],"wp:term":[{"taxonomy":"category","embeddable":true,"href":"https:\/\/agora.xtec.cat\/escolapauvila\/wp-json\/wp\/v2\/categories?post=7740"},{"taxonomy":"post_tag","embeddable":true,"href":"https:\/\/agora.xtec.cat\/escolapauvila\/wp-json\/wp\/v2\/tags?post=7740"}],"curies":[{"name":"wp","href":"https:\/\/api.w.org\/{rel}","templated":true}]}}