{"id":7710,"date":"2021-12-09T10:56:32","date_gmt":"2021-12-09T09:56:32","guid":{"rendered":"https:\/\/agora.xtec.cat\/escolapauvila\/?p=7710"},"modified":"2021-12-09T10:58:06","modified_gmt":"2021-12-09T09:58:06","slug":"sortida-a-les-oliveres-5","status":"publish","type":"post","link":"https:\/\/agora.xtec.cat\/escolapauvila\/general\/sortida-a-les-oliveres-5\/","title":{"rendered":"Sortida a les oliveres"},"content":{"rendered":"<p>Benvolgudes fam\u00edlies, avui us parlarem de la sortida a les oliveres que tenim al costat de l&#8217;escola!<\/p>\n<p>Comencem! A la classe vam mirar unes imatges de mandales en internet (google). Despr\u00e9s vam\u00a0 anar per un cam\u00ed que et porta fins a una esplanada que al costat te una mini carretera de pedra. Al arribar a l&#8217;esplanada vam fer grups de 2, 3 o 4. A continuaci\u00f3 els grups van pensar mandales i van comen\u00e7ar a recollir material natural per\u00f2 sense arrencar del terra o dels arbres. Sabeu com van acabar les mandales? Mireu aix\u00ed!<\/p>\n<p><a href=\"https:\/\/photos.app.goo.gl\/Gi2aU7XvPF4KS2Hr8\">Aqu\u00ed teniu les fotos<\/a><\/p>\n<p>Aqui teniu exemples\u261d<\/p>\n<p><a href=\"https:\/\/agora.xtec.cat\/escolapauvila\/wp-content\/uploads\/usu1565\/2021\/12\/totnens-mandales-tardor11.jpg\"><img loading=\"lazy\" decoding=\"async\" class=\"alignnone size-full wp-image-7711\" src=\"https:\/\/agora.xtec.cat\/escolapauvila\/wp-content\/uploads\/usu1565\/2021\/12\/totnens-mandales-tardor11.jpg\" alt=\"\" width=\"750\" height=\"740\" srcset=\"https:\/\/agora.xtec.cat\/escolapauvila\/wp-content\/uploads\/usu1565\/2021\/12\/totnens-mandales-tardor11.jpg 750w, https:\/\/agora.xtec.cat\/escolapauvila\/wp-content\/uploads\/usu1565\/2021\/12\/totnens-mandales-tardor11-300x296.jpg 300w\" sizes=\"auto, (max-width: 750px) 100vw, 750px\" \/><\/a><\/p>\n","protected":false},"excerpt":{"rendered":"<p>Benvolgudes fam\u00edlies, avui us parlarem de la sortida a les oliveres que tenim al costat de l&#8217;escola!<br \/>\nComencem! A la classe vam mirar unes imatges de mandales en internet (google). Despr\u00e9s vam\u00a0 anar per un cam\u00ed que et porta fins a una esplanada que al costat&hellip;  <a href=\"https:\/\/agora.xtec.cat\/escolapauvila\/general\/sortida-a-les-oliveres-5\/\" title=\"Read Sortida a les oliveres\">Llegeix m\u00e9s\u00bb<\/a><\/p>\n","protected":false},"author":32,"featured_media":7711,"comment_status":"open","ping_status":"closed","sticky":false,"template":"","format":"standard","meta":{"_bbp_topic_count":0,"_bbp_reply_count":0,"_bbp_total_topic_count":0,"_bbp_total_reply_count":0,"_bbp_voice_count":0,"_bbp_anonymous_reply_count":0,"_bbp_topic_count_hidden":0,"_bbp_reply_count_hidden":0,"_bbp_forum_subforum_count":0,"footnotes":""},"categories":[14,61,1],"tags":[228,90],"class_list":["post-7710","post","type-post","status-publish","format-standard","has-post-thumbnail","hentry","category-5e","category-grans","category-general","tag-5b21-22","tag-nascuts2011"],"post_mailing_queue_ids":[],"_links":{"self":[{"href":"https:\/\/agora.xtec.cat\/escolapauvila\/wp-json\/wp\/v2\/posts\/7710","targetHints":{"allow":["GET"]}}],"collection":[{"href":"https:\/\/agora.xtec.cat\/escolapauvila\/wp-json\/wp\/v2\/posts"}],"about":[{"href":"https:\/\/agora.xtec.cat\/escolapauvila\/wp-json\/wp\/v2\/types\/post"}],"author":[{"embeddable":true,"href":"https:\/\/agora.xtec.cat\/escolapauvila\/wp-json\/wp\/v2\/users\/32"}],"replies":[{"embeddable":true,"href":"https:\/\/agora.xtec.cat\/escolapauvila\/wp-json\/wp\/v2\/comments?post=7710"}],"version-history":[{"count":2,"href":"https:\/\/agora.xtec.cat\/escolapauvila\/wp-json\/wp\/v2\/posts\/7710\/revisions"}],"predecessor-version":[{"id":7713,"href":"https:\/\/agora.xtec.cat\/escolapauvila\/wp-json\/wp\/v2\/posts\/7710\/revisions\/7713"}],"wp:featuredmedia":[{"embeddable":true,"href":"https:\/\/agora.xtec.cat\/escolapauvila\/wp-json\/wp\/v2\/media\/7711"}],"wp:attachment":[{"href":"https:\/\/agora.xtec.cat\/escolapauvila\/wp-json\/wp\/v2\/media?parent=7710"}],"wp:term":[{"taxonomy":"category","embeddable":true,"href":"https:\/\/agora.xtec.cat\/escolapauvila\/wp-json\/wp\/v2\/categories?post=7710"},{"taxonomy":"post_tag","embeddable":true,"href":"https:\/\/agora.xtec.cat\/escolapauvila\/wp-json\/wp\/v2\/tags?post=7710"}],"curies":[{"name":"wp","href":"https:\/\/api.w.org\/{rel}","templated":true}]}}