{"id":7698,"date":"2021-12-05T20:01:26","date_gmt":"2021-12-05T19:01:26","guid":{"rendered":"https:\/\/agora.xtec.cat\/escolapauvila\/?p=7698"},"modified":"2021-12-10T15:30:25","modified_gmt":"2021-12-10T14:30:25","slug":"descobrim-les-mandales","status":"publish","type":"post","link":"https:\/\/agora.xtec.cat\/escolapauvila\/general\/descobrim-les-mandales\/","title":{"rendered":"DESCOBRIM LES MANDALES"},"content":{"rendered":"<p><span style=\"font-weight: 400;\">JA FA UNS QUANTS DIES QUE A L\u2019ESCOLA ELS <strong><span style=\"font-size: 24px;\"><span style=\"color: #ff0000;\">E<\/span>RI\u00c7ONS<\/span> <\/strong>I ELS <strong><span style=\"font-size: 24px;\"><span style=\"color: #ff0000;\">P<\/span>ING\u00dcINS<\/span> <\/strong>ESTEM TREBALLANT LA CREATIVITAT A PARTIR DE LES <strong><span style=\"font-size: 24px;\"><span style=\"color: #ff0000;\">M<\/span>ANDALES<\/span><\/strong><span style=\"font-size: 24px;\">!<\/span><\/span><\/p>\n<p><span style=\"font-weight: 400;\">VAM COMEN\u00c7AR A TREBALLAR-LES A PARTIR DE DIVERSES PECES SOLTES INSPIRADES EN LA TARDOR QUE ENS VAM TROBAR PREPARADES A LA CLASSE.<\/span><\/p>\n<p><span style=\"font-weight: 400;\">EL PRIMER PAS PER APROXIMAR-NOS A LES MANDALES VA SER EXPERIMENTAR, OBSERVAR I CREAR DIVERSES COMPOSICIONS DE FORMA LLIURE AMB AQUESTES PECES DE TARDOR.<\/span><\/p>\n<p><a href=\"https:\/\/agora.xtec.cat\/escolapauvila\/wp-content\/uploads\/usu1565\/2021\/12\/bb.jpg\"><img loading=\"lazy\" decoding=\"async\" class=\"alignnone size-full wp-image-7701\" src=\"https:\/\/agora.xtec.cat\/escolapauvila\/wp-content\/uploads\/usu1565\/2021\/12\/bb.jpg\" alt=\"\" width=\"900\" height=\"675\" srcset=\"https:\/\/agora.xtec.cat\/escolapauvila\/wp-content\/uploads\/usu1565\/2021\/12\/bb.jpg 900w, https:\/\/agora.xtec.cat\/escolapauvila\/wp-content\/uploads\/usu1565\/2021\/12\/bb-300x225.jpg 300w, https:\/\/agora.xtec.cat\/escolapauvila\/wp-content\/uploads\/usu1565\/2021\/12\/bb-768x576.jpg 768w, https:\/\/agora.xtec.cat\/escolapauvila\/wp-content\/uploads\/usu1565\/2021\/12\/bb-200x150.jpg 200w\" sizes=\"auto, (max-width: 900px) 100vw, 900px\" \/><\/a><\/p>\n<p><span style=\"font-weight: 400;\">UN COP JA HEM CONEGUT LES DIFERENTS PECES ENS POSEM A CONFEGIR UNA MANDALA AMB MOLTA ATENCI\u00d3. PER PODER RECORDAR LA NOSTRA CREACI\u00d3 LI VAM FER UNA FOTO\u00a0 I TAMB\u00c9 ENS VAM POSAR A DIBUIXAR-LA EN UN PAPER. BEN AVIAT US LES PODREM ENSENYAR A L\u2019\u00c0LBUM!<\/span><\/p>\n<p><a href=\"https:\/\/agora.xtec.cat\/escolapauvila\/wp-content\/uploads\/usu1565\/2021\/12\/AA.jpg\"><img loading=\"lazy\" decoding=\"async\" class=\"alignnone size-full wp-image-7699\" src=\"https:\/\/agora.xtec.cat\/escolapauvila\/wp-content\/uploads\/usu1565\/2021\/12\/AA.jpg\" alt=\"\" width=\"900\" height=\"675\" srcset=\"https:\/\/agora.xtec.cat\/escolapauvila\/wp-content\/uploads\/usu1565\/2021\/12\/AA.jpg 900w, https:\/\/agora.xtec.cat\/escolapauvila\/wp-content\/uploads\/usu1565\/2021\/12\/AA-300x225.jpg 300w, https:\/\/agora.xtec.cat\/escolapauvila\/wp-content\/uploads\/usu1565\/2021\/12\/AA-768x576.jpg 768w, https:\/\/agora.xtec.cat\/escolapauvila\/wp-content\/uploads\/usu1565\/2021\/12\/AA-200x150.jpg 200w\" sizes=\"auto, (max-width: 900px) 100vw, 900px\" \/><\/a><\/p>\n<p><span style=\"font-weight: 400;\">COM QUE ENS HEM QUEDAT AMB GANES DE TREBALLAR M\u00c9S AMB LES MANDALES ENS HEM DISPOSAT A PINTAR-NE ALGUNES DE PING\u00dcINS I ERI\u00c7ONS AMB AQUAREL\u00b7LES.<\/span><\/p>\n<p>&nbsp;<\/p>\n","protected":false},"excerpt":{"rendered":"<p>JA FA UNS QUANTS DIES QUE A L\u2019ESCOLA ELS ERI\u00c7ONS I ELS PING\u00dcINS ESTEM TREBALLANT LA CREATIVITAT A PARTIR DE LES MANDALES!<br \/>\nVAM COMEN\u00c7AR A TREBALLAR-LES A PARTIR DE DIVERSES PECES SOLTES INSPIRADES EN LA TARDOR QUE ENS VAM TROBAR PREPARADES A LA CLASSE.<br \/>\nEL PRIMER PAS&hellip;  <a href=\"https:\/\/agora.xtec.cat\/escolapauvila\/general\/descobrim-les-mandales\/\" title=\"Read DESCOBRIM LES MANDALES\">Llegeix m\u00e9s\u00bb<\/a><\/p>\n","protected":false},"author":13,"featured_media":7701,"comment_status":"open","ping_status":"closed","sticky":false,"template":"","format":"standard","meta":{"_bbp_topic_count":0,"_bbp_reply_count":0,"_bbp_total_topic_count":0,"_bbp_total_reply_count":0,"_bbp_voice_count":0,"_bbp_anonymous_reply_count":0,"_bbp_topic_count_hidden":0,"_bbp_reply_count_hidden":0,"_bbp_forum_subforum_count":0,"footnotes":""},"categories":[2,8,1,4],"tags":[198,199,97],"class_list":["post-7698","post","type-post","status-publish","format-standard","has-post-thumbnail","hentry","category-petits","category-ei4","category-general","category-portada","tag-ei4a21-22","tag-ei4b21-22","tag-nascuts2017"],"post_mailing_queue_ids":[],"_links":{"self":[{"href":"https:\/\/agora.xtec.cat\/escolapauvila\/wp-json\/wp\/v2\/posts\/7698","targetHints":{"allow":["GET"]}}],"collection":[{"href":"https:\/\/agora.xtec.cat\/escolapauvila\/wp-json\/wp\/v2\/posts"}],"about":[{"href":"https:\/\/agora.xtec.cat\/escolapauvila\/wp-json\/wp\/v2\/types\/post"}],"author":[{"embeddable":true,"href":"https:\/\/agora.xtec.cat\/escolapauvila\/wp-json\/wp\/v2\/users\/13"}],"replies":[{"embeddable":true,"href":"https:\/\/agora.xtec.cat\/escolapauvila\/wp-json\/wp\/v2\/comments?post=7698"}],"version-history":[{"count":3,"href":"https:\/\/agora.xtec.cat\/escolapauvila\/wp-json\/wp\/v2\/posts\/7698\/revisions"}],"predecessor-version":[{"id":7703,"href":"https:\/\/agora.xtec.cat\/escolapauvila\/wp-json\/wp\/v2\/posts\/7698\/revisions\/7703"}],"wp:featuredmedia":[{"embeddable":true,"href":"https:\/\/agora.xtec.cat\/escolapauvila\/wp-json\/wp\/v2\/media\/7701"}],"wp:attachment":[{"href":"https:\/\/agora.xtec.cat\/escolapauvila\/wp-json\/wp\/v2\/media?parent=7698"}],"wp:term":[{"taxonomy":"category","embeddable":true,"href":"https:\/\/agora.xtec.cat\/escolapauvila\/wp-json\/wp\/v2\/categories?post=7698"},{"taxonomy":"post_tag","embeddable":true,"href":"https:\/\/agora.xtec.cat\/escolapauvila\/wp-json\/wp\/v2\/tags?post=7698"}],"curies":[{"name":"wp","href":"https:\/\/api.w.org\/{rel}","templated":true}]}}