{"id":7681,"date":"2021-12-02T13:23:34","date_gmt":"2021-12-02T12:23:34","guid":{"rendered":"https:\/\/agora.xtec.cat\/escolapauvila\/?p=7681"},"modified":"2021-12-02T13:23:34","modified_gmt":"2021-12-02T12:23:34","slug":"educar-en-ladmiracio-a-traves-de-lart-land","status":"publish","type":"post","link":"https:\/\/agora.xtec.cat\/escolapauvila\/general\/educar-en-ladmiracio-a-traves-de-lart-land\/","title":{"rendered":"EDUCAR EN L&#8217;ADMIRACI\u00d3 A TRAV\u00c9S DE L&#8217;ART LAND"},"content":{"rendered":"<p>ENGUANY, L&#8217;EIX TRANSVERSAL DE L&#8217;ESCOLA \u00c9S EL M\u00d3N DE\u00a0L&#8217; ART, I NOSALTRES, ELS NENS I NENES\u00a0D&#8217;EI5, ENS APROPEM A AQUESTA PROPOSTA A TRAV\u00c9S D&#8217;UN CONCEPTE QUE AMAGA UNA CERTA COMPLEXITAT, I QUE ALHORA, RESULTA UN ELEMENT INDISPENSABLE DEL PROC\u00c9S D&#8217;APRENENTATGE DELS NOSTRES INFANTS. ENS ESTEM REFERINT A LA CAPACITAT DE L&#8217;\u00c9SSER HUM\u00c0 D&#8217;ADMIRAR-SE DAVANT D&#8217;ALL\u00d2 QUE ENS ENVOLTA.<\/p>\n<p>SI ENS FIXEM B\u00c9, PODEM CONSTATAR QUE ELS NENS I LES NENES TENEN UN SENTIT DE L&#8217;ADMIRACI\u00d3 REALMENT SORPRENENT DAVANT LES COSES PETITES QUE FORMEN PART DEL QUE \u00c9S QUOTIDI\u00c0: EL SOROLL QUE FA EL PAPER DE REGAL\u00a0EN\u00a0TRENCAR-SE; LA LLEUGERESA D&#8217;UNA BOMBOLLA DE SAB\u00d3\u00a0\u2026\u00a0 AQUESTS PODRIEN SER EXEMPLES D&#8217;AQUESTA CAPACITAT D&#8217;OBSERVACI\u00d3.<\/p>\n<p>L&#8217;ADMIRACI\u00d3 D&#8217;AQUESTS FETS \u00c9S ALL\u00d2 QUE ELS PORTA A DESCOBRIR EL M\u00d3N. PARTINT D&#8217;AQUESTA\u00a0PREMISSA, RECOLLIM LA IDEA D&#8217;INCIDIR I CONNECTAR AMB LA NATURA, JA QUE AQUESTA \u00c9S UNA DE LES PRIMERES FINESTRES DE L&#8217;ADMIRACI\u00d3, I \u00c9S VERITABLEMENT LA FINESTRA QUE ENS POT AJUDAR A CONNECTAR AMB LA LLIBERTAT INTERIOR: APROFITEM-LA, DONCS!<\/p>\n<p>AQUEST CURS ESTEM DISPOSADES A OBRIR-LA DE BAT A BAT, I A GAUDIR DEL NOSTRE ENTORN I DELS TRESORS QUE AMAGA, JA QUE AQUESTA POT SER UNA FONT\u00a0IL\u00b7LIMITADA\u00a0DE JOCS I D&#8217;INSPIRACI\u00d3 INESGOTABLE DE MOMENTS CREATIUS.<\/p>\n<p>ENS APROPAREM A TRAV\u00c9S D&#8217;UN MOVIMENT ART\u00cdSTIC ANOMENAT <strong>L<\/strong><strong>AND <\/strong><strong>A<\/strong><strong>RT<\/strong> (EARTH\u00a0ART),\u00a0CORRENT\u00a0PROMOGUDA PER\u00a0<strong>ROBIN\u00a0SMITHSON<\/strong>, I EN LA QUE PREN COM A PROTAGONISTA LA NATURA COM A PART FONAMENTAL DE LA CREACI\u00d3 ART\u00cdSTICA QUE ES VOL PORTAR A TERME.<\/p>\n<p>LES OBRES D&#8217;ART ACOSTUMEN A REALITZAR-SE A L&#8217;EXTERIOR I ES MANTENEN AL SEU LLOC D&#8217;ORIGEN\u00a0PERQU\u00c8\u00a0L&#8217;ESDEVENIR DEL TEMPS LES MODIFIQUI, AIX\u00cd DONCS APRENEM EL CONCEPTE D&#8217;ALL\u00d2 QU\u00c8 \u00c9S EF\u00cdMER\u00a0I MODIFICABLE&#8230; I\u00a0D&#8217;ALL\u00d2 QUE \u00c9S M\u00c9S IMPORTANT: EL\u00a0RESPECTE\u00a0I L&#8217;ADMIRACI\u00d3 PER LA BELLESA QUE ENS ENVOLTA.<\/p>\n<p>SOM-HI, A GAUDIR DE PROJECTES EN COL\u00b7LECTIVITAT A PLENA NATURA!!!<\/p>\n<p>US DEIXEM UN ENLLA\u00c7 A UN V\u00cdDEO QUE VAM VISUALITZAR AMB ELS VOSTRES FILLS I FILLES PER INICIAR AQUEST TREBALL, I COMEN\u00c7AR A ESTABLIR ACORDS SOBRE QU\u00c8 VOL DIR EL LAND ART?<\/p>\n<p><iframe loading=\"lazy\" title=\"Landart Movie - Creations in Nature 2009\" width=\"500\" height=\"375\" src=\"https:\/\/www.youtube.com\/embed\/ulLU1BUJk8Q?feature=oembed\" frameborder=\"0\" allow=\"accelerometer; autoplay; clipboard-write; encrypted-media; gyroscope; picture-in-picture; web-share\" referrerpolicy=\"strict-origin-when-cross-origin\" allowfullscreen><\/iframe><\/p>\n<p>&nbsp;<\/p>\n","protected":false},"excerpt":{"rendered":"<p>ENGUANY, L&#8217;EIX TRANSVERSAL DE L&#8217;ESCOLA \u00c9S EL M\u00d3N DE\u00a0L&#8217; ART, I NOSALTRES, ELS NENS I NENES\u00a0D&#8217;EI5, ENS APROPEM A AQUESTA PROPOSTA A TRAV\u00c9S D&#8217;UN CONCEPTE QUE AMAGA UNA CERTA COMPLEXITAT, I QUE ALHORA, RESULTA UN ELEMENT INDISPENSABLE DEL PROC\u00c9S D&#8217;APRENENTATGE DELS NOSTRES INFANTS. ENS ESTEM&hellip;  <a href=\"https:\/\/agora.xtec.cat\/escolapauvila\/general\/educar-en-ladmiracio-a-traves-de-lart-land\/\" title=\"Read EDUCAR EN L&#8217;ADMIRACI\u00d3 A TRAV\u00c9S DE L&#8217;ART LAND\">Llegeix m\u00e9s\u00bb<\/a><\/p>\n","protected":false},"author":16,"featured_media":7685,"comment_status":"open","ping_status":"closed","sticky":false,"template":"","format":"standard","meta":{"_bbp_topic_count":0,"_bbp_reply_count":0,"_bbp_total_topic_count":0,"_bbp_total_reply_count":0,"_bbp_voice_count":0,"_bbp_anonymous_reply_count":0,"_bbp_topic_count_hidden":0,"_bbp_reply_count_hidden":0,"_bbp_forum_subforum_count":0,"footnotes":""},"categories":[2,9,1],"tags":[224,225,227,226,231,104],"class_list":["post-7681","post","type-post","status-publish","format-standard","has-post-thumbnail","hentry","category-petits","category-ei5","category-general","tag-ei5a21-22","tag-ei5b21-22","tag-la-classe-de-larc-de-sant-marti","tag-la-classe-dels-suricates","tag-landart","tag-nascuts2016"],"post_mailing_queue_ids":[],"_links":{"self":[{"href":"https:\/\/agora.xtec.cat\/escolapauvila\/wp-json\/wp\/v2\/posts\/7681","targetHints":{"allow":["GET"]}}],"collection":[{"href":"https:\/\/agora.xtec.cat\/escolapauvila\/wp-json\/wp\/v2\/posts"}],"about":[{"href":"https:\/\/agora.xtec.cat\/escolapauvila\/wp-json\/wp\/v2\/types\/post"}],"author":[{"embeddable":true,"href":"https:\/\/agora.xtec.cat\/escolapauvila\/wp-json\/wp\/v2\/users\/16"}],"replies":[{"embeddable":true,"href":"https:\/\/agora.xtec.cat\/escolapauvila\/wp-json\/wp\/v2\/comments?post=7681"}],"version-history":[{"count":3,"href":"https:\/\/agora.xtec.cat\/escolapauvila\/wp-json\/wp\/v2\/posts\/7681\/revisions"}],"predecessor-version":[{"id":7684,"href":"https:\/\/agora.xtec.cat\/escolapauvila\/wp-json\/wp\/v2\/posts\/7681\/revisions\/7684"}],"wp:featuredmedia":[{"embeddable":true,"href":"https:\/\/agora.xtec.cat\/escolapauvila\/wp-json\/wp\/v2\/media\/7685"}],"wp:attachment":[{"href":"https:\/\/agora.xtec.cat\/escolapauvila\/wp-json\/wp\/v2\/media?parent=7681"}],"wp:term":[{"taxonomy":"category","embeddable":true,"href":"https:\/\/agora.xtec.cat\/escolapauvila\/wp-json\/wp\/v2\/categories?post=7681"},{"taxonomy":"post_tag","embeddable":true,"href":"https:\/\/agora.xtec.cat\/escolapauvila\/wp-json\/wp\/v2\/tags?post=7681"}],"curies":[{"name":"wp","href":"https:\/\/api.w.org\/{rel}","templated":true}]}}