{"id":7671,"date":"2021-12-01T16:09:29","date_gmt":"2021-12-01T15:09:29","guid":{"rendered":"https:\/\/agora.xtec.cat\/escolapauvila\/?p=7671"},"modified":"2021-12-01T16:10:23","modified_gmt":"2021-12-01T15:10:23","slug":"cami-a-lescola","status":"publish","type":"post","link":"https:\/\/agora.xtec.cat\/escolapauvila\/general\/cami-a-lescola\/","title":{"rendered":"CAM\u00cd A L&#8217;ESCOLA"},"content":{"rendered":"<p>&nbsp;<\/p>\n<p><span style=\"font-weight: 600;\">El 10 de novembre vam anar a veure una obra de teatre al teatre de la Passi\u00f3 que es titula <\/span><span style=\"font-weight: 600;\">\u00a0CAM\u00cd A L\u2019ESCOLA <\/span><span style=\"font-weight: 600;\">.<\/span><\/p>\n<p>&nbsp;<\/p>\n<p><span style=\"font-weight: 600;\">Aqu\u00ed us deixem un enlla\u00e7 amb un trailer: \u00a0 <\/span><a href=\"https:\/\/youtu.be\/8pfKwuQb98Y\"><span style=\"font-weight: 600;\">https:\/\/youtu.be\/8pfKwuQb98Y<\/span><\/a><\/p>\n<p>&nbsp;<\/p>\n<p><span style=\"font-weight: 600;\">Vam anar amb 5\u00e8 i nosaltres ( 6\u00e8 ) hi havien m\u00e9s escoles d\u2019Esparreguera. Quan vam entrar\u00a0 ens van dir que ens sent\u00e9ssim a la part esquerra del teatre.<\/span><\/p>\n<p>&nbsp;<\/p>\n<p><span style=\"font-weight: 600;\">Va comen\u00e7ar l\u2019obra de teatre! Comen\u00e7a amb les tres nenes dins d\u2019una tenda de campanya.<\/span><\/p>\n<p>&nbsp;<\/p>\n<p><span style=\"font-weight: 600;\">L\u2019obra de teatre explica la hist\u00f2ria de tres noies que van a l\u2019escola i el cam\u00ed\u00a0 per elles no ha sigut gaire f\u00e0cil. Una d\u2019elles va amb una cadira de rodes, aix\u00f2 complica molt m\u00e9s el cam\u00ed.<\/span><\/p>\n<p><span style=\"font-weight: 600;\">\u00a0\u00a0\u00a0\u00a0\u00a0\u00a0<\/span><\/p>\n<p><span style=\"font-weight: 600;\">Aquestes \u00faltimes setmanes hem estat mirant la peli i fent un dossier . Ens hem fixat que l\u2019obra de teatre nom\u00e9s explicava un hist\u00f2ria ( hi ha quatre hist\u00f2ries ) .<\/span><\/p>\n<p>&nbsp;<\/p>\n<p><span style=\"font-weight: 600;\">Ens ha servit per adonar nos que som molt afortunats i afortunades de poder venir tots els dies a l\u2019escola sense obstacles.\u00a0<\/span><\/p>\n<p>&nbsp;<\/p>\n<p><span style=\"font-weight: 400;\">Alba i Xaira<\/span><\/p>\n<p><span style=\"font-family: inherit; font-size: 1em;\">Reporteres 6\u00e8 B<\/span><\/p>\n","protected":false},"excerpt":{"rendered":"<p>&nbsp;<br \/>\nEl 10 de novembre vam anar a veure una obra de teatre al teatre de la Passi\u00f3 que es titula \u00a0CAM\u00cd A L\u2019ESCOLA .<br \/>\n&nbsp;<br \/>\nAqu\u00ed us deixem un enlla\u00e7 amb un trailer: \u00a0 <a href=\"https:\/\/youtu.be\/8pfKwuQb98Y\">https:\/\/youtu.be\/8pfKwuQb98Y<\/a><br \/>\n&nbsp;<br \/>\nVam anar amb 5\u00e8 i nosaltres ( 6\u00e8 ) hi havien m\u00e9s&hellip;  <a href=\"https:\/\/agora.xtec.cat\/escolapauvila\/general\/cami-a-lescola\/\" title=\"Read CAM\u00cd A L&#8217;ESCOLA\">Llegeix m\u00e9s\u00bb<\/a><\/p>\n","protected":false},"author":67,"featured_media":7672,"comment_status":"open","ping_status":"closed","sticky":false,"template":"","format":"standard","meta":{"_bbp_topic_count":0,"_bbp_reply_count":0,"_bbp_total_topic_count":0,"_bbp_total_reply_count":0,"_bbp_voice_count":0,"_bbp_anonymous_reply_count":0,"_bbp_topic_count_hidden":0,"_bbp_reply_count_hidden":0,"_bbp_forum_subforum_count":0,"footnotes":""},"categories":[14,15,61,1,4],"tags":[152,216,77],"class_list":["post-7671","post","type-post","status-publish","format-standard","has-post-thumbnail","hentry","category-5e","category-6e","category-grans","category-general","category-portada","tag-6e","tag-comunitat-grans","tag-nascuts2010"],"post_mailing_queue_ids":[],"_links":{"self":[{"href":"https:\/\/agora.xtec.cat\/escolapauvila\/wp-json\/wp\/v2\/posts\/7671","targetHints":{"allow":["GET"]}}],"collection":[{"href":"https:\/\/agora.xtec.cat\/escolapauvila\/wp-json\/wp\/v2\/posts"}],"about":[{"href":"https:\/\/agora.xtec.cat\/escolapauvila\/wp-json\/wp\/v2\/types\/post"}],"author":[{"embeddable":true,"href":"https:\/\/agora.xtec.cat\/escolapauvila\/wp-json\/wp\/v2\/users\/67"}],"replies":[{"embeddable":true,"href":"https:\/\/agora.xtec.cat\/escolapauvila\/wp-json\/wp\/v2\/comments?post=7671"}],"version-history":[{"count":1,"href":"https:\/\/agora.xtec.cat\/escolapauvila\/wp-json\/wp\/v2\/posts\/7671\/revisions"}],"predecessor-version":[{"id":7673,"href":"https:\/\/agora.xtec.cat\/escolapauvila\/wp-json\/wp\/v2\/posts\/7671\/revisions\/7673"}],"wp:featuredmedia":[{"embeddable":true,"href":"https:\/\/agora.xtec.cat\/escolapauvila\/wp-json\/wp\/v2\/media\/7672"}],"wp:attachment":[{"href":"https:\/\/agora.xtec.cat\/escolapauvila\/wp-json\/wp\/v2\/media?parent=7671"}],"wp:term":[{"taxonomy":"category","embeddable":true,"href":"https:\/\/agora.xtec.cat\/escolapauvila\/wp-json\/wp\/v2\/categories?post=7671"},{"taxonomy":"post_tag","embeddable":true,"href":"https:\/\/agora.xtec.cat\/escolapauvila\/wp-json\/wp\/v2\/tags?post=7671"}],"curies":[{"name":"wp","href":"https:\/\/api.w.org\/{rel}","templated":true}]}}