{"id":7645,"date":"2021-12-08T19:06:32","date_gmt":"2021-12-08T18:06:32","guid":{"rendered":"https:\/\/agora.xtec.cat\/escolapauvila\/?p=7645"},"modified":"2021-12-10T15:29:25","modified_gmt":"2021-12-10T14:29:25","slug":"sortida-al-parc-de-lagulla","status":"publish","type":"post","link":"https:\/\/agora.xtec.cat\/escolapauvila\/mitjans\/sortida-al-parc-de-lagulla\/","title":{"rendered":"SORTIDA AL PARC DE L&#8217;AGULLA"},"content":{"rendered":"<p><span style=\"font-family: 'trebuchet ms', geneva, sans-serif;\">El passat <strong>divendres 12 de novembre<\/strong>, tota la <strong><span style=\"color: #800080;\">comunitat<\/span><\/strong> <span style=\"color: #800080;\">de mitjans i mitjanes<\/span> vam realitzar la sortida de la tardor al <span style=\"color: #800080;\">Parc de l&#8217;Agulla<\/span> (Manresa).<\/span><\/p>\n<table style=\"border-collapse: collapse; width: 100%;\">\n<tbody>\n<tr>\n<td style=\"width: 50%;\"><img loading=\"lazy\" decoding=\"async\" class=\"alignnone size-medium wp-image-7647\" src=\"https:\/\/agora.xtec.cat\/escolapauvila\/wp-content\/uploads\/usu1565\/2021\/11\/IMG_8205-300x225.jpg\" alt=\"\" width=\"300\" height=\"225\" srcset=\"https:\/\/agora.xtec.cat\/escolapauvila\/wp-content\/uploads\/usu1565\/2021\/11\/IMG_8205-300x225.jpg 300w, https:\/\/agora.xtec.cat\/escolapauvila\/wp-content\/uploads\/usu1565\/2021\/11\/IMG_8205-200x150.jpg 200w, https:\/\/agora.xtec.cat\/escolapauvila\/wp-content\/uploads\/usu1565\/2021\/11\/IMG_8205.jpg 320w\" sizes=\"auto, (max-width: 300px) 100vw, 300px\" \/><\/td>\n<td style=\"width: 50%;\"><img loading=\"lazy\" decoding=\"async\" class=\"alignnone size-medium wp-image-7646\" src=\"https:\/\/agora.xtec.cat\/escolapauvila\/wp-content\/uploads\/usu1565\/2021\/11\/IMG_8218-300x225.jpg\" alt=\"\" width=\"300\" height=\"225\" srcset=\"https:\/\/agora.xtec.cat\/escolapauvila\/wp-content\/uploads\/usu1565\/2021\/11\/IMG_8218-300x225.jpg 300w, https:\/\/agora.xtec.cat\/escolapauvila\/wp-content\/uploads\/usu1565\/2021\/11\/IMG_8218-200x150.jpg 200w, https:\/\/agora.xtec.cat\/escolapauvila\/wp-content\/uploads\/usu1565\/2021\/11\/IMG_8218.jpg 320w\" sizes=\"auto, (max-width: 300px) 100vw, 300px\" \/><\/td>\n<\/tr>\n<\/tbody>\n<\/table>\n<p><span style=\"font-family: 'trebuchet ms', geneva, sans-serif;\"><span style=\"font-size: 1em;\">Quan vam acabar, vam dinar i gaud\u00edrem d&#8217;una estona\u00a0 amb els nostres companys i companyes. Vam poder jugar, anar a passejar, gaudir de la natura, fer representacions i sobretot <\/span><strong style=\"font-size: 1em;\"><span style=\"color: #800080;\">VAM GAUDIR MOLT!!<\/span><\/strong>Despr\u00e9s d&#8217;esmorzar, vam realitzar una <strong><span style=\"color: #800080;\">gimcana<\/span><\/strong> amb 6 proves: El joc del Pi, el tren, els c\u00e8rcols cooperatius, els relleus, la m\u00edmica i el joc del mocador. D&#8217;aquesta manera, cada grup anava realitzant una prova i an\u00e0vem canviant cada 10 minuts.<\/span><\/p>\n<p><span style=\"font-family: 'trebuchet ms', geneva, sans-serif;\">El nostre estimat <span style=\"color: #800080;\"><strong>Drauvil<\/strong><\/span>, ens va donar unes <span style=\"color: #800080;\">peces d&#8217;un puzzle<\/span> per haver participat en la gimcana. Cada classe vam decorar 4 o 5 peces.\u00a0 Divendres a la tarda, finalment vam sortir al pati la comunitat de mitjans i mitjanes per tal de poder unir aquestes peces. <span style=\"color: #800080;\"><strong>Hem descobert qu\u00e8 hi havia amagat!!!\u00a0<\/strong><\/span><\/span><\/p>\n<p><img loading=\"lazy\" decoding=\"async\" class=\"alignnone size-medium wp-image-7707\" src=\"https:\/\/agora.xtec.cat\/escolapauvila\/wp-content\/uploads\/usu1565\/2021\/11\/93bc1b7e-3240-4138-b1e5-2d9d781bf649-300x225.jpg\" alt=\"\" width=\"300\" height=\"225\" srcset=\"https:\/\/agora.xtec.cat\/escolapauvila\/wp-content\/uploads\/usu1565\/2021\/11\/93bc1b7e-3240-4138-b1e5-2d9d781bf649-300x225.jpg 300w, https:\/\/agora.xtec.cat\/escolapauvila\/wp-content\/uploads\/usu1565\/2021\/11\/93bc1b7e-3240-4138-b1e5-2d9d781bf649-1024x768.jpg 1024w, https:\/\/agora.xtec.cat\/escolapauvila\/wp-content\/uploads\/usu1565\/2021\/11\/93bc1b7e-3240-4138-b1e5-2d9d781bf649-768x576.jpg 768w, https:\/\/agora.xtec.cat\/escolapauvila\/wp-content\/uploads\/usu1565\/2021\/11\/93bc1b7e-3240-4138-b1e5-2d9d781bf649-1536x1152.jpg 1536w, https:\/\/agora.xtec.cat\/escolapauvila\/wp-content\/uploads\/usu1565\/2021\/11\/93bc1b7e-3240-4138-b1e5-2d9d781bf649-200x150.jpg 200w, https:\/\/agora.xtec.cat\/escolapauvila\/wp-content\/uploads\/usu1565\/2021\/11\/93bc1b7e-3240-4138-b1e5-2d9d781bf649.jpg 1600w\" sizes=\"auto, (max-width: 300px) 100vw, 300px\" \/><\/p>\n<p><a href=\"https:\/\/drive.google.com\/drive\/folders\/12wEuhoLFVgd6sFf93zb10drp6wejZlDm?usp=sharing\" target=\"_blank\" rel=\"noopener\">Aqu\u00ed<\/a> podeu gaudir de totes les fotos de la sortida!!!!<\/p>\n","protected":false},"excerpt":{"rendered":"<p>El passat divendres 12 de novembre, tota la comunitat de mitjans i mitjanes vam realitzar la sortida de la tardor al Parc de l&#8217;Agulla (Manresa).<\/p>\n<p>Quan vam acabar, vam dinar i gaud\u00edrem d&#8217;una estona\u00a0 amb els nostres companys i companyes. Vam poder jugar, anar a passejar,&hellip;  <a href=\"https:\/\/agora.xtec.cat\/escolapauvila\/mitjans\/sortida-al-parc-de-lagulla\/\" title=\"Read SORTIDA AL PARC DE L&#8217;AGULLA\">Llegeix m\u00e9s\u00bb<\/a><\/p>\n","protected":false},"author":20,"featured_media":7707,"comment_status":"open","ping_status":"closed","sticky":false,"template":"","format":"standard","meta":{"_bbp_topic_count":0,"_bbp_reply_count":0,"_bbp_total_topic_count":0,"_bbp_total_reply_count":0,"_bbp_voice_count":0,"_bbp_anonymous_reply_count":0,"_bbp_topic_count_hidden":0,"_bbp_reply_count_hidden":0,"_bbp_forum_subforum_count":0,"footnotes":""},"categories":[5],"tags":[230,90,124,81],"class_list":["post-7645","post","type-post","status-publish","format-standard","has-post-thumbnail","hentry","category-mitjans","tag-comunitat-mitjans","tag-nascuts2011","tag-nascuts2012","tag-nascuts2013"],"post_mailing_queue_ids":[],"_links":{"self":[{"href":"https:\/\/agora.xtec.cat\/escolapauvila\/wp-json\/wp\/v2\/posts\/7645","targetHints":{"allow":["GET"]}}],"collection":[{"href":"https:\/\/agora.xtec.cat\/escolapauvila\/wp-json\/wp\/v2\/posts"}],"about":[{"href":"https:\/\/agora.xtec.cat\/escolapauvila\/wp-json\/wp\/v2\/types\/post"}],"author":[{"embeddable":true,"href":"https:\/\/agora.xtec.cat\/escolapauvila\/wp-json\/wp\/v2\/users\/20"}],"replies":[{"embeddable":true,"href":"https:\/\/agora.xtec.cat\/escolapauvila\/wp-json\/wp\/v2\/comments?post=7645"}],"version-history":[{"count":2,"href":"https:\/\/agora.xtec.cat\/escolapauvila\/wp-json\/wp\/v2\/posts\/7645\/revisions"}],"predecessor-version":[{"id":7708,"href":"https:\/\/agora.xtec.cat\/escolapauvila\/wp-json\/wp\/v2\/posts\/7645\/revisions\/7708"}],"wp:featuredmedia":[{"embeddable":true,"href":"https:\/\/agora.xtec.cat\/escolapauvila\/wp-json\/wp\/v2\/media\/7707"}],"wp:attachment":[{"href":"https:\/\/agora.xtec.cat\/escolapauvila\/wp-json\/wp\/v2\/media?parent=7645"}],"wp:term":[{"taxonomy":"category","embeddable":true,"href":"https:\/\/agora.xtec.cat\/escolapauvila\/wp-json\/wp\/v2\/categories?post=7645"},{"taxonomy":"post_tag","embeddable":true,"href":"https:\/\/agora.xtec.cat\/escolapauvila\/wp-json\/wp\/v2\/tags?post=7645"}],"curies":[{"name":"wp","href":"https:\/\/api.w.org\/{rel}","templated":true}]}}