{"id":7642,"date":"2021-11-26T16:23:37","date_gmt":"2021-11-26T15:23:37","guid":{"rendered":"https:\/\/agora.xtec.cat\/escolapauvila\/?p=7642"},"modified":"2021-11-26T16:23:37","modified_gmt":"2021-11-26T15:23:37","slug":"imitem-quadres-famosos-5e-a","status":"publish","type":"post","link":"https:\/\/agora.xtec.cat\/escolapauvila\/grans\/5e\/imitem-quadres-famosos-5e-a\/","title":{"rendered":"Imitem quadres famosos (5\u00e8 A)"},"content":{"rendered":"<p>Aquest mat\u00ed, a Educaci\u00f3 F\u00edsica, hem treballat l\u2019expressi\u00f3 corporal. Hem estat fent jocs per posar en solfa la nostra capacitat de representar, expressar i comunicar amb el cos.<\/p>\n<p>Una de les activitats que hem fet tenia a veure amb l\u2019eix d\u2019escola: l\u2019art. En petits grups, els i les alumnes havien de triar un quadre fam\u00f3s per representar-lo despr\u00e9s en una fotografia. El resultat \u00e9s sorprenent!<\/p>\n<p>&nbsp;<\/p>\n<div style=\"width: 100%;\">\n<div style=\"position: relative; padding-bottom: 200.00%; padding-top: 0; height: 0;\"><iframe loading=\"lazy\" style=\"position: absolute; top: 0; left: 0; width: 100%; height: 100%;\" src=\"https:\/\/view.genial.ly\/61a0f3c06cb74b0df53bf8d5\" width=\"800\" height=\"1600\" frameborder=\"0\" scrolling=\"yes\" allowfullscreen=\"allowfullscreen\"><\/iframe><\/div>\n<div>Podeu veure les fotos de tot el proc\u00e9s fent clic <a href=\"https:\/\/photos.app.goo.gl\/6hTwcyiweajKdh9s5\">aqu\u00ed<\/a>.<\/div>\n<\/div>\n","protected":false},"excerpt":{"rendered":"<p>Aquest mat\u00ed, a Educaci\u00f3 F\u00edsica, hem treballat l\u2019expressi\u00f3 corporal. Hem estat fent jocs per posar en solfa la nostra capacitat de representar, expressar i comunicar amb el cos.<br \/>\nUna de les activitats que hem fet tenia a veure amb l\u2019eix d\u2019escola: l\u2019art. En petits grups, els&hellip;  <a href=\"https:\/\/agora.xtec.cat\/escolapauvila\/grans\/5e\/imitem-quadres-famosos-5e-a\/\" title=\"Read Imitem quadres famosos (5\u00e8 A)\">Llegeix m\u00e9s\u00bb<\/a><\/p>\n","protected":false},"author":1,"featured_media":7643,"comment_status":"open","ping_status":"closed","sticky":false,"template":"","format":"standard","meta":{"_bbp_topic_count":0,"_bbp_reply_count":0,"_bbp_total_topic_count":0,"_bbp_total_reply_count":0,"_bbp_voice_count":0,"_bbp_anonymous_reply_count":0,"_bbp_topic_count_hidden":0,"_bbp_reply_count_hidden":0,"_bbp_forum_subforum_count":0,"footnotes":""},"categories":[14],"tags":[135,90,229],"class_list":["post-7642","post","type-post","status-publish","format-standard","has-post-thumbnail","hentry","category-5e","tag-educacio-fisica","tag-nascuts2011","tag-pauvilart"],"post_mailing_queue_ids":[],"_links":{"self":[{"href":"https:\/\/agora.xtec.cat\/escolapauvila\/wp-json\/wp\/v2\/posts\/7642","targetHints":{"allow":["GET"]}}],"collection":[{"href":"https:\/\/agora.xtec.cat\/escolapauvila\/wp-json\/wp\/v2\/posts"}],"about":[{"href":"https:\/\/agora.xtec.cat\/escolapauvila\/wp-json\/wp\/v2\/types\/post"}],"author":[{"embeddable":true,"href":"https:\/\/agora.xtec.cat\/escolapauvila\/wp-json\/wp\/v2\/users\/1"}],"replies":[{"embeddable":true,"href":"https:\/\/agora.xtec.cat\/escolapauvila\/wp-json\/wp\/v2\/comments?post=7642"}],"version-history":[{"count":1,"href":"https:\/\/agora.xtec.cat\/escolapauvila\/wp-json\/wp\/v2\/posts\/7642\/revisions"}],"predecessor-version":[{"id":7644,"href":"https:\/\/agora.xtec.cat\/escolapauvila\/wp-json\/wp\/v2\/posts\/7642\/revisions\/7644"}],"wp:featuredmedia":[{"embeddable":true,"href":"https:\/\/agora.xtec.cat\/escolapauvila\/wp-json\/wp\/v2\/media\/7643"}],"wp:attachment":[{"href":"https:\/\/agora.xtec.cat\/escolapauvila\/wp-json\/wp\/v2\/media?parent=7642"}],"wp:term":[{"taxonomy":"category","embeddable":true,"href":"https:\/\/agora.xtec.cat\/escolapauvila\/wp-json\/wp\/v2\/categories?post=7642"},{"taxonomy":"post_tag","embeddable":true,"href":"https:\/\/agora.xtec.cat\/escolapauvila\/wp-json\/wp\/v2\/tags?post=7642"}],"curies":[{"name":"wp","href":"https:\/\/api.w.org\/{rel}","templated":true}]}}