{"id":7600,"date":"2021-11-21T16:55:02","date_gmt":"2021-11-21T15:55:02","guid":{"rendered":"https:\/\/agora.xtec.cat\/escolapauvila\/?p=7600"},"modified":"2021-11-21T17:03:09","modified_gmt":"2021-11-21T16:03:09","slug":"anem-a-la-passio","status":"publish","type":"post","link":"https:\/\/agora.xtec.cat\/escolapauvila\/general\/anem-a-la-passio\/","title":{"rendered":"ANEM A LA PASSI\u00d3"},"content":{"rendered":"<p><span style=\"font-weight: 400;\">AQUEST PASSAT DIMECRES LES NENES I ELS NENS DE EI4 I EI5 HEM ANAT AL TEATRE DE LA <strong><span style=\"font-size: 28px;\"><span style=\"color: #ff0000;\">P<\/span>ASSI\u00d3<\/span> <\/strong>A VEURE L&#8217;OBRA CUIDA\u2019L.<\/span><\/p>\n<p><span style=\"font-weight: 400;\">AQUEST ESPECTACLE EST\u00c0 BASAT EN L\u2019OBRA DE L\u2019ARTISTA HUNDERTWASSER QUI REIVINDICAVA LA CAPACITAT CREATIVA DE CADASC\u00da I DONAVA MOLTA IMPORT\u00c0NCIA A LA NATURA I AL VALOR DE LES PETITES COSES .<\/span><\/p>\n<p><span style=\"font-weight: 400;\">ELS <strong><span style=\"font-size: 28px;\"><span style=\"color: #ff0000;\">P<\/span>ING\u00dcINS<\/span> <\/strong>I ELS <strong><span style=\"font-size: 28px;\"><span style=\"color: #ff0000;\">E<\/span>RI\u00c7ONS<\/span> <\/strong>VAM COMEN\u00c7AR EL MAT\u00cd A LA CLASSE I VAM APROFITAR PER ESMORZAR ABANS DE MARXAR. CAP A MIG MAT\u00cd ENS VAM COMEN\u00c7AR A PREPARAR I VAM DEIXAR EL PAU VILA PER ANAR CAP AL TEATRE.\u00a0<\/span><\/p>\n<p><a href=\"https:\/\/agora.xtec.cat\/escolapauvila\/wp-content\/uploads\/usu1565\/2021\/11\/1.jpg\"><img loading=\"lazy\" decoding=\"async\" class=\"alignnone size-full wp-image-7601\" src=\"https:\/\/agora.xtec.cat\/escolapauvila\/wp-content\/uploads\/usu1565\/2021\/11\/1.jpg\" alt=\"\" width=\"500\" height=\"375\" srcset=\"https:\/\/agora.xtec.cat\/escolapauvila\/wp-content\/uploads\/usu1565\/2021\/11\/1.jpg 500w, https:\/\/agora.xtec.cat\/escolapauvila\/wp-content\/uploads\/usu1565\/2021\/11\/1-300x225.jpg 300w, https:\/\/agora.xtec.cat\/escolapauvila\/wp-content\/uploads\/usu1565\/2021\/11\/1-200x150.jpg 200w\" sizes=\"auto, (max-width: 500px) 100vw, 500px\" \/><\/a><\/p>\n<p><span style=\"font-weight: 400;\">UN COP ALL\u00cd BEN ASSEGUTS I SITUATS VAM PODER COMEN\u00c7AR A OBSERVAR TOTS ELS ELEMENTS QUE V\u00c8IEM A L\u2019ESCENARI I VAM FER PREDICCIONS DE QU\u00c8 PODIEN SER.\u00a0<\/span><\/p>\n<p><span style=\"font-weight: 400;\">HI HAVIA UNS TRONCS, UN PAISATGE QUE DE SEGUIDA VAM PENSAR QUE ERA NEU, UNA ESCALA, UNES GALLEDES\u2026<\/span><\/p>\n<p><span style=\"font-weight: 400;\">TOT SEGUIT VA COMEN\u00c7AR L\u2019ESPECTACLE. VAM PODER VEURE DIFERENTS JOCS DE LLUMS, D\u2019OMBRES I DE COLORS QUE ENS AJUDAVEN A ENDINSAR-NOS EN L\u2019HIST\u00d2RIA QUE PARTEIX D\u2019UNA GOTA D\u2019AIGUA PER PORTAR-NOS PER DIFERENTS ESCENES: LA NEU, EL MAR, LA PLUJA, EL SOL\u2026<\/span><\/p>\n<p><a href=\"https:\/\/agora.xtec.cat\/escolapauvila\/wp-content\/uploads\/usu1565\/2021\/11\/21.jpg\"><img loading=\"lazy\" decoding=\"async\" class=\"alignnone size-full wp-image-7602\" src=\"https:\/\/agora.xtec.cat\/escolapauvila\/wp-content\/uploads\/usu1565\/2021\/11\/21.jpg\" alt=\"\" width=\"500\" height=\"375\" srcset=\"https:\/\/agora.xtec.cat\/escolapauvila\/wp-content\/uploads\/usu1565\/2021\/11\/21.jpg 500w, https:\/\/agora.xtec.cat\/escolapauvila\/wp-content\/uploads\/usu1565\/2021\/11\/21-300x225.jpg 300w, https:\/\/agora.xtec.cat\/escolapauvila\/wp-content\/uploads\/usu1565\/2021\/11\/21-200x150.jpg 200w\" sizes=\"auto, (max-width: 500px) 100vw, 500px\" \/><\/a><\/p>\n<p><span style=\"font-weight: 400;\">VAM GAUDIR-LA MOLT!<\/span><\/p>\n<p>&nbsp;<\/p>\n<p><span style=\"font-weight: 400;\">UN COP A L\u2019ESCOLA VAM PENSAR QUE SERIA BONIC PODER DIBUIXAR ALL\u00d2 QUE M\u00c9S ENS HAVIA AGRADAT O SORPR\u00c8S I AIX\u00cd HO VAM FER.<\/span><\/p>\n<p><span style=\"font-weight: 400;\">ESPEREM PODER DESCOBRIR M\u00c9S COSES D\u2019AQUEST ARTISTA!<\/span><\/p>\n<p>&nbsp;<\/p>\n<p><span style=\"font-weight: 400;\">ENS ACOMIADEM AMB UN EXTRACTE DE L\u2019OBRA:<\/span><\/p>\n<p><i><span style=\"font-weight: 400;\">\u201cTOT \u00c9S AQU\u00cd PER A QUE SIGUEM FELI\u00c7OS A LA TERRA.<\/span><\/i><\/p>\n<p><i><span style=\"font-weight: 400;\">TENIM NEU I CADA DIA UN NOU MAT\u00cd. TENIM SOL I OMBRA.<\/span><\/i><\/p>\n<p><i><span style=\"font-weight: 400;\">TENIM TERRA I VENT. ANIMALS I TOTS ELS COLORS.<\/span><\/i><\/p>\n<p><i><span style=\"font-weight: 400;\">TENIM ARBRES I PLUJA. ESPERAN\u00c7A I LL\u00c0GRIMES.<\/span><\/i><\/p>\n<p><i><span style=\"font-weight: 400;\">TENIM TERRES LLUNYANES I BICICLETES.<\/span><\/i><\/p>\n<p><i><span style=\"font-weight: 400;\"><span style=\"font-size: 24px;\"><strong>SOM RICS<\/strong>.\u201d<\/span><\/span><\/i><\/p>\n","protected":false},"excerpt":{"rendered":"<p>AQUEST PASSAT DIMECRES LES NENES I ELS NENS DE EI4 I EI5 HEM ANAT AL TEATRE DE LA PASSI\u00d3 A VEURE L&#8217;OBRA CUIDA\u2019L.<br \/>\nAQUEST ESPECTACLE EST\u00c0 BASAT EN L\u2019OBRA DE L\u2019ARTISTA HUNDERTWASSER QUI REIVINDICAVA LA CAPACITAT CREATIVA DE CADASC\u00da I DONAVA MOLTA IMPORT\u00c0NCIA A LA NATURA&hellip;  <a href=\"https:\/\/agora.xtec.cat\/escolapauvila\/general\/anem-a-la-passio\/\" title=\"Read ANEM A LA PASSI\u00d3\">Llegeix m\u00e9s\u00bb<\/a><\/p>\n","protected":false},"author":13,"featured_media":7602,"comment_status":"open","ping_status":"closed","sticky":false,"template":"","format":"standard","meta":{"_bbp_topic_count":0,"_bbp_reply_count":0,"_bbp_total_topic_count":0,"_bbp_total_reply_count":0,"_bbp_voice_count":0,"_bbp_anonymous_reply_count":0,"_bbp_topic_count_hidden":0,"_bbp_reply_count_hidden":0,"_bbp_forum_subforum_count":0,"footnotes":""},"categories":[2,8,1],"tags":[198,199,97],"class_list":["post-7600","post","type-post","status-publish","format-standard","has-post-thumbnail","hentry","category-petits","category-ei4","category-general","tag-ei4a21-22","tag-ei4b21-22","tag-nascuts2017"],"post_mailing_queue_ids":[],"_links":{"self":[{"href":"https:\/\/agora.xtec.cat\/escolapauvila\/wp-json\/wp\/v2\/posts\/7600","targetHints":{"allow":["GET"]}}],"collection":[{"href":"https:\/\/agora.xtec.cat\/escolapauvila\/wp-json\/wp\/v2\/posts"}],"about":[{"href":"https:\/\/agora.xtec.cat\/escolapauvila\/wp-json\/wp\/v2\/types\/post"}],"author":[{"embeddable":true,"href":"https:\/\/agora.xtec.cat\/escolapauvila\/wp-json\/wp\/v2\/users\/13"}],"replies":[{"embeddable":true,"href":"https:\/\/agora.xtec.cat\/escolapauvila\/wp-json\/wp\/v2\/comments?post=7600"}],"version-history":[{"count":3,"href":"https:\/\/agora.xtec.cat\/escolapauvila\/wp-json\/wp\/v2\/posts\/7600\/revisions"}],"predecessor-version":[{"id":7605,"href":"https:\/\/agora.xtec.cat\/escolapauvila\/wp-json\/wp\/v2\/posts\/7600\/revisions\/7605"}],"wp:featuredmedia":[{"embeddable":true,"href":"https:\/\/agora.xtec.cat\/escolapauvila\/wp-json\/wp\/v2\/media\/7602"}],"wp:attachment":[{"href":"https:\/\/agora.xtec.cat\/escolapauvila\/wp-json\/wp\/v2\/media?parent=7600"}],"wp:term":[{"taxonomy":"category","embeddable":true,"href":"https:\/\/agora.xtec.cat\/escolapauvila\/wp-json\/wp\/v2\/categories?post=7600"},{"taxonomy":"post_tag","embeddable":true,"href":"https:\/\/agora.xtec.cat\/escolapauvila\/wp-json\/wp\/v2\/tags?post=7600"}],"curies":[{"name":"wp","href":"https:\/\/api.w.org\/{rel}","templated":true}]}}