{"id":7541,"date":"2021-11-16T20:28:12","date_gmt":"2021-11-16T19:28:12","guid":{"rendered":"https:\/\/agora.xtec.cat\/escolapauvila\/?p=7541"},"modified":"2021-11-18T10:56:55","modified_gmt":"2021-11-18T09:56:55","slug":"camins-a-lescola","status":"publish","type":"post","link":"https:\/\/agora.xtec.cat\/escolapauvila\/grans\/5e\/camins-a-lescola\/","title":{"rendered":"Camins a l&#8217;escola"},"content":{"rendered":"<p>El passat dimecres 10 de novembre vam anar al teatre La Passi\u00f3 a veure una obra que es deia Camins a l&#8217;escola. Tracta sobre com <span style=\"font-weight: 400;\">altres nens\/a van a l\u2019escola de diferents pa\u00efsos del m\u00f3n. Tots els nens no son tan afortunats com nosaltres. Tamb\u00e9 vam veure un v\u00eddeo que ho explicava.<\/span><\/p>\n<p><iframe loading=\"lazy\" title=\"YouTube video player\" src=\"\/\/www.youtube.com\/embed\/PCECN1wPNrE\" width=\"560\" height=\"315\" frameborder=\"0\" allowfullscreen=\"allowfullscreen\"><\/iframe><\/p>\n<p><span style=\"font-weight: 400;\">Per exemple en un pa\u00eds que es diu Israel, hi ha nens i nenes que ho estan pasant molt malament. <\/span><span style=\"font-weight: 400;\">Sabeu per que?<\/span><\/p>\n<p><span style=\"font-weight: 400;\">Us explicarem la historia.<\/span><\/p>\n<p><span style=\"font-weight: 400;\">Es un nen de 12 anys que es diu Josef que viu\u00a0 a Cisjord\u00e0nia.<\/span><\/p>\n<p><span style=\"font-weight: 400;\">Que cada mat\u00ed ha d&#8217;anar a l\u2019escola, i no es tan afortunat com nosaltres que anem en cotxe,autob\u00fas,etc. Hi triga\u00a0 1:30 en anar a l\u2019escola i s&#8217;ha d&#8217;arriscar\u00a0 la vida perqu\u00e8 el cam\u00ed est\u00e0 ple de militars.<\/span><\/p>\n<p><span style=\"font-weight: 400;\">I no es un cam\u00ed qualsevol \u00e9s un cam\u00ed molt llarg i perill\u00f3s, ha d&#8217;anar amb\u00a0 un mula a la escola.<\/span><\/p>\n<p><span style=\"font-weight: 400;\">Direu: qu\u00e8 \u00e9s una mula? doncs un mula \u00e9s com un esp\u00e8cie de cavall i aqu\u00ed us deixem una imatge.<\/span><\/p>\n<p><span style=\"font-weight: 400;\">Per exemple ara us posarem dos fotos de lo perill\u00f3s que \u00e9s el cam\u00ed.<\/span><\/p>\n<p><span style=\"font-weight: 400;\">\u00a0\u00a0\u00a0\u00a0\u00a0\u00a0 <a href=\"https:\/\/agora.xtec.cat\/escolapauvila\/wp-content\/uploads\/usu1565\/2021\/11\/cami-escola-pascal-plisson-001.jpg\"><img loading=\"lazy\" decoding=\"async\" class=\"alignnone size-full wp-image-7542\" src=\"https:\/\/agora.xtec.cat\/escolapauvila\/wp-content\/uploads\/usu1565\/2021\/11\/cami-escola-pascal-plisson-001.jpg\" alt=\"\" width=\"700\" height=\"394\" srcset=\"https:\/\/agora.xtec.cat\/escolapauvila\/wp-content\/uploads\/usu1565\/2021\/11\/cami-escola-pascal-plisson-001.jpg 700w, https:\/\/agora.xtec.cat\/escolapauvila\/wp-content\/uploads\/usu1565\/2021\/11\/cami-escola-pascal-plisson-001-300x169.jpg 300w\" sizes=\"auto, (max-width: 700px) 100vw, 700px\" \/><\/a> <a href=\"https:\/\/agora.xtec.cat\/escolapauvila\/wp-content\/uploads\/usu1565\/2021\/11\/Captura-de-pantalla-2020-01-24-a-les-21.31.04.png\"><img loading=\"lazy\" decoding=\"async\" class=\"alignnone size-large wp-image-7543\" src=\"https:\/\/agora.xtec.cat\/escolapauvila\/wp-content\/uploads\/usu1565\/2021\/11\/Captura-de-pantalla-2020-01-24-a-les-21.31.04.png\" alt=\"\" width=\"880\" height=\"494\" srcset=\"https:\/\/agora.xtec.cat\/escolapauvila\/wp-content\/uploads\/usu1565\/2021\/11\/Captura-de-pantalla-2020-01-24-a-les-21.31.04.png 880w, https:\/\/agora.xtec.cat\/escolapauvila\/wp-content\/uploads\/usu1565\/2021\/11\/Captura-de-pantalla-2020-01-24-a-les-21.31.04-300x168.png 300w, https:\/\/agora.xtec.cat\/escolapauvila\/wp-content\/uploads\/usu1565\/2021\/11\/Captura-de-pantalla-2020-01-24-a-les-21.31.04-768x431.png 768w\" sizes=\"auto, (max-width: 880px) 100vw, 880px\" \/><\/a><\/span><\/p>\n<p>&nbsp;<\/p>\n<p><span style=\"font-weight: 400;\">\u00a0\u00a0\u00a0\u00a0\u00a0\u00a0\u00a0\u00a0\u00a0\u00a0\u00a0\u00a0\u00a0\u00a0\u00a0\u00a0\u00a0\u00a0\u00a0\u00a0\u00a0\u00a0\u00a0\u00a0\u00a0\u00a0\u00a0\u00a0\u00a0\u00a0\u00a0\u00a0\u00a0<\/span><span style=\"font-weight: 400;\">\u00a0<\/span><span style=\"font-weight: 400;\">\u00a0<\/span><span style=\"font-weight: 400;\">\u00a0<\/span><span style=\"font-weight: 400;\">\u00a0<\/span><span style=\"font-weight: 400;\">FI<\/span><\/p>\n<p><span style=\"font-weight: 400;\">ESPERO QUE US AGRADI, FET PER LUCAS I AITOR.<\/span><\/p>\n","protected":false},"excerpt":{"rendered":"<p>El passat dimecres 10 de novembre vam anar al teatre La Passi\u00f3 a veure una obra que es deia Camins a l&#8217;escola. Tracta sobre com altres nens\/a van a l\u2019escola de diferents pa\u00efsos del m\u00f3n. Tots els nens no son tan afortunats com nosaltres. Tamb\u00e9&hellip;  <a href=\"https:\/\/agora.xtec.cat\/escolapauvila\/grans\/5e\/camins-a-lescola\/\" title=\"Read Camins a l&#8217;escola\">Llegeix m\u00e9s\u00bb<\/a><\/p>\n","protected":false},"author":32,"featured_media":7544,"comment_status":"open","ping_status":"closed","sticky":false,"template":"","format":"standard","meta":{"_bbp_topic_count":0,"_bbp_reply_count":0,"_bbp_total_topic_count":0,"_bbp_total_reply_count":0,"_bbp_voice_count":0,"_bbp_anonymous_reply_count":0,"_bbp_topic_count_hidden":0,"_bbp_reply_count_hidden":0,"_bbp_forum_subforum_count":0,"footnotes":""},"categories":[14,61],"tags":[228,216],"class_list":["post-7541","post","type-post","status-publish","format-standard","has-post-thumbnail","hentry","category-5e","category-grans","tag-5b21-22","tag-comunitat-grans"],"post_mailing_queue_ids":[],"_links":{"self":[{"href":"https:\/\/agora.xtec.cat\/escolapauvila\/wp-json\/wp\/v2\/posts\/7541","targetHints":{"allow":["GET"]}}],"collection":[{"href":"https:\/\/agora.xtec.cat\/escolapauvila\/wp-json\/wp\/v2\/posts"}],"about":[{"href":"https:\/\/agora.xtec.cat\/escolapauvila\/wp-json\/wp\/v2\/types\/post"}],"author":[{"embeddable":true,"href":"https:\/\/agora.xtec.cat\/escolapauvila\/wp-json\/wp\/v2\/users\/32"}],"replies":[{"embeddable":true,"href":"https:\/\/agora.xtec.cat\/escolapauvila\/wp-json\/wp\/v2\/comments?post=7541"}],"version-history":[{"count":2,"href":"https:\/\/agora.xtec.cat\/escolapauvila\/wp-json\/wp\/v2\/posts\/7541\/revisions"}],"predecessor-version":[{"id":7552,"href":"https:\/\/agora.xtec.cat\/escolapauvila\/wp-json\/wp\/v2\/posts\/7541\/revisions\/7552"}],"wp:featuredmedia":[{"embeddable":true,"href":"https:\/\/agora.xtec.cat\/escolapauvila\/wp-json\/wp\/v2\/media\/7544"}],"wp:attachment":[{"href":"https:\/\/agora.xtec.cat\/escolapauvila\/wp-json\/wp\/v2\/media?parent=7541"}],"wp:term":[{"taxonomy":"category","embeddable":true,"href":"https:\/\/agora.xtec.cat\/escolapauvila\/wp-json\/wp\/v2\/categories?post=7541"},{"taxonomy":"post_tag","embeddable":true,"href":"https:\/\/agora.xtec.cat\/escolapauvila\/wp-json\/wp\/v2\/tags?post=7541"}],"curies":[{"name":"wp","href":"https:\/\/api.w.org\/{rel}","templated":true}]}}