{"id":7520,"date":"2021-11-19T08:00:39","date_gmt":"2021-11-19T07:00:39","guid":{"rendered":"https:\/\/agora.xtec.cat\/escolapauvila\/?p=7520"},"modified":"2021-11-18T20:36:43","modified_gmt":"2021-11-18T19:36:43","slug":"els-racons-a-segon","status":"publish","type":"post","link":"https:\/\/agora.xtec.cat\/escolapauvila\/mitjans\/els-racons-a-segon\/","title":{"rendered":"ELS RACONS A SEGON"},"content":{"rendered":"<p style=\"text-align: center;\"><span style=\"font-family: 'trebuchet ms', geneva, sans-serif; font-size: 24px; color: #ff00ff;\"><em><strong>J<\/strong><\/em><\/span><span style=\"font-family: 'trebuchet ms', geneva, sans-serif; font-size: 24px; color: #ff00ff;\"><em><strong>A HEM COMEN\u00c7AT ELS RACONS DEL PRIMER TRIMESTRE DEL CURS 2021-2022.<\/strong><\/em><\/span><\/p>\n<p>Durant dues sessions d&#8217;una hora i mitja cada setmana, els nens i les nenes de 2n estem realitzant els diferents racons que ara us presentem:<\/p>\n<p><span style=\"font-family: 'arial black', sans-serif; font-size: 20px;\">RAC\u00d3 SIMB\u00d2LIC: construccions<\/span><\/p>\n<table style=\"border-collapse: collapse; width: 58.8633%; height: 66px;\">\n<tbody>\n<tr>\n<td style=\"width: 100%;\"><span style=\"font-family: 'comic sans ms', sans-serif;\">En aquest rac\u00f3 fem construccions amb diferents materials, comptem les peces que fem servir, les representem en Base 10 i fem el dibuix de la nostra bonica construcci\u00f3.<\/span><\/td>\n<\/tr>\n<\/tbody>\n<\/table>\n<p><span style=\"font-family: 'arial black', sans-serif; font-size: 20px;\">RAC\u00d3 ART\u00cdSTIC: el cos hum\u00e0<\/span><\/p>\n<table style=\"border-collapse: collapse; width: 60.0812%; height: 49px;\">\n<tbody>\n<tr>\n<td style=\"width: 100%;\"><span style=\"font-family: 'comic sans ms', sans-serif;\">Dibuixem una figura humana. Primer observem les proporcions d&#8217;un model de fusta. Tot seguit el dibuixem en un full, intentant no deixar-nos cap element del nostre cos.<\/span><\/td>\n<\/tr>\n<\/tbody>\n<\/table>\n<p><span style=\"font-family: 'arial black', sans-serif; font-size: 20px;\">RAC\u00d3 MATEM\u00c0TIC: numeraci\u00f3 i resoluci\u00f3 de problemes<\/span><\/p>\n<table style=\"border-collapse: collapse; width: 60.3518%; height: 31px;\">\n<tbody>\n<tr>\n<td style=\"width: 100%;\"><span style=\"font-family: 'comic sans ms', sans-serif;\">Ens han proposat dos racons de matem\u00e0tiques, un on resolem problemes de diferents dificultats i amb l&#8217;ajuda d&#8217;una pissarra blanca per poder esborrar quan ho necessitem.<\/span><\/p>\n<p><span style=\"font-family: 'comic sans ms', sans-serif;\">L&#8217;altre rac\u00f3 matem\u00e0tic \u00e9s de numeraci\u00f3, on aprenem a escriure b\u00e9 els noms del nombres fins al 100, els ordenem i practiquem la representaci\u00f3\u00a0 amb la base 10.<\/span><\/td>\n<\/tr>\n<\/tbody>\n<\/table>\n<p><span style=\"font-family: 'arial black', sans-serif; font-size: 20px;\">RAC\u00d3 TAC I LLENGUA: els aniversaris de la meva classe<\/span><\/p>\n<table style=\"border-collapse: collapse; width: 66.4411%; height: 168px;\">\n<tbody>\n<tr>\n<td style=\"width: 100%;\"><span style=\"font-family: 'comic sans ms', sans-serif;\">A l&#8217;ordinador busquem un document WORD en blanc. Anem escrivint els mesos de l&#8217;any i els companys\/es que fan anys en aquests mesos.\u00a0<\/span><\/p>\n<p><span style=\"font-family: 'comic sans ms', sans-serif;\">Posem un t\u00edtol, canviem el tipus de lletres, la mida, el color&#8230;. i quan el tenim acabat aprenem a guardar aquest document.<\/span><\/td>\n<\/tr>\n<\/tbody>\n<\/table>\n<p><strong><span style=\"font-family: 'trebuchet ms', geneva, sans-serif; font-size: 24px; color: #ff00ff;\"><em>PODEU VEURE LES IMATGES DELS RACONS CLICANT <a href=\"https:\/\/photos.app.goo.gl\/qFeCaQ7DC6qJtgWY7\">AQU\u00cd<\/a>.<\/em><\/span>\u00a0<\/strong><\/p>\n<p>&nbsp;<\/p>\n","protected":false},"excerpt":{"rendered":"<p>JA HEM COMEN\u00c7AT ELS RACONS DEL PRIMER TRIMESTRE DEL CURS 2021-2022.<br \/>\nDurant dues sessions d&#8217;una hora i mitja cada setmana, els nens i les nenes de 2n estem realitzant els diferents racons que ara us presentem:<br \/>\nRAC\u00d3 SIMB\u00d2LIC: construccions<\/p>\n<p>En aquest rac\u00f3 fem construccions amb diferents materials, comptem&hellip;  <a href=\"https:\/\/agora.xtec.cat\/escolapauvila\/mitjans\/els-racons-a-segon\/\" title=\"Read ELS RACONS A SEGON\">Llegeix m\u00e9s\u00bb<\/a><\/p>\n","protected":false},"author":1,"featured_media":0,"comment_status":"open","ping_status":"closed","sticky":false,"template":"","format":"standard","meta":{"_bbp_topic_count":0,"_bbp_reply_count":0,"_bbp_total_topic_count":0,"_bbp_total_reply_count":0,"_bbp_voice_count":0,"_bbp_anonymous_reply_count":0,"_bbp_topic_count_hidden":0,"_bbp_reply_count_hidden":0,"_bbp_forum_subforum_count":0,"footnotes":""},"categories":[11,5],"tags":[208,209,91],"class_list":["post-7520","post","type-post","status-publish","format-standard","hentry","category-2n","category-mitjans","tag-2a21-22","tag-2b21-22","tag-nascuts2014"],"post_mailing_queue_ids":[],"_links":{"self":[{"href":"https:\/\/agora.xtec.cat\/escolapauvila\/wp-json\/wp\/v2\/posts\/7520","targetHints":{"allow":["GET"]}}],"collection":[{"href":"https:\/\/agora.xtec.cat\/escolapauvila\/wp-json\/wp\/v2\/posts"}],"about":[{"href":"https:\/\/agora.xtec.cat\/escolapauvila\/wp-json\/wp\/v2\/types\/post"}],"author":[{"embeddable":true,"href":"https:\/\/agora.xtec.cat\/escolapauvila\/wp-json\/wp\/v2\/users\/1"}],"replies":[{"embeddable":true,"href":"https:\/\/agora.xtec.cat\/escolapauvila\/wp-json\/wp\/v2\/comments?post=7520"}],"version-history":[{"count":3,"href":"https:\/\/agora.xtec.cat\/escolapauvila\/wp-json\/wp\/v2\/posts\/7520\/revisions"}],"predecessor-version":[{"id":7554,"href":"https:\/\/agora.xtec.cat\/escolapauvila\/wp-json\/wp\/v2\/posts\/7520\/revisions\/7554"}],"wp:attachment":[{"href":"https:\/\/agora.xtec.cat\/escolapauvila\/wp-json\/wp\/v2\/media?parent=7520"}],"wp:term":[{"taxonomy":"category","embeddable":true,"href":"https:\/\/agora.xtec.cat\/escolapauvila\/wp-json\/wp\/v2\/categories?post=7520"},{"taxonomy":"post_tag","embeddable":true,"href":"https:\/\/agora.xtec.cat\/escolapauvila\/wp-json\/wp\/v2\/tags?post=7520"}],"curies":[{"name":"wp","href":"https:\/\/api.w.org\/{rel}","templated":true}]}}