{"id":7447,"date":"2021-11-12T15:02:12","date_gmt":"2021-11-12T14:02:12","guid":{"rendered":"https:\/\/agora.xtec.cat\/escolapauvila\/?p=7447"},"modified":"2021-11-12T17:46:30","modified_gmt":"2021-11-12T16:46:30","slug":"temps-de-tardor","status":"publish","type":"post","link":"https:\/\/agora.xtec.cat\/escolapauvila\/petits\/temps-de-tardor\/","title":{"rendered":"TEMPS DE TARDOR"},"content":{"rendered":"<p style=\"text-align: justify;\">ARRIBA LA<span style=\"font-size: 24px;\"><strong><span style=\"color: #ff0000;\"> T<\/span>ARDOR <\/strong><span style=\"font-size: 16px;\">I&#8230;\u00a0<\/span><\/span>LA CLASSE DE LES <strong>LLUMS<\/strong> I ELS <strong>COLORS<\/strong> APROFITEM LES OPORTUNITATS QUE ENS D\u00d3NA AQUESTA ESTACI\u00d3 PER A PORTAR A L&#8217;AULA (I F\u00d3RA D&#8217;ELLA) PROPOSTES BEN VARIADES I DIVERTIDES!<\/p>\n<p style=\"text-align: justify;\">VOLEU SABER ALGUNES DE LES ACTIVITATS QUE HEM FET FINS ARA?<\/p>\n<ul>\n<li style=\"text-align: justify;\">APROFITEM EL CAURE DE\u00a0 LES FULLES A LA TARDOR PER INTRODUIR EL <strong>TRA\u00c7 VERTICAL<\/strong>.<\/li>\n<\/ul>\n<p><a href=\"https:\/\/agora.xtec.cat\/escolapauvila\/wp-content\/uploads\/usu1565\/2021\/11\/gomets-scaled.jpg\"><img loading=\"lazy\" decoding=\"async\" class=\"alignnone wp-image-7464\" src=\"https:\/\/agora.xtec.cat\/escolapauvila\/wp-content\/uploads\/usu1565\/2021\/11\/gomets-1024x768.jpg\" alt=\"\" width=\"382\" height=\"287\" srcset=\"https:\/\/agora.xtec.cat\/escolapauvila\/wp-content\/uploads\/usu1565\/2021\/11\/gomets-1024x768.jpg 1024w, https:\/\/agora.xtec.cat\/escolapauvila\/wp-content\/uploads\/usu1565\/2021\/11\/gomets-300x225.jpg 300w, https:\/\/agora.xtec.cat\/escolapauvila\/wp-content\/uploads\/usu1565\/2021\/11\/gomets-768x576.jpg 768w, https:\/\/agora.xtec.cat\/escolapauvila\/wp-content\/uploads\/usu1565\/2021\/11\/gomets-1536x1152.jpg 1536w, https:\/\/agora.xtec.cat\/escolapauvila\/wp-content\/uploads\/usu1565\/2021\/11\/gomets-2048x1536.jpg 2048w, https:\/\/agora.xtec.cat\/escolapauvila\/wp-content\/uploads\/usu1565\/2021\/11\/gomets-200x150.jpg 200w\" sizes=\"auto, (max-width: 382px) 100vw, 382px\" \/><\/a><a href=\"https:\/\/agora.xtec.cat\/escolapauvila\/wp-content\/uploads\/usu1565\/2021\/11\/IMG_0410-scaled.jpg\"><img loading=\"lazy\" decoding=\"async\" class=\"wp-image-7466 alignright\" src=\"https:\/\/agora.xtec.cat\/escolapauvila\/wp-content\/uploads\/usu1565\/2021\/11\/IMG_0410-1024x768.jpg\" alt=\"\" width=\"375\" height=\"281\" srcset=\"https:\/\/agora.xtec.cat\/escolapauvila\/wp-content\/uploads\/usu1565\/2021\/11\/IMG_0410-1024x768.jpg 1024w, https:\/\/agora.xtec.cat\/escolapauvila\/wp-content\/uploads\/usu1565\/2021\/11\/IMG_0410-300x225.jpg 300w, https:\/\/agora.xtec.cat\/escolapauvila\/wp-content\/uploads\/usu1565\/2021\/11\/IMG_0410-768x576.jpg 768w, https:\/\/agora.xtec.cat\/escolapauvila\/wp-content\/uploads\/usu1565\/2021\/11\/IMG_0410-1536x1152.jpg 1536w, https:\/\/agora.xtec.cat\/escolapauvila\/wp-content\/uploads\/usu1565\/2021\/11\/IMG_0410-2048x1536.jpg 2048w, https:\/\/agora.xtec.cat\/escolapauvila\/wp-content\/uploads\/usu1565\/2021\/11\/IMG_0410-200x150.jpg 200w\" sizes=\"auto, (max-width: 375px) 100vw, 375px\" \/><\/a><\/p>\n<ul>\n<li style=\"text-align: justify;\">ANEM A BUSCAR FULLES DE LA TARDOR <strong>AL PATI<\/strong> DE L&#8217;ESCOLA, LES ESMICOLEM AMB ELS DITS I LES ENGANXEM A LA NOSTRA FULLA.<\/li>\n<\/ul>\n<p><a href=\"https:\/\/agora.xtec.cat\/escolapauvila\/wp-content\/uploads\/usu1565\/2021\/11\/IMG_0194-min-scaled.jpg\"><img loading=\"lazy\" decoding=\"async\" class=\"alignnone wp-image-7455\" src=\"https:\/\/agora.xtec.cat\/escolapauvila\/wp-content\/uploads\/usu1565\/2021\/11\/IMG_0194-min-1024x768.jpg\" alt=\"\" width=\"365\" height=\"274\" srcset=\"https:\/\/agora.xtec.cat\/escolapauvila\/wp-content\/uploads\/usu1565\/2021\/11\/IMG_0194-min-1024x768.jpg 1024w, https:\/\/agora.xtec.cat\/escolapauvila\/wp-content\/uploads\/usu1565\/2021\/11\/IMG_0194-min-300x225.jpg 300w, https:\/\/agora.xtec.cat\/escolapauvila\/wp-content\/uploads\/usu1565\/2021\/11\/IMG_0194-min-768x576.jpg 768w, https:\/\/agora.xtec.cat\/escolapauvila\/wp-content\/uploads\/usu1565\/2021\/11\/IMG_0194-min-1536x1152.jpg 1536w, https:\/\/agora.xtec.cat\/escolapauvila\/wp-content\/uploads\/usu1565\/2021\/11\/IMG_0194-min-2048x1536.jpg 2048w, https:\/\/agora.xtec.cat\/escolapauvila\/wp-content\/uploads\/usu1565\/2021\/11\/IMG_0194-min-200x150.jpg 200w\" sizes=\"auto, (max-width: 365px) 100vw, 365px\" \/>\u00a0\u00a0<\/a><a href=\"https:\/\/agora.xtec.cat\/escolapauvila\/wp-content\/uploads\/usu1565\/2021\/11\/esmicular-scaled.jpg\"><img loading=\"lazy\" decoding=\"async\" class=\"wp-image-7458 alignright\" src=\"https:\/\/agora.xtec.cat\/escolapauvila\/wp-content\/uploads\/usu1565\/2021\/11\/esmicular-1024x768.jpg\" alt=\"\" width=\"354\" height=\"265\" srcset=\"https:\/\/agora.xtec.cat\/escolapauvila\/wp-content\/uploads\/usu1565\/2021\/11\/esmicular-1024x768.jpg 1024w, https:\/\/agora.xtec.cat\/escolapauvila\/wp-content\/uploads\/usu1565\/2021\/11\/esmicular-300x225.jpg 300w, https:\/\/agora.xtec.cat\/escolapauvila\/wp-content\/uploads\/usu1565\/2021\/11\/esmicular-768x576.jpg 768w, https:\/\/agora.xtec.cat\/escolapauvila\/wp-content\/uploads\/usu1565\/2021\/11\/esmicular-1536x1152.jpg 1536w, https:\/\/agora.xtec.cat\/escolapauvila\/wp-content\/uploads\/usu1565\/2021\/11\/esmicular-2048x1536.jpg 2048w, https:\/\/agora.xtec.cat\/escolapauvila\/wp-content\/uploads\/usu1565\/2021\/11\/esmicular-200x150.jpg 200w\" sizes=\"auto, (max-width: 354px) 100vw, 354px\" \/><\/a><\/p>\n<ul>\n<li><strong>JUGUEM<\/strong>\u00a0AMB LES FULLES QUE HEM TROBAT (LES LLENCEM A L&#8217;AIRE, LES APILEM, LES TOQUEM,&#8230;).<\/li>\n<\/ul>\n<p><a href=\"https:\/\/agora.xtec.cat\/escolapauvila\/wp-content\/uploads\/usu1565\/2021\/11\/IMG_0199-min-scaled.jpg\"><img loading=\"lazy\" decoding=\"async\" class=\"alignnone wp-image-7454\" src=\"https:\/\/agora.xtec.cat\/escolapauvila\/wp-content\/uploads\/usu1565\/2021\/11\/IMG_0199-min-1024x768.jpg\" alt=\"\" width=\"386\" height=\"289\" srcset=\"https:\/\/agora.xtec.cat\/escolapauvila\/wp-content\/uploads\/usu1565\/2021\/11\/IMG_0199-min-1024x768.jpg 1024w, https:\/\/agora.xtec.cat\/escolapauvila\/wp-content\/uploads\/usu1565\/2021\/11\/IMG_0199-min-300x225.jpg 300w, https:\/\/agora.xtec.cat\/escolapauvila\/wp-content\/uploads\/usu1565\/2021\/11\/IMG_0199-min-768x576.jpg 768w, https:\/\/agora.xtec.cat\/escolapauvila\/wp-content\/uploads\/usu1565\/2021\/11\/IMG_0199-min-1536x1152.jpg 1536w, https:\/\/agora.xtec.cat\/escolapauvila\/wp-content\/uploads\/usu1565\/2021\/11\/IMG_0199-min-2048x1536.jpg 2048w, https:\/\/agora.xtec.cat\/escolapauvila\/wp-content\/uploads\/usu1565\/2021\/11\/IMG_0199-min-200x150.jpg 200w\" sizes=\"auto, (max-width: 386px) 100vw, 386px\" \/> <\/a><a href=\"https:\/\/agora.xtec.cat\/escolapauvila\/wp-content\/uploads\/usu1565\/2021\/11\/fulles-scaled.jpg\"><img loading=\"lazy\" decoding=\"async\" class=\"wp-image-7459 alignright\" src=\"https:\/\/agora.xtec.cat\/escolapauvila\/wp-content\/uploads\/usu1565\/2021\/11\/fulles-1024x768.jpg\" alt=\"\" width=\"382\" height=\"286\" srcset=\"https:\/\/agora.xtec.cat\/escolapauvila\/wp-content\/uploads\/usu1565\/2021\/11\/fulles-1024x768.jpg 1024w, https:\/\/agora.xtec.cat\/escolapauvila\/wp-content\/uploads\/usu1565\/2021\/11\/fulles-300x225.jpg 300w, https:\/\/agora.xtec.cat\/escolapauvila\/wp-content\/uploads\/usu1565\/2021\/11\/fulles-768x576.jpg 768w, https:\/\/agora.xtec.cat\/escolapauvila\/wp-content\/uploads\/usu1565\/2021\/11\/fulles-1536x1152.jpg 1536w, https:\/\/agora.xtec.cat\/escolapauvila\/wp-content\/uploads\/usu1565\/2021\/11\/fulles-2048x1536.jpg 2048w, https:\/\/agora.xtec.cat\/escolapauvila\/wp-content\/uploads\/usu1565\/2021\/11\/fulles-200x150.jpg 200w\" sizes=\"auto, (max-width: 382px) 100vw, 382px\" \/><\/a><\/p>\n<ul>\n<li>EXPERIMENTEM AMB LA SENSACI\u00d3 DE FREDOR DE LA <strong>PINTURA<\/strong> A LES NOSTRES MANS, PINTANT AMB ELS COLORS DE LA TARDOR I CREANT UNES FULLES GEGANTS.<\/li>\n<\/ul>\n<p><a href=\"https:\/\/agora.xtec.cat\/escolapauvila\/wp-content\/uploads\/usu1565\/2021\/11\/IMG_7469-min-scaled.jpg\"><img loading=\"lazy\" decoding=\"async\" class=\"alignnone wp-image-7449\" src=\"https:\/\/agora.xtec.cat\/escolapauvila\/wp-content\/uploads\/usu1565\/2021\/11\/IMG_7469-min-1024x768.jpg\" alt=\"\" width=\"376\" height=\"282\" srcset=\"https:\/\/agora.xtec.cat\/escolapauvila\/wp-content\/uploads\/usu1565\/2021\/11\/IMG_7469-min-1024x768.jpg 1024w, https:\/\/agora.xtec.cat\/escolapauvila\/wp-content\/uploads\/usu1565\/2021\/11\/IMG_7469-min-300x225.jpg 300w, https:\/\/agora.xtec.cat\/escolapauvila\/wp-content\/uploads\/usu1565\/2021\/11\/IMG_7469-min-768x576.jpg 768w, https:\/\/agora.xtec.cat\/escolapauvila\/wp-content\/uploads\/usu1565\/2021\/11\/IMG_7469-min-1536x1152.jpg 1536w, https:\/\/agora.xtec.cat\/escolapauvila\/wp-content\/uploads\/usu1565\/2021\/11\/IMG_7469-min-2048x1536.jpg 2048w, https:\/\/agora.xtec.cat\/escolapauvila\/wp-content\/uploads\/usu1565\/2021\/11\/IMG_7469-min-200x150.jpg 200w\" sizes=\"auto, (max-width: 376px) 100vw, 376px\" \/>\u00a0\u00a0 <\/a><a href=\"https:\/\/agora.xtec.cat\/escolapauvila\/wp-content\/uploads\/usu1565\/2021\/11\/pintura-scaled.jpg\"><img loading=\"lazy\" decoding=\"async\" class=\"wp-image-7462 alignright\" src=\"https:\/\/agora.xtec.cat\/escolapauvila\/wp-content\/uploads\/usu1565\/2021\/11\/pintura-1024x768.jpg\" alt=\"\" width=\"376\" height=\"282\" srcset=\"https:\/\/agora.xtec.cat\/escolapauvila\/wp-content\/uploads\/usu1565\/2021\/11\/pintura-1024x768.jpg 1024w, https:\/\/agora.xtec.cat\/escolapauvila\/wp-content\/uploads\/usu1565\/2021\/11\/pintura-300x225.jpg 300w, https:\/\/agora.xtec.cat\/escolapauvila\/wp-content\/uploads\/usu1565\/2021\/11\/pintura-768x576.jpg 768w, https:\/\/agora.xtec.cat\/escolapauvila\/wp-content\/uploads\/usu1565\/2021\/11\/pintura-1536x1152.jpg 1536w, https:\/\/agora.xtec.cat\/escolapauvila\/wp-content\/uploads\/usu1565\/2021\/11\/pintura-2048x1536.jpg 2048w, https:\/\/agora.xtec.cat\/escolapauvila\/wp-content\/uploads\/usu1565\/2021\/11\/pintura-200x150.jpg 200w\" sizes=\"auto, (max-width: 376px) 100vw, 376px\" \/><\/a><\/p>\n<ul>\n<li style=\"text-align: justify;\"><strong>EXPERIMENTEM<\/strong>\u00a0AMB LES PELES DE LES MANDARINES. QU\u00c8 PASSAR\u00c0 SI LES POSEM A UNA BATEDORA? SORTIR\u00c0 SUC?<\/li>\n<\/ul>\n<p><a href=\"https:\/\/agora.xtec.cat\/escolapauvila\/wp-content\/uploads\/usu1565\/2021\/11\/IMG_0569-min-scaled.jpg\"><img loading=\"lazy\" decoding=\"async\" class=\"alignnone wp-image-7453\" src=\"https:\/\/agora.xtec.cat\/escolapauvila\/wp-content\/uploads\/usu1565\/2021\/11\/IMG_0569-min-1024x768.jpg\" alt=\"\" width=\"412\" height=\"309\" srcset=\"https:\/\/agora.xtec.cat\/escolapauvila\/wp-content\/uploads\/usu1565\/2021\/11\/IMG_0569-min-1024x768.jpg 1024w, https:\/\/agora.xtec.cat\/escolapauvila\/wp-content\/uploads\/usu1565\/2021\/11\/IMG_0569-min-300x225.jpg 300w, https:\/\/agora.xtec.cat\/escolapauvila\/wp-content\/uploads\/usu1565\/2021\/11\/IMG_0569-min-768x576.jpg 768w, https:\/\/agora.xtec.cat\/escolapauvila\/wp-content\/uploads\/usu1565\/2021\/11\/IMG_0569-min-1536x1152.jpg 1536w, https:\/\/agora.xtec.cat\/escolapauvila\/wp-content\/uploads\/usu1565\/2021\/11\/IMG_0569-min-2048x1536.jpg 2048w, https:\/\/agora.xtec.cat\/escolapauvila\/wp-content\/uploads\/usu1565\/2021\/11\/IMG_0569-min-200x150.jpg 200w\" sizes=\"auto, (max-width: 412px) 100vw, 412px\" \/>\u00a0 <\/a><a href=\"https:\/\/agora.xtec.cat\/escolapauvila\/wp-content\/uploads\/usu1565\/2021\/11\/batedora-scaled.jpg\"><img loading=\"lazy\" decoding=\"async\" class=\"wp-image-7460 alignright\" src=\"https:\/\/agora.xtec.cat\/escolapauvila\/wp-content\/uploads\/usu1565\/2021\/11\/batedora-768x1024.jpg\" alt=\"\" width=\"278\" height=\"370\" srcset=\"https:\/\/agora.xtec.cat\/escolapauvila\/wp-content\/uploads\/usu1565\/2021\/11\/batedora-768x1024.jpg 768w, https:\/\/agora.xtec.cat\/escolapauvila\/wp-content\/uploads\/usu1565\/2021\/11\/batedora-225x300.jpg 225w, https:\/\/agora.xtec.cat\/escolapauvila\/wp-content\/uploads\/usu1565\/2021\/11\/batedora-1152x1536.jpg 1152w, https:\/\/agora.xtec.cat\/escolapauvila\/wp-content\/uploads\/usu1565\/2021\/11\/batedora-1536x2048.jpg 1536w, https:\/\/agora.xtec.cat\/escolapauvila\/wp-content\/uploads\/usu1565\/2021\/11\/batedora-scaled.jpg 1920w\" sizes=\"auto, (max-width: 278px) 100vw, 278px\" \/><\/a><\/p>\n<p>&nbsp;<\/p>\n<p>&nbsp;<\/p>\n<ul>\n<li>FEM\u00a0<strong>SUCS<\/strong> DE TARONJA I LLIMONA I PROVEM QUIN GUST T\u00c9 CADASC\u00daN (AMARG, DOL\u00c7).<\/li>\n<\/ul>\n<p><a href=\"https:\/\/agora.xtec.cat\/escolapauvila\/wp-content\/uploads\/usu1565\/2021\/11\/IMG_0682-min-scaled.jpg\"><img loading=\"lazy\" decoding=\"async\" class=\"alignnone wp-image-7452\" src=\"https:\/\/agora.xtec.cat\/escolapauvila\/wp-content\/uploads\/usu1565\/2021\/11\/IMG_0682-min-1024x768.jpg\" alt=\"\" width=\"386\" height=\"289\" srcset=\"https:\/\/agora.xtec.cat\/escolapauvila\/wp-content\/uploads\/usu1565\/2021\/11\/IMG_0682-min-1024x768.jpg 1024w, https:\/\/agora.xtec.cat\/escolapauvila\/wp-content\/uploads\/usu1565\/2021\/11\/IMG_0682-min-300x225.jpg 300w, https:\/\/agora.xtec.cat\/escolapauvila\/wp-content\/uploads\/usu1565\/2021\/11\/IMG_0682-min-768x576.jpg 768w, https:\/\/agora.xtec.cat\/escolapauvila\/wp-content\/uploads\/usu1565\/2021\/11\/IMG_0682-min-1536x1152.jpg 1536w, https:\/\/agora.xtec.cat\/escolapauvila\/wp-content\/uploads\/usu1565\/2021\/11\/IMG_0682-min-2048x1536.jpg 2048w, https:\/\/agora.xtec.cat\/escolapauvila\/wp-content\/uploads\/usu1565\/2021\/11\/IMG_0682-min-200x150.jpg 200w\" sizes=\"auto, (max-width: 386px) 100vw, 386px\" \/> <\/a><a href=\"https:\/\/agora.xtec.cat\/escolapauvila\/wp-content\/uploads\/usu1565\/2021\/11\/IMG_6495-2.jpg\"><img loading=\"lazy\" decoding=\"async\" class=\"wp-image-7506 alignright\" src=\"https:\/\/agora.xtec.cat\/escolapauvila\/wp-content\/uploads\/usu1565\/2021\/11\/IMG_6495-2-768x1024.jpg\" alt=\"\" width=\"212\" height=\"282\" srcset=\"https:\/\/agora.xtec.cat\/escolapauvila\/wp-content\/uploads\/usu1565\/2021\/11\/IMG_6495-2-768x1024.jpg 768w, https:\/\/agora.xtec.cat\/escolapauvila\/wp-content\/uploads\/usu1565\/2021\/11\/IMG_6495-2-225x300.jpg 225w, https:\/\/agora.xtec.cat\/escolapauvila\/wp-content\/uploads\/usu1565\/2021\/11\/IMG_6495-2-1152x1536.jpg 1152w, https:\/\/agora.xtec.cat\/escolapauvila\/wp-content\/uploads\/usu1565\/2021\/11\/IMG_6495-2.jpg 1254w\" sizes=\"auto, (max-width: 212px) 100vw, 212px\" \/><\/a><\/p>\n<ul>\n<li>APROFITEM LES TARONGES QUE ENS VAN SOBRAR PER A REALITZAR ESTAMPACI\u00d3 SOBRE EL FULL.<\/li>\n<\/ul>\n<p><a href=\"https:\/\/agora.xtec.cat\/escolapauvila\/wp-content\/uploads\/usu1565\/2021\/11\/IMG_0699-min-scaled.jpg\"><img loading=\"lazy\" decoding=\"async\" class=\"alignnone wp-image-7451\" src=\"https:\/\/agora.xtec.cat\/escolapauvila\/wp-content\/uploads\/usu1565\/2021\/11\/IMG_0699-min-1024x768.jpg\" alt=\"\" width=\"387\" height=\"290\" srcset=\"https:\/\/agora.xtec.cat\/escolapauvila\/wp-content\/uploads\/usu1565\/2021\/11\/IMG_0699-min-1024x768.jpg 1024w, https:\/\/agora.xtec.cat\/escolapauvila\/wp-content\/uploads\/usu1565\/2021\/11\/IMG_0699-min-300x225.jpg 300w, https:\/\/agora.xtec.cat\/escolapauvila\/wp-content\/uploads\/usu1565\/2021\/11\/IMG_0699-min-768x576.jpg 768w, https:\/\/agora.xtec.cat\/escolapauvila\/wp-content\/uploads\/usu1565\/2021\/11\/IMG_0699-min-1536x1152.jpg 1536w, https:\/\/agora.xtec.cat\/escolapauvila\/wp-content\/uploads\/usu1565\/2021\/11\/IMG_0699-min-2048x1536.jpg 2048w, https:\/\/agora.xtec.cat\/escolapauvila\/wp-content\/uploads\/usu1565\/2021\/11\/IMG_0699-min-200x150.jpg 200w\" sizes=\"auto, (max-width: 387px) 100vw, 387px\" \/>\u00a0 <\/a><a href=\"https:\/\/agora.xtec.cat\/escolapauvila\/wp-content\/uploads\/usu1565\/2021\/11\/taronges-scaled.jpg\"><img loading=\"lazy\" decoding=\"async\" class=\"wp-image-7461 alignright\" src=\"https:\/\/agora.xtec.cat\/escolapauvila\/wp-content\/uploads\/usu1565\/2021\/11\/taronges-1024x768.jpg\" alt=\"\" width=\"388\" height=\"291\" srcset=\"https:\/\/agora.xtec.cat\/escolapauvila\/wp-content\/uploads\/usu1565\/2021\/11\/taronges-1024x768.jpg 1024w, https:\/\/agora.xtec.cat\/escolapauvila\/wp-content\/uploads\/usu1565\/2021\/11\/taronges-300x225.jpg 300w, https:\/\/agora.xtec.cat\/escolapauvila\/wp-content\/uploads\/usu1565\/2021\/11\/taronges-768x576.jpg 768w, https:\/\/agora.xtec.cat\/escolapauvila\/wp-content\/uploads\/usu1565\/2021\/11\/taronges-1536x1152.jpg 1536w, https:\/\/agora.xtec.cat\/escolapauvila\/wp-content\/uploads\/usu1565\/2021\/11\/taronges-2048x1536.jpg 2048w, https:\/\/agora.xtec.cat\/escolapauvila\/wp-content\/uploads\/usu1565\/2021\/11\/taronges-200x150.jpg 200w\" sizes=\"auto, (max-width: 388px) 100vw, 388px\" \/><\/a><\/p>\n<ul>\n<li>FEM\u00a0<strong>CARGOLS<\/strong> AMB BANYES, DESPR\u00c9S D&#8217;EXPLICAR I ESCOLTAR EL CONTE.<\/li>\n<\/ul>\n<p><a href=\"https:\/\/agora.xtec.cat\/escolapauvila\/wp-content\/uploads\/usu1565\/2021\/11\/IMG_0733-scaled.jpg\"><img loading=\"lazy\" decoding=\"async\" class=\"wp-image-7456 aligncenter\" src=\"https:\/\/agora.xtec.cat\/escolapauvila\/wp-content\/uploads\/usu1565\/2021\/11\/IMG_0733-1024x768.jpg\" alt=\"\" width=\"535\" height=\"401\" srcset=\"https:\/\/agora.xtec.cat\/escolapauvila\/wp-content\/uploads\/usu1565\/2021\/11\/IMG_0733-1024x768.jpg 1024w, https:\/\/agora.xtec.cat\/escolapauvila\/wp-content\/uploads\/usu1565\/2021\/11\/IMG_0733-300x225.jpg 300w, https:\/\/agora.xtec.cat\/escolapauvila\/wp-content\/uploads\/usu1565\/2021\/11\/IMG_0733-768x576.jpg 768w, https:\/\/agora.xtec.cat\/escolapauvila\/wp-content\/uploads\/usu1565\/2021\/11\/IMG_0733-1536x1152.jpg 1536w, https:\/\/agora.xtec.cat\/escolapauvila\/wp-content\/uploads\/usu1565\/2021\/11\/IMG_0733-2048x1536.jpg 2048w, https:\/\/agora.xtec.cat\/escolapauvila\/wp-content\/uploads\/usu1565\/2021\/11\/IMG_0733-200x150.jpg 200w\" sizes=\"auto, (max-width: 535px) 100vw, 535px\" \/><\/a><\/p>\n<p>&nbsp;<\/p>\n<p><strong>US QUEDEU AMB GANES DE VEURE M\u00c9S FOTOGRAFIES?\u00a0<\/strong><\/p>\n<p>CLIQUEU <a href=\"https:\/\/photos.app.goo.gl\/Z6Abrt9S5tcdSbLu9\">AQU\u00cd<\/a> PER VEURE TOTES LES FOTOS DE LA <strong>CLASSE DELS COLORS<\/strong><\/p>\n<p>CLIQUEU <a href=\"https:\/\/photos.app.goo.gl\/ZuTtQ164GgqN4B598\">AQU\u00cd<\/a> PER VEURE TOTES LES FOTOS DE LA <strong>CLASSE DE LES LLUMS<\/strong><\/p>\n","protected":false},"excerpt":{"rendered":"<p>ARRIBA LA TARDOR I&#8230;\u00a0LA CLASSE DE LES LLUMS I ELS COLORS APROFITEM LES OPORTUNITATS QUE ENS D\u00d3NA AQUESTA ESTACI\u00d3 PER A PORTAR A L&#8217;AULA (I F\u00d3RA D&#8217;ELLA) PROPOSTES BEN VARIADES I DIVERTIDES!<br \/>\nVOLEU SABER ALGUNES DE LES ACTIVITATS QUE HEM FET FINS ARA?<\/p>\n<ul>\n<li style=\"text-align: justify;\">APROFITEM EL&hellip;  <a href=\"https:\/\/agora.xtec.cat\/escolapauvila\/petits\/temps-de-tardor\/\" title=\"Read TEMPS DE TARDOR\">Llegeix m\u00e9s\u00bb<\/a><br \/>\n","protected":false},"author":1,"featured_media":7448,"comment_status":"open","ping_status":"closed","sticky":false,"template":"","format":"standard","meta":{"_bbp_topic_count":0,"_bbp_reply_count":0,"_bbp_total_topic_count":0,"_bbp_total_reply_count":0,"_bbp_voice_count":0,"_bbp_anonymous_reply_count":0,"_bbp_topic_count_hidden":0,"_bbp_reply_count_hidden":0,"_bbp_forum_subforum_count":0,"footnotes":""},"categories":[2,3],"tags":[94,95,210],"class_list":["post-7447","post","type-post","status-publish","format-standard","has-post-thumbnail","hentry","category-petits","category-ei3","tag-ei3a20-21","tag-ei3b20-21","tag-nascuts2018"],"post_mailing_queue_ids":[],"_links":{"self":[{"href":"https:\/\/agora.xtec.cat\/escolapauvila\/wp-json\/wp\/v2\/posts\/7447","targetHints":{"allow":["GET"]}}],"collection":[{"href":"https:\/\/agora.xtec.cat\/escolapauvila\/wp-json\/wp\/v2\/posts"}],"about":[{"href":"https:\/\/agora.xtec.cat\/escolapauvila\/wp-json\/wp\/v2\/types\/post"}],"author":[{"embeddable":true,"href":"https:\/\/agora.xtec.cat\/escolapauvila\/wp-json\/wp\/v2\/users\/1"}],"replies":[{"embeddable":true,"href":"https:\/\/agora.xtec.cat\/escolapauvila\/wp-json\/wp\/v2\/comments?post=7447"}],"version-history":[{"count":3,"href":"https:\/\/agora.xtec.cat\/escolapauvila\/wp-json\/wp\/v2\/posts\/7447\/revisions"}],"predecessor-version":[{"id":7463,"href":"https:\/\/agora.xtec.cat\/escolapauvila\/wp-json\/wp\/v2\/posts\/7447\/revisions\/7463"}],"wp:featuredmedia":[{"embeddable":true,"href":"https:\/\/agora.xtec.cat\/escolapauvila\/wp-json\/wp\/v2\/media\/7448"}],"wp:attachment":[{"href":"https:\/\/agora.xtec.cat\/escolapauvila\/wp-json\/wp\/v2\/media?parent=7447"}],"wp:term":[{"taxonomy":"category","embeddable":true,"href":"https:\/\/agora.xtec.cat\/escolapauvila\/wp-json\/wp\/v2\/categories?post=7447"},{"taxonomy":"post_tag","embeddable":true,"href":"https:\/\/agora.xtec.cat\/escolapauvila\/wp-json\/wp\/v2\/tags?post=7447"}],"curies":[{"name":"wp","href":"https:\/\/api.w.org\/{rel}","templated":true}]}}