{"id":7430,"date":"2021-11-07T19:42:32","date_gmt":"2021-11-07T18:42:32","guid":{"rendered":"https:\/\/agora.xtec.cat\/escolapauvila\/?p=7430"},"modified":"2021-11-10T09:21:23","modified_gmt":"2021-11-10T08:21:23","slug":"sortida-a-lermita-de-la-salut","status":"publish","type":"post","link":"https:\/\/agora.xtec.cat\/escolapauvila\/general\/sortida-a-lermita-de-la-salut\/","title":{"rendered":"Sortida a l&#8217;Ermita de la Salut"},"content":{"rendered":"<p>El divendres 29 d&#8217;octubre, els nois i noies de la comunitat dels grans van fer una sortida a l&#8217;Ermita de la Salut de Collbat\u00f3.<\/p>\n<p>Va ser un dia molt emotiu, perqu\u00e8 els companys de 5\u00e8 i 6\u00e8 donaven la benvinguda a la comunitat als nens i nenes de 4t.<\/p>\n<p>A causa de la pand\u00e8mia, no es va poder fer el tradicional dinar compartit, per\u00f2 s\u00ed que es van fer unes postres compartides per a cada classe que ells i elles van elaborar uns dies abans a l&#8217;aula.<\/p>\n<p>Vam sortir a les 9:30 de l&#8217;escola i passejant vam arribar a l&#8217;espai de p\u00edcnic de Can Roca, on vam esmorzar i ens van donar la benvinguda. Seguidament, vam comen\u00e7ar la pujada cap a Collbat\u00f3 pel cam\u00ed ve\u00efnal, gaudint de l&#8217;entorn i de les converses entre companys i companyes. En arribar a l&#8217;Ermita de la Salut, vam tenir una estona de joc i experimentaci\u00f3, per despr\u00e9s dinar i gaudir de les postres que hav\u00edem elaborat. Per finalitzar la jornada, la baixada la vam fer en autocar.<\/p>\n<p>Ens ho vam passar genial!<\/p>\n<p style=\"text-align: center;\"><a href=\"https:\/\/photos.google.com\/share\/AF1QipM431JNXKIqE3f89HeomEsG_fDa2JNBm9ttqo6AF5DLeT2W-ZxCpjYajTtsnHEkXg?key=LXVpN2xrbFlGTTAxZC1PTnlwU2l2RkNMNUVXVmpR\"><img loading=\"lazy\" decoding=\"async\" class=\"aligncenter wp-image-7432\" src=\"https:\/\/agora.xtec.cat\/escolapauvila\/wp-content\/uploads\/usu1565\/2021\/11\/IMG20211029114541_opt-300x225.jpg\" alt=\"\" width=\"500\" height=\"375\" srcset=\"https:\/\/agora.xtec.cat\/escolapauvila\/wp-content\/uploads\/usu1565\/2021\/11\/IMG20211029114541_opt-300x225.jpg 300w, https:\/\/agora.xtec.cat\/escolapauvila\/wp-content\/uploads\/usu1565\/2021\/11\/IMG20211029114541_opt-1024x768.jpg 1024w, https:\/\/agora.xtec.cat\/escolapauvila\/wp-content\/uploads\/usu1565\/2021\/11\/IMG20211029114541_opt-768x576.jpg 768w, https:\/\/agora.xtec.cat\/escolapauvila\/wp-content\/uploads\/usu1565\/2021\/11\/IMG20211029114541_opt-200x150.jpg 200w, https:\/\/agora.xtec.cat\/escolapauvila\/wp-content\/uploads\/usu1565\/2021\/11\/IMG20211029114541_opt.jpg 1200w\" sizes=\"auto, (max-width: 500px) 100vw, 500px\" \/>TOTES LES IMATGES<\/a><\/p>\n","protected":false},"excerpt":{"rendered":"<p>El divendres 29 d&#8217;octubre, els nois i noies de la comunitat dels grans van fer una sortida a l&#8217;Ermita de la Salut de Collbat\u00f3.<br \/>\nVa ser un dia molt emotiu, perqu\u00e8 els companys de 5\u00e8 i 6\u00e8 donaven la benvinguda a la comunitat als nens i&hellip;  <a href=\"https:\/\/agora.xtec.cat\/escolapauvila\/general\/sortida-a-lermita-de-la-salut\/\" title=\"Read Sortida a l&#8217;Ermita de la Salut\">Llegeix m\u00e9s\u00bb<\/a><\/p>\n","protected":false},"author":69,"featured_media":7432,"comment_status":"open","ping_status":"closed","sticky":false,"template":"","format":"standard","meta":{"_bbp_topic_count":0,"_bbp_reply_count":0,"_bbp_total_topic_count":0,"_bbp_total_reply_count":0,"_bbp_voice_count":0,"_bbp_anonymous_reply_count":0,"_bbp_topic_count_hidden":0,"_bbp_reply_count_hidden":0,"_bbp_forum_subforum_count":0,"footnotes":""},"categories":[13,1],"tags":[221,216,124],"class_list":["post-7430","post","type-post","status-publish","format-standard","has-post-thumbnail","hentry","category-4t","category-general","tag-4a21-22","tag-comunitat-grans","tag-nascuts2012"],"post_mailing_queue_ids":[],"_links":{"self":[{"href":"https:\/\/agora.xtec.cat\/escolapauvila\/wp-json\/wp\/v2\/posts\/7430","targetHints":{"allow":["GET"]}}],"collection":[{"href":"https:\/\/agora.xtec.cat\/escolapauvila\/wp-json\/wp\/v2\/posts"}],"about":[{"href":"https:\/\/agora.xtec.cat\/escolapauvila\/wp-json\/wp\/v2\/types\/post"}],"author":[{"embeddable":true,"href":"https:\/\/agora.xtec.cat\/escolapauvila\/wp-json\/wp\/v2\/users\/69"}],"replies":[{"embeddable":true,"href":"https:\/\/agora.xtec.cat\/escolapauvila\/wp-json\/wp\/v2\/comments?post=7430"}],"version-history":[{"count":3,"href":"https:\/\/agora.xtec.cat\/escolapauvila\/wp-json\/wp\/v2\/posts\/7430\/revisions"}],"predecessor-version":[{"id":7435,"href":"https:\/\/agora.xtec.cat\/escolapauvila\/wp-json\/wp\/v2\/posts\/7430\/revisions\/7435"}],"wp:featuredmedia":[{"embeddable":true,"href":"https:\/\/agora.xtec.cat\/escolapauvila\/wp-json\/wp\/v2\/media\/7432"}],"wp:attachment":[{"href":"https:\/\/agora.xtec.cat\/escolapauvila\/wp-json\/wp\/v2\/media?parent=7430"}],"wp:term":[{"taxonomy":"category","embeddable":true,"href":"https:\/\/agora.xtec.cat\/escolapauvila\/wp-json\/wp\/v2\/categories?post=7430"},{"taxonomy":"post_tag","embeddable":true,"href":"https:\/\/agora.xtec.cat\/escolapauvila\/wp-json\/wp\/v2\/tags?post=7430"}],"curies":[{"name":"wp","href":"https:\/\/api.w.org\/{rel}","templated":true}]}}