{"id":7428,"date":"2023-04-12T10:43:49","date_gmt":"2023-04-12T08:43:49","guid":{"rendered":"https:\/\/agora.xtec.cat\/escolapauvila\/?p=7428"},"modified":"2023-04-12T10:43:49","modified_gmt":"2023-04-12T08:43:49","slug":"sortida-al-cosmocaixa","status":"publish","type":"post","link":"https:\/\/agora.xtec.cat\/escolapauvila\/general\/sortida-al-cosmocaixa\/","title":{"rendered":"Sortida al Cosmocaixa"},"content":{"rendered":"<p><span style=\"font-weight: 400;\">Bon dia fam\u00edlies, aquest divendres 31 de mar\u00e7 els alumnes de 6\u00e8 anirem al Cosmocaixa. El trajecte el farem en autocar fins a l\u2019Avinguda del Tibidabo que \u00e9s on est\u00e0 el Cosmocaixa.<\/span><\/p>\n<p><span style=\"font-weight: 400;\">A un grup li faran una visita guiada per tot el centre, mentre que un altre grup estar\u00e0 fent un altre activitat sobre l&#8217;electricitat, concretament l\u2019electricitat est\u00e0tica i despr\u00e9s canviaran fent un grup el que ha fet l\u2019altre.\u00a0<\/span><\/p>\n<p>&nbsp;<\/p>\n<p><span style=\"font-weight: 400;\">L\u2019horari ser\u00e0 el seg\u00fcent:<\/span><\/p>\n<p>&nbsp;<\/p>\n<p><span style=\"font-weight: 400;\">9h-10h\u00a0 Sortim de l&#8217;escola<\/span><\/p>\n<p><span style=\"font-weight: 400;\">10h-11h\u00a0 Esmorzar<\/span><\/p>\n<p><span style=\"font-weight: 400;\">11h-12:30 Visita 1<\/span><\/p>\n<p><span style=\"font-weight: 400;\">12:30- 13:45 Dinar<\/span><\/p>\n<p><span style=\"font-weight: 400;\">13:45-15h\u00a0 Visita 2<\/span><\/p>\n<p><span style=\"font-weight: 400;\">15h- 16:30 Marxar<\/span><\/p>\n<p>&nbsp;<\/p>\n<p><span style=\"font-weight: 400;\">Farem una activitat extra sobre l\u2019univers, que es pot destacar el bloc de gel gegant, la bola d\u2019electrons i el que els nens\/es mes desitgen \u201cLa capibara\u201d que hi \u00e9s a l\u2019apartat de l&#8217;Amazones.<\/span><\/p>\n<p>&nbsp;<\/p>\n<p><span style=\"font-weight: 400;\">Aqu\u00ed teniu <\/span><a href=\"https:\/\/photos.app.goo.gl\/sEzNQCuFQqSeudrR6\"><span style=\"font-weight: 400;\">imatges<\/span><\/a><span style=\"font-weight: 400;\"> de despr\u00e9s del que hem fet.<\/span><\/p>\n<p><span style=\"font-weight: 400;\">Que tingueu un bon dia fam\u00edlies!!!\u00a0<\/span><\/p>\n<p><a href=\"https:\/\/agora.xtec.cat\/escolapauvila\/wp-content\/uploads\/usu1565\/2021\/11\/gg.jpg\"><img loading=\"lazy\" decoding=\"async\" class=\"aligncenter size-full wp-image-9527\" src=\"https:\/\/agora.xtec.cat\/escolapauvila\/wp-content\/uploads\/usu1565\/2021\/11\/gg.jpg\" alt=\"\" width=\"420\" height=\"316\" srcset=\"https:\/\/agora.xtec.cat\/escolapauvila\/wp-content\/uploads\/usu1565\/2021\/11\/gg.jpg 420w, https:\/\/agora.xtec.cat\/escolapauvila\/wp-content\/uploads\/usu1565\/2021\/11\/gg-300x226.jpg 300w, https:\/\/agora.xtec.cat\/escolapauvila\/wp-content\/uploads\/usu1565\/2021\/11\/gg-200x150.jpg 200w\" sizes=\"auto, (max-width: 420px) 100vw, 420px\" \/><\/a><\/p>\n","protected":false},"excerpt":{"rendered":"<p>Bon dia fam\u00edlies, aquest divendres 31 de mar\u00e7 els alumnes de 6\u00e8 anirem al Cosmocaixa. El trajecte el farem en autocar fins a l\u2019Avinguda del Tibidabo que \u00e9s on est\u00e0 el Cosmocaixa.<br \/>\nA un grup li faran una visita guiada per tot el centre, mentre que&hellip;  <a href=\"https:\/\/agora.xtec.cat\/escolapauvila\/general\/sortida-al-cosmocaixa\/\" title=\"Read Sortida al Cosmocaixa\">Llegeix m\u00e9s\u00bb<\/a><\/p>\n","protected":false},"author":1,"featured_media":0,"comment_status":"open","ping_status":"closed","sticky":false,"template":"","format":"standard","meta":{"_bbp_topic_count":0,"_bbp_reply_count":0,"_bbp_total_topic_count":0,"_bbp_total_reply_count":0,"_bbp_voice_count":0,"_bbp_anonymous_reply_count":0,"_bbp_topic_count_hidden":0,"_bbp_reply_count_hidden":0,"_bbp_forum_subforum_count":0,"footnotes":""},"categories":[15,61,1],"tags":[286,216,90],"class_list":["post-7428","post","type-post","status-publish","format-standard","hentry","category-6e","category-grans","category-general","tag-6b22-23","tag-comunitat-grans","tag-nascuts2011"],"post_mailing_queue_ids":[],"_links":{"self":[{"href":"https:\/\/agora.xtec.cat\/escolapauvila\/wp-json\/wp\/v2\/posts\/7428","targetHints":{"allow":["GET"]}}],"collection":[{"href":"https:\/\/agora.xtec.cat\/escolapauvila\/wp-json\/wp\/v2\/posts"}],"about":[{"href":"https:\/\/agora.xtec.cat\/escolapauvila\/wp-json\/wp\/v2\/types\/post"}],"author":[{"embeddable":true,"href":"https:\/\/agora.xtec.cat\/escolapauvila\/wp-json\/wp\/v2\/users\/1"}],"replies":[{"embeddable":true,"href":"https:\/\/agora.xtec.cat\/escolapauvila\/wp-json\/wp\/v2\/comments?post=7428"}],"version-history":[{"count":3,"href":"https:\/\/agora.xtec.cat\/escolapauvila\/wp-json\/wp\/v2\/posts\/7428\/revisions"}],"predecessor-version":[{"id":9528,"href":"https:\/\/agora.xtec.cat\/escolapauvila\/wp-json\/wp\/v2\/posts\/7428\/revisions\/9528"}],"wp:attachment":[{"href":"https:\/\/agora.xtec.cat\/escolapauvila\/wp-json\/wp\/v2\/media?parent=7428"}],"wp:term":[{"taxonomy":"category","embeddable":true,"href":"https:\/\/agora.xtec.cat\/escolapauvila\/wp-json\/wp\/v2\/categories?post=7428"},{"taxonomy":"post_tag","embeddable":true,"href":"https:\/\/agora.xtec.cat\/escolapauvila\/wp-json\/wp\/v2\/tags?post=7428"}],"curies":[{"name":"wp","href":"https:\/\/api.w.org\/{rel}","templated":true}]}}