{"id":7267,"date":"2021-10-08T15:35:14","date_gmt":"2021-10-08T13:35:14","guid":{"rendered":"https:\/\/agora.xtec.cat\/escolapauvila\/?p=7267"},"modified":"2021-11-10T09:24:59","modified_gmt":"2021-11-10T08:24:59","slug":"programacio-i-robotica","status":"publish","type":"post","link":"https:\/\/agora.xtec.cat\/escolapauvila\/portada\/programacio-i-robotica\/","title":{"rendered":"Programaci\u00f3 i rob\u00f2tica"},"content":{"rendered":"<p>Aquest curs, com a novetat, l&#8217;alumnat de 5\u00e8 i 6\u00e8 de Prim\u00e0ria est\u00e0 participant en classes de programaci\u00f3 i rob\u00f2tica. Es tracta d&#8217;un programa pilot del Departament d&#8217;Educaci\u00f3, amb la col\u00b7laboraci\u00f3 del CRP de Martorell, al que l&#8217;escola s&#8217;ha adherit amb la intenci\u00f3 de millorar la compet\u00e8ncia digital dels infants de l&#8217;escola.<\/p>\n<p><img loading=\"lazy\" decoding=\"async\" class=\"wp-image-7268 size-medium alignleft\" src=\"https:\/\/agora.xtec.cat\/escolapauvila\/wp-content\/uploads\/usu1565\/2021\/10\/IMG_5605-300x225.jpg\" alt=\"\" width=\"300\" height=\"225\" srcset=\"https:\/\/agora.xtec.cat\/escolapauvila\/wp-content\/uploads\/usu1565\/2021\/10\/IMG_5605-300x225.jpg 300w, https:\/\/agora.xtec.cat\/escolapauvila\/wp-content\/uploads\/usu1565\/2021\/10\/IMG_5605-1024x768.jpg 1024w, https:\/\/agora.xtec.cat\/escolapauvila\/wp-content\/uploads\/usu1565\/2021\/10\/IMG_5605-768x576.jpg 768w, https:\/\/agora.xtec.cat\/escolapauvila\/wp-content\/uploads\/usu1565\/2021\/10\/IMG_5605-200x150.jpg 200w, https:\/\/agora.xtec.cat\/escolapauvila\/wp-content\/uploads\/usu1565\/2021\/10\/IMG_5605.jpg 1040w\" sizes=\"auto, (max-width: 300px) 100vw, 300px\" \/><\/p>\n<p>Utilitzem plaques <a href=\"https:\/\/microbit.org\/\">micro:bit<\/a> per aprendre conceptes de pensament computacional, molt relacionats amb continguts treballats a les aules (h\u00e0bits de salut, llengua, medi natural&#8230;). Volem que aquest aprenentatge tecnol\u00f2gic ajudi a fomentar les bases d&#8217;altres aprenentatges, d&#8217;una manera motivadora.<\/p>\n<p>Val a dir que tot l&#8217;alumnat s&#8217;est\u00e0 mostrant molt engrescat, i ja comencem a programar les nostres primeres ordres! Si tot segueix a aquest ritme, d&#8217;aqu\u00ed a poc temps podrem preparar m\u00e0quines per a fer-nos la vida una mica m\u00e9s f\u00e0cil, regant les plantes autom\u00e0ticament, pujant i baixant persianes o fent sonar una alarma quan la temperatura sigui massa freda. Aqu\u00ed podeu veure alguns exemples del que hem comen\u00e7at a programar:<\/p>\n<p><img loading=\"lazy\" decoding=\"async\" class=\"wp-image-7269 size-medium alignleft\" src=\"https:\/\/agora.xtec.cat\/escolapauvila\/wp-content\/uploads\/usu1565\/2021\/10\/IMG_5601-225x300.jpg\" alt=\"\" width=\"225\" height=\"300\" srcset=\"https:\/\/agora.xtec.cat\/escolapauvila\/wp-content\/uploads\/usu1565\/2021\/10\/IMG_5601-225x300.jpg 225w, https:\/\/agora.xtec.cat\/escolapauvila\/wp-content\/uploads\/usu1565\/2021\/10\/IMG_5601.jpg 585w\" sizes=\"auto, (max-width: 225px) 100vw, 225px\" \/><\/p>\n<p><a href=\"https:\/\/makecode.microbit.org\/16569-58407-12043-14039\">Relaxem-nos controlant el ritme de la respiraci\u00f3<img loading=\"lazy\" decoding=\"async\" class=\"wp-image-7270 size-medium alignright\" src=\"https:\/\/agora.xtec.cat\/escolapauvila\/wp-content\/uploads\/usu1565\/2021\/10\/IMG_5581-300x225.jpg\" alt=\"\" width=\"300\" height=\"225\" srcset=\"https:\/\/agora.xtec.cat\/escolapauvila\/wp-content\/uploads\/usu1565\/2021\/10\/IMG_5581-300x225.jpg 300w, https:\/\/agora.xtec.cat\/escolapauvila\/wp-content\/uploads\/usu1565\/2021\/10\/IMG_5581-1024x768.jpg 1024w, https:\/\/agora.xtec.cat\/escolapauvila\/wp-content\/uploads\/usu1565\/2021\/10\/IMG_5581-768x576.jpg 768w, https:\/\/agora.xtec.cat\/escolapauvila\/wp-content\/uploads\/usu1565\/2021\/10\/IMG_5581-200x150.jpg 200w, https:\/\/agora.xtec.cat\/escolapauvila\/wp-content\/uploads\/usu1565\/2021\/10\/IMG_5581.jpg 1155w\" sizes=\"auto, (max-width: 300px) 100vw, 300px\" \/><\/a><\/p>\n<p><a href=\"https:\/\/makecode.microbit.org\/45234-18841-94809-03573\">Simulem els batecs del cor<\/a><\/p>\n<p>&nbsp;<\/p>\n<p>Si feu clic en aquest <a href=\"https:\/\/photos.app.goo.gl\/msLhB6RC8SSUQbwA6\">enlla\u00e7<\/a>, podreu veure les fotos de les primeres sessions de 5\u00e8 i 6\u00e8. Seguirem treballant per aprendre&#8217;n una mica m\u00e9s cada dia!<\/p>\n<p>&nbsp;<\/p>\n","protected":false},"excerpt":{"rendered":"<p>Aquest curs, com a novetat, l&#8217;alumnat de 5\u00e8 i 6\u00e8 de Prim\u00e0ria est\u00e0 participant en classes de programaci\u00f3 i rob\u00f2tica. Es tracta d&#8217;un programa pilot del Departament d&#8217;Educaci\u00f3, amb la col\u00b7laboraci\u00f3 del CRP de Martorell, al que l&#8217;escola s&#8217;ha adherit amb la intenci\u00f3 de millorar&hellip;  <a href=\"https:\/\/agora.xtec.cat\/escolapauvila\/portada\/programacio-i-robotica\/\" title=\"Read Programaci\u00f3 i rob\u00f2tica\">Llegeix m\u00e9s\u00bb<\/a><\/p>\n","protected":false},"author":1,"featured_media":7270,"comment_status":"open","ping_status":"closed","sticky":false,"template":"","format":"standard","meta":{"_bbp_topic_count":0,"_bbp_reply_count":0,"_bbp_total_topic_count":0,"_bbp_total_reply_count":0,"_bbp_voice_count":0,"_bbp_anonymous_reply_count":0,"_bbp_topic_count_hidden":0,"_bbp_reply_count_hidden":0,"_bbp_forum_subforum_count":0,"footnotes":""},"categories":[14,15,61,4],"tags":[77,90,204],"class_list":["post-7267","post","type-post","status-publish","format-standard","has-post-thumbnail","hentry","category-5e","category-6e","category-grans","category-portada","tag-nascuts2010","tag-nascuts2011","tag-programacio"],"post_mailing_queue_ids":[],"_links":{"self":[{"href":"https:\/\/agora.xtec.cat\/escolapauvila\/wp-json\/wp\/v2\/posts\/7267","targetHints":{"allow":["GET"]}}],"collection":[{"href":"https:\/\/agora.xtec.cat\/escolapauvila\/wp-json\/wp\/v2\/posts"}],"about":[{"href":"https:\/\/agora.xtec.cat\/escolapauvila\/wp-json\/wp\/v2\/types\/post"}],"author":[{"embeddable":true,"href":"https:\/\/agora.xtec.cat\/escolapauvila\/wp-json\/wp\/v2\/users\/1"}],"replies":[{"embeddable":true,"href":"https:\/\/agora.xtec.cat\/escolapauvila\/wp-json\/wp\/v2\/comments?post=7267"}],"version-history":[{"count":3,"href":"https:\/\/agora.xtec.cat\/escolapauvila\/wp-json\/wp\/v2\/posts\/7267\/revisions"}],"predecessor-version":[{"id":7275,"href":"https:\/\/agora.xtec.cat\/escolapauvila\/wp-json\/wp\/v2\/posts\/7267\/revisions\/7275"}],"wp:featuredmedia":[{"embeddable":true,"href":"https:\/\/agora.xtec.cat\/escolapauvila\/wp-json\/wp\/v2\/media\/7270"}],"wp:attachment":[{"href":"https:\/\/agora.xtec.cat\/escolapauvila\/wp-json\/wp\/v2\/media?parent=7267"}],"wp:term":[{"taxonomy":"category","embeddable":true,"href":"https:\/\/agora.xtec.cat\/escolapauvila\/wp-json\/wp\/v2\/categories?post=7267"},{"taxonomy":"post_tag","embeddable":true,"href":"https:\/\/agora.xtec.cat\/escolapauvila\/wp-json\/wp\/v2\/tags?post=7267"}],"curies":[{"name":"wp","href":"https:\/\/api.w.org\/{rel}","templated":true}]}}