{"id":6959,"date":"2021-06-15T15:00:10","date_gmt":"2021-06-15T13:00:10","guid":{"rendered":"https:\/\/agora.xtec.cat\/escolapauvila\/?p=6959"},"modified":"2021-06-14T09:43:10","modified_gmt":"2021-06-14T07:43:10","slug":"tardes-dexperimentacio-al-pati","status":"publish","type":"post","link":"https:\/\/agora.xtec.cat\/escolapauvila\/petits\/tardes-dexperimentacio-al-pati\/","title":{"rendered":"TARDES D&#8217;EXPERIMENTACI\u00d3 AL PATI"},"content":{"rendered":"<p>LES <strong>VAQUES<\/strong> I ELS <strong>CONILLS<\/strong> HEM DEDICAT LES TARDES DELS DIMARTS I DIMECRES DEL MES DE MAIG A <span style=\"font-size: 24px; color: #ff0000;\"><strong>EXPERIMENTAR A L&#8217;EXTERIOR<\/strong>.<\/span><\/p>\n<p>ELS NENS I NENES HAN POGUT <strong>EXPLORAR LLIUREMENT<\/strong> DIFERENTS OBJECTES I MATERIALS <strong>A NIVELL SENSORIAL I PERCEPTIU.<\/strong> SENSE QUE L&#8217;ADULT CONTROLI EL JOC, HAN FET TOT ALL\u00d2 QUE HAN VOLGUT AMB EL QUE TENIEN AL DAVANT. HAN RECONEGUT LES CARACTER\u00cdSTIQUES DELS OBJECTES, HAN POSAT EN LLOC ELS SENTITS (ELS HAN MIRAT, ELS HAN TOCAT), HAN PROVAT POSSIBILITATS (ASSAIG-ERROR),&#8230;<\/p>\n<p>AQUESTES HAN ESTAT LES ACTIVITATS QUE HEM PROPOSAT PER REALITZAR DE MANERA SIMULT\u00c0NIA:<\/p>\n<p><strong><span style=\"font-size: 24px; color: #0000ff;\">SURA O S&#8217;ENFONSA?<\/span>\u00a0<\/strong>ENS HEM ENDINSAT EN LA FLOTABILITAT DELS OBJECTES A TRAV\u00c9S DE LA FORMULACI\u00d3 D&#8217;HIP\u00d2TESIS, L&#8217;EXPERIMENTACI\u00d3 I LA CLASSIFICACI\u00d3 MITJAN\u00c7ANT EL M\u00c8TODE CIENT\u00cdFIC.<\/p>\n<p><a href=\"https:\/\/agora.xtec.cat\/escolapauvila\/wp-content\/uploads\/usu1565\/2021\/06\/sura1.jpg\"><img loading=\"lazy\" decoding=\"async\" class=\"alignnone size-large wp-image-6997\" src=\"https:\/\/agora.xtec.cat\/escolapauvila\/wp-content\/uploads\/usu1565\/2021\/06\/sura1-1024x768.jpg\" alt=\"\" width=\"1024\" height=\"768\" srcset=\"https:\/\/agora.xtec.cat\/escolapauvila\/wp-content\/uploads\/usu1565\/2021\/06\/sura1-1024x768.jpg 1024w, https:\/\/agora.xtec.cat\/escolapauvila\/wp-content\/uploads\/usu1565\/2021\/06\/sura1-300x225.jpg 300w, https:\/\/agora.xtec.cat\/escolapauvila\/wp-content\/uploads\/usu1565\/2021\/06\/sura1-768x576.jpg 768w, https:\/\/agora.xtec.cat\/escolapauvila\/wp-content\/uploads\/usu1565\/2021\/06\/sura1-200x150.jpg 200w, https:\/\/agora.xtec.cat\/escolapauvila\/wp-content\/uploads\/usu1565\/2021\/06\/sura1.jpg 1632w\" sizes=\"auto, (max-width: 1024px) 100vw, 1024px\" \/><\/a><\/p>\n<p><span style=\"font-size: 24px; color: #0000ff;\"><strong>BARREJA DE COLORS: QUIN COLOR SORTIR\u00c0? <\/strong><\/span>HEM\u00a0EXPERIMENTAT AMB LA BARREJA DELS COLORS PRIMARIS (VERMELL, GROC I BLAU) DESCOBRINT QUINS COLORS OBTENIM. POSEM UNA MICA DE COLORANT A L&#8217;AIGUA I&#8230; SORPRESA!<\/p>\n<p><a href=\"https:\/\/agora.xtec.cat\/escolapauvila\/wp-content\/uploads\/usu1565\/2021\/06\/IMG_1029.jpg\"><img loading=\"lazy\" decoding=\"async\" class=\"alignnone size-large wp-image-6964\" src=\"https:\/\/agora.xtec.cat\/escolapauvila\/wp-content\/uploads\/usu1565\/2021\/06\/IMG_1029-1024x768.jpg\" alt=\"\" width=\"1024\" height=\"768\" srcset=\"https:\/\/agora.xtec.cat\/escolapauvila\/wp-content\/uploads\/usu1565\/2021\/06\/IMG_1029-1024x768.jpg 1024w, https:\/\/agora.xtec.cat\/escolapauvila\/wp-content\/uploads\/usu1565\/2021\/06\/IMG_1029-300x225.jpg 300w, https:\/\/agora.xtec.cat\/escolapauvila\/wp-content\/uploads\/usu1565\/2021\/06\/IMG_1029-768x576.jpg 768w, https:\/\/agora.xtec.cat\/escolapauvila\/wp-content\/uploads\/usu1565\/2021\/06\/IMG_1029-200x150.jpg 200w\" sizes=\"auto, (max-width: 1024px) 100vw, 1024px\" \/><\/a><\/p>\n<p><span style=\"color: #0000ff; font-size: 24px;\"><strong>EL SORRAL: <\/strong><\/span>EN AQUEST ESPAI ELS NENS I NENES HAN PLANTEJAT REPTES SENSORIALS, D&#8217;IMAGINACI\u00d3,&#8230;OMPLIR I BUIDAR, TRASLLADAR, DESENVOLUOPAMENT DEL JOC SIMB\u00d2LIC, INVENTAR,&#8230;<\/p>\n<p>&nbsp;<\/p>\n<p>&nbsp;<\/p>\n<p><a href=\"https:\/\/agora.xtec.cat\/escolapauvila\/wp-content\/uploads\/usu1565\/2021\/06\/sorral1.jpg\"><img loading=\"lazy\" decoding=\"async\" class=\"alignnone size-large wp-image-6998\" src=\"https:\/\/agora.xtec.cat\/escolapauvila\/wp-content\/uploads\/usu1565\/2021\/06\/sorral1-1024x768.jpg\" alt=\"\" width=\"1024\" height=\"768\" srcset=\"https:\/\/agora.xtec.cat\/escolapauvila\/wp-content\/uploads\/usu1565\/2021\/06\/sorral1-1024x768.jpg 1024w, https:\/\/agora.xtec.cat\/escolapauvila\/wp-content\/uploads\/usu1565\/2021\/06\/sorral1-300x225.jpg 300w, https:\/\/agora.xtec.cat\/escolapauvila\/wp-content\/uploads\/usu1565\/2021\/06\/sorral1-768x576.jpg 768w, https:\/\/agora.xtec.cat\/escolapauvila\/wp-content\/uploads\/usu1565\/2021\/06\/sorral1-200x150.jpg 200w, https:\/\/agora.xtec.cat\/escolapauvila\/wp-content\/uploads\/usu1565\/2021\/06\/sorral1.jpg 1632w\" sizes=\"auto, (max-width: 1024px) 100vw, 1024px\" \/><\/a><\/p>\n<p><span style=\"color: #0000ff; font-size: 24px;\"><strong>BOMBOLLES DE SAB\u00d3. <\/strong><\/span>HEM\u00a0PREPARAT EL SAB\u00d3, AMB DETERGENT DE RENTAR PLATS I GLICERINA, PER CREAR BOMBOLLES I VEURE COM SUREN PER L&#8217;AIRE I DESPR\u00c9S ESCLATEN. HA ESTAT SORPRENENT PELS NENS I NENES.<\/p>\n<p>&nbsp;<\/p>\n<p><a href=\"https:\/\/agora.xtec.cat\/escolapauvila\/wp-content\/uploads\/usu1565\/2021\/06\/bombolles1.jpg\"><img loading=\"lazy\" decoding=\"async\" class=\"alignnone size-large wp-image-6999\" src=\"https:\/\/agora.xtec.cat\/escolapauvila\/wp-content\/uploads\/usu1565\/2021\/06\/bombolles1-1024x768.jpg\" alt=\"\" width=\"1024\" height=\"768\" srcset=\"https:\/\/agora.xtec.cat\/escolapauvila\/wp-content\/uploads\/usu1565\/2021\/06\/bombolles1-1024x768.jpg 1024w, https:\/\/agora.xtec.cat\/escolapauvila\/wp-content\/uploads\/usu1565\/2021\/06\/bombolles1-300x225.jpg 300w, https:\/\/agora.xtec.cat\/escolapauvila\/wp-content\/uploads\/usu1565\/2021\/06\/bombolles1-768x576.jpg 768w, https:\/\/agora.xtec.cat\/escolapauvila\/wp-content\/uploads\/usu1565\/2021\/06\/bombolles1-200x150.jpg 200w, https:\/\/agora.xtec.cat\/escolapauvila\/wp-content\/uploads\/usu1565\/2021\/06\/bombolles1.jpg 1632w\" sizes=\"auto, (max-width: 1024px) 100vw, 1024px\" \/><\/a><\/p>\n<p><span style=\"font-size: 24px;\"><strong><span style=\"color: #0000ff;\">EXPERIMENTANT AMB EL MOVIMENT: RAMPES.<\/span> <\/strong><\/span>BAIXEN ELS COTXES DE LA MATEIXA MANERA PER LES DIFERENTS RAMPES? COM BAIXARAN M\u00c9S R\u00c0PID? DEPENENT DE LA POSICI\u00d3 DE LA RAMPA AQUESTS PODEN TENIR M\u00c9S O MENYS VELOCITAT. HEM PROVAT POSSIBILITATS DE MANERA COOPERATIVA.<\/p>\n<p><a href=\"https:\/\/agora.xtec.cat\/escolapauvila\/wp-content\/uploads\/usu1565\/2021\/06\/IMG_1034.jpg\"><img loading=\"lazy\" decoding=\"async\" class=\"alignnone size-large wp-image-6962\" src=\"https:\/\/agora.xtec.cat\/escolapauvila\/wp-content\/uploads\/usu1565\/2021\/06\/IMG_1034-1024x768.jpg\" alt=\"\" width=\"1024\" height=\"768\" srcset=\"https:\/\/agora.xtec.cat\/escolapauvila\/wp-content\/uploads\/usu1565\/2021\/06\/IMG_1034-1024x768.jpg 1024w, https:\/\/agora.xtec.cat\/escolapauvila\/wp-content\/uploads\/usu1565\/2021\/06\/IMG_1034-300x225.jpg 300w, https:\/\/agora.xtec.cat\/escolapauvila\/wp-content\/uploads\/usu1565\/2021\/06\/IMG_1034-768x576.jpg 768w, https:\/\/agora.xtec.cat\/escolapauvila\/wp-content\/uploads\/usu1565\/2021\/06\/IMG_1034-200x150.jpg 200w\" sizes=\"auto, (max-width: 1024px) 100vw, 1024px\" \/><\/a><\/p>\n<p><span style=\"color: #0000ff; font-size: 24px;\"><strong>LLUMS I COLORS: <\/strong><\/span>HEM FET CONSTRUCCIONS QUE REFLEXAVEN ELS COLORS AL TERRA. HEM INVESTIGAT\u00a0COM SURT EL COLOR AL TERRA I EN QUINA POSICI\u00d3 HE DE COL.LOCAR LA PE\u00c7A.<\/p>\n<p><a href=\"https:\/\/agora.xtec.cat\/escolapauvila\/wp-content\/uploads\/usu1565\/2021\/06\/IMG_1026.jpg\"><img loading=\"lazy\" decoding=\"async\" class=\"alignnone size-large wp-image-6961\" src=\"https:\/\/agora.xtec.cat\/escolapauvila\/wp-content\/uploads\/usu1565\/2021\/06\/IMG_1026-1024x768.jpg\" alt=\"\" width=\"1024\" height=\"768\" srcset=\"https:\/\/agora.xtec.cat\/escolapauvila\/wp-content\/uploads\/usu1565\/2021\/06\/IMG_1026-1024x768.jpg 1024w, https:\/\/agora.xtec.cat\/escolapauvila\/wp-content\/uploads\/usu1565\/2021\/06\/IMG_1026-300x225.jpg 300w, https:\/\/agora.xtec.cat\/escolapauvila\/wp-content\/uploads\/usu1565\/2021\/06\/IMG_1026-768x576.jpg 768w, https:\/\/agora.xtec.cat\/escolapauvila\/wp-content\/uploads\/usu1565\/2021\/06\/IMG_1026-200x150.jpg 200w\" sizes=\"auto, (max-width: 1024px) 100vw, 1024px\" \/><\/a><\/p>\n<p>&nbsp;<\/p>\n<p style=\"text-align: center;\"><span style=\"font-size: 20px;\"><strong>EXPERIMENTAR PERMET ALS INFANTS <span style=\"color: #0000ff;\">PENSAR<\/span>, <span style=\"color: #00ff00;\">INVESTIGAR<\/span>, <span style=\"color: #ff00ff;\">FORMULAR HIP\u00d2TESIS<\/span>, <span style=\"color: #ffff00;\">OBSERVAR&#8230;<\/span><\/strong><\/span><\/p>\n<p>&nbsp;<\/p>\n<p><strong>PER VEURE TOTES LES FOTOGRAFIES DE LES VAQUES CLIQUEU <a href=\"https:\/\/photos.app.goo.gl\/U3n2A1aN7rs17NLd6\">AQU\u00cd.<\/a><\/strong><\/p>\n<p><strong>PER VEURE TOTES LES FOTOGRAFIES DELS CONILLS CLIQUEU <a href=\"https:\/\/photos.app.goo.gl\/jhHRHNufivdNfUjD9\">AQU\u00cd.\u00a0<\/a><\/strong><\/p>\n","protected":false},"excerpt":{"rendered":"<p>LES VAQUES I ELS CONILLS HEM DEDICAT LES TARDES DELS DIMARTS I DIMECRES DEL MES DE MAIG A EXPERIMENTAR A L&#8217;EXTERIOR.<br \/>\nELS NENS I NENES HAN POGUT EXPLORAR LLIUREMENT DIFERENTS OBJECTES I MATERIALS A NIVELL SENSORIAL I PERCEPTIU. SENSE QUE L&#8217;ADULT CONTROLI EL JOC, HAN FET&hellip;  <a href=\"https:\/\/agora.xtec.cat\/escolapauvila\/petits\/tardes-dexperimentacio-al-pati\/\" title=\"Read TARDES D&#8217;EXPERIMENTACI\u00d3 AL PATI\">Llegeix m\u00e9s\u00bb<\/a><\/p>\n","protected":false},"author":1,"featured_media":6960,"comment_status":"open","ping_status":"closed","sticky":false,"template":"","format":"standard","meta":{"_bbp_topic_count":0,"_bbp_reply_count":0,"_bbp_total_topic_count":0,"_bbp_total_reply_count":0,"_bbp_voice_count":0,"_bbp_anonymous_reply_count":0,"_bbp_topic_count_hidden":0,"_bbp_reply_count_hidden":0,"_bbp_forum_subforum_count":0,"footnotes":""},"categories":[2,8],"tags":[103,114,104],"class_list":["post-6959","post","type-post","status-publish","format-standard","has-post-thumbnail","hentry","category-petits","category-ei4","tag-ei4a20-21","tag-ei4b20-21","tag-nascuts2016"],"post_mailing_queue_ids":[],"_links":{"self":[{"href":"https:\/\/agora.xtec.cat\/escolapauvila\/wp-json\/wp\/v2\/posts\/6959","targetHints":{"allow":["GET"]}}],"collection":[{"href":"https:\/\/agora.xtec.cat\/escolapauvila\/wp-json\/wp\/v2\/posts"}],"about":[{"href":"https:\/\/agora.xtec.cat\/escolapauvila\/wp-json\/wp\/v2\/types\/post"}],"author":[{"embeddable":true,"href":"https:\/\/agora.xtec.cat\/escolapauvila\/wp-json\/wp\/v2\/users\/1"}],"replies":[{"embeddable":true,"href":"https:\/\/agora.xtec.cat\/escolapauvila\/wp-json\/wp\/v2\/comments?post=6959"}],"version-history":[{"count":3,"href":"https:\/\/agora.xtec.cat\/escolapauvila\/wp-json\/wp\/v2\/posts\/6959\/revisions"}],"predecessor-version":[{"id":7001,"href":"https:\/\/agora.xtec.cat\/escolapauvila\/wp-json\/wp\/v2\/posts\/6959\/revisions\/7001"}],"wp:featuredmedia":[{"embeddable":true,"href":"https:\/\/agora.xtec.cat\/escolapauvila\/wp-json\/wp\/v2\/media\/6960"}],"wp:attachment":[{"href":"https:\/\/agora.xtec.cat\/escolapauvila\/wp-json\/wp\/v2\/media?parent=6959"}],"wp:term":[{"taxonomy":"category","embeddable":true,"href":"https:\/\/agora.xtec.cat\/escolapauvila\/wp-json\/wp\/v2\/categories?post=6959"},{"taxonomy":"post_tag","embeddable":true,"href":"https:\/\/agora.xtec.cat\/escolapauvila\/wp-json\/wp\/v2\/tags?post=6959"}],"curies":[{"name":"wp","href":"https:\/\/api.w.org\/{rel}","templated":true}]}}