{"id":6911,"date":"2021-06-07T10:01:35","date_gmt":"2021-06-07T08:01:35","guid":{"rendered":"https:\/\/agora.xtec.cat\/escolapauvila\/?p=6911"},"modified":"2021-06-07T10:05:28","modified_gmt":"2021-06-07T08:05:28","slug":"nova-documentacio-proces-de-preinscripcio-21-22","status":"publish","type":"post","link":"https:\/\/agora.xtec.cat\/escolapauvila\/portada\/nova-documentacio-proces-de-preinscripcio-21-22\/","title":{"rendered":"Nova documentaci\u00f3 proc\u00e9s de preinscripci\u00f3 21-22"},"content":{"rendered":"<p>Podeu consultar el llistat d&#8217;Alumnes Preinscrits, Alumnes assignats al nostre centre i Alumnes que han queden a la llista d&#8217;espera. Feu tap als seg\u00fcents enlla\u00e7os:<\/p>\n<p><a href=\"https:\/\/agora.xtec.cat\/escolapauvila\/wp-content\/uploads\/usu1565\/2021\/06\/Alumnes-Preinscrits-al-centre-Pau-Vila.pdf\">Alumnes Preinscrits al centre Pau Vila<\/a><\/p>\n<p><a href=\"https:\/\/agora.xtec.cat\/escolapauvila\/wp-content\/uploads\/usu1565\/2021\/06\/Alumnes-assignats-al-centre-Pau-Vila.pdf\">Alumnes assignats al centre Pau Vila<\/a><\/p>\n<p><a style=\"color: #2795b6;\" href=\"https:\/\/agora.xtec.cat\/escolapauvila\/wp-content\/uploads\/usu1565\/2021\/06\/Llista-despera-al-centre-Pau-Vila.pdf\">Llista d&#8217;espera al centre Pau Vila<\/a><img loading=\"lazy\" decoding=\"async\" class=\"aligncenter wp-image-6915 size-medium\" src=\"https:\/\/agora.xtec.cat\/escolapauvila\/wp-content\/uploads\/usu1565\/2021\/06\/docs-300x300.jpg\" alt=\"\" width=\"300\" height=\"300\" srcset=\"https:\/\/agora.xtec.cat\/escolapauvila\/wp-content\/uploads\/usu1565\/2021\/06\/docs-300x300.jpg 300w, https:\/\/agora.xtec.cat\/escolapauvila\/wp-content\/uploads\/usu1565\/2021\/06\/docs-150x150.jpg 150w, https:\/\/agora.xtec.cat\/escolapauvila\/wp-content\/uploads\/usu1565\/2021\/06\/docs.jpg 626w\" sizes=\"auto, (max-width: 300px) 100vw, 300px\" \/><\/p>\n","protected":false},"excerpt":{"rendered":"<p>Podeu consultar el llistat d&#8217;Alumnes Preinscrits, Alumnes assignats al nostre centre i Alumnes que han queden a la llista d&#8217;espera. Feu tap als seg\u00fcents enlla\u00e7os:<br \/>\n<a href=\"https:\/\/agora.xtec.cat\/escolapauvila\/wp-content\/uploads\/usu1565\/2021\/06\/Alumnes-Preinscrits-al-centre-Pau-Vila.pdf\">Alumnes Preinscrits al centre Pau Vila<\/a><br \/>\n<a href=\"https:\/\/agora.xtec.cat\/escolapauvila\/wp-content\/uploads\/usu1565\/2021\/06\/Alumnes-assignats-al-centre-Pau-Vila.pdf\">Alumnes assignats al centre Pau Vila<\/a><br \/>\n<a style=\"color: #2795b6;\" href=\"https:\/\/agora.xtec.cat\/escolapauvila\/wp-content\/uploads\/usu1565\/2021\/06\/Llista-despera-al-centre-Pau-Vila.pdf\">Llista d&#8217;espera al centre Pau Vila<\/a><\/p>\n","protected":false},"author":1,"featured_media":6915,"comment_status":"open","ping_status":"closed","sticky":false,"template":"","format":"standard","meta":{"_bbp_topic_count":0,"_bbp_reply_count":0,"_bbp_total_topic_count":0,"_bbp_total_reply_count":0,"_bbp_voice_count":0,"_bbp_anonymous_reply_count":0,"_bbp_topic_count_hidden":0,"_bbp_reply_count_hidden":0,"_bbp_forum_subforum_count":0,"footnotes":""},"categories":[171,4],"tags":[],"class_list":["post-6911","post","type-post","status-publish","format-standard","has-post-thumbnail","hentry","category-documentacio","category-portada"],"post_mailing_queue_ids":[],"_links":{"self":[{"href":"https:\/\/agora.xtec.cat\/escolapauvila\/wp-json\/wp\/v2\/posts\/6911","targetHints":{"allow":["GET"]}}],"collection":[{"href":"https:\/\/agora.xtec.cat\/escolapauvila\/wp-json\/wp\/v2\/posts"}],"about":[{"href":"https:\/\/agora.xtec.cat\/escolapauvila\/wp-json\/wp\/v2\/types\/post"}],"author":[{"embeddable":true,"href":"https:\/\/agora.xtec.cat\/escolapauvila\/wp-json\/wp\/v2\/users\/1"}],"replies":[{"embeddable":true,"href":"https:\/\/agora.xtec.cat\/escolapauvila\/wp-json\/wp\/v2\/comments?post=6911"}],"version-history":[{"count":3,"href":"https:\/\/agora.xtec.cat\/escolapauvila\/wp-json\/wp\/v2\/posts\/6911\/revisions"}],"predecessor-version":[{"id":6918,"href":"https:\/\/agora.xtec.cat\/escolapauvila\/wp-json\/wp\/v2\/posts\/6911\/revisions\/6918"}],"wp:featuredmedia":[{"embeddable":true,"href":"https:\/\/agora.xtec.cat\/escolapauvila\/wp-json\/wp\/v2\/media\/6915"}],"wp:attachment":[{"href":"https:\/\/agora.xtec.cat\/escolapauvila\/wp-json\/wp\/v2\/media?parent=6911"}],"wp:term":[{"taxonomy":"category","embeddable":true,"href":"https:\/\/agora.xtec.cat\/escolapauvila\/wp-json\/wp\/v2\/categories?post=6911"},{"taxonomy":"post_tag","embeddable":true,"href":"https:\/\/agora.xtec.cat\/escolapauvila\/wp-json\/wp\/v2\/tags?post=6911"}],"curies":[{"name":"wp","href":"https:\/\/api.w.org\/{rel}","templated":true}]}}