{"id":6598,"date":"2021-05-19T16:03:02","date_gmt":"2021-05-19T14:03:02","guid":{"rendered":"https:\/\/agora.xtec.cat\/escolapauvila\/?p=6598"},"modified":"2021-05-26T15:39:40","modified_gmt":"2021-05-26T13:39:40","slug":"les-oliveres","status":"publish","type":"post","link":"https:\/\/agora.xtec.cat\/escolapauvila\/general\/les-oliveres\/","title":{"rendered":"Les oliveres"},"content":{"rendered":"<p><span style=\"font-family: 'comic sans ms', sans-serif;\">El d\u00eda 7.05.2021 vam anar a les oliveres per descansar una mica perqu\u00e8 vam estar tota la setmana d&#8217;examens importants.\u00a0<\/span><\/p>\n<p><span style=\"font-family: 'comic sans ms', sans-serif;\">A les 9:30 del mat\u00ed vam sortir per anar a les oliveras amb les altres classes de 6\u00e8. Vam estar 10 aprox. caminant fins que vam arribar. A l&#8217;arribar van muntar una corda que es diu &#8220;Slackline&#8221;, com que la va portar la nostra classe la vam haver de muntar nosaltres perqu\u00e8 no ens podiem juntar amb les atres classes. Nosaltres el material que ens vam emportar per jugar va ser: una pilota, indiacas, frisbis i m\u00e9s coses per jugar&#8230; Com que vam estar tot el mat\u00ed all\u00e0, A les 12:15 vam marxar cap\u00a0 a l&#8217;escola.<\/span><\/p>\n<p>&nbsp;<\/p>\n<p>&nbsp;<\/p>\n<p>&nbsp;<\/p>\n<p>&nbsp;<\/p>\n<p>&nbsp;<\/p>\n<p>&nbsp;<\/p>\n<p>&nbsp;<\/p>\n<p>&nbsp;<\/p>\n<p>&nbsp;<\/p>\n<p>&nbsp;<\/p>\n<p>&nbsp;<\/p>\n<p>&nbsp;<\/p>\n<p>&nbsp;<\/p>\n<p>&nbsp;<\/p>\n<p>&nbsp;<\/p>\n<p>&nbsp;<\/p>\n<p>&nbsp;<\/p>\n<p>&nbsp;<\/p>\n<p>&nbsp;<\/p>\n<p>&nbsp;<\/p>\n<p>&nbsp;<\/p>\n<p>&nbsp;<\/p>\n<p>&nbsp;<\/p>\n<p>&nbsp;<\/p>\n<p>&nbsp;<\/p>\n<p>&nbsp;<\/p>\n<p>&nbsp;<\/p>\n<p>&nbsp;<\/p>\n<p>&nbsp;<\/p>\n<p>&nbsp;<\/p>\n<p>&nbsp;<\/p>\n<p>&nbsp;<\/p>\n<p>&nbsp;<\/p>\n<p>&nbsp;<\/p>\n<p>&nbsp;<\/p>\n<p>&nbsp;<\/p>\n<p>&nbsp;<\/p>\n<p>&nbsp;<\/p>\n<p>7<\/p>\n<p>&nbsp;<\/p>\n<p>&nbsp;<\/p>\n<p>&nbsp;<\/p>\n<p>&nbsp;<\/p>\n<p>&nbsp;<\/p>\n<p>&nbsp;<\/p>\n<p>&nbsp;<\/p>\n<p>&nbsp;<\/p>\n<p>&nbsp;<\/p>\n<p>&nbsp;<\/p>\n<p>&nbsp;<\/p>\n","protected":false},"excerpt":{"rendered":"<p>El d\u00eda 7.05.2021 vam anar a les oliveres per descansar una mica perqu\u00e8 vam estar tota la setmana d&#8217;examens importants.\u00a0<br \/>\nA les 9:30 del mat\u00ed vam sortir per anar a les oliveras amb les altres classes de 6\u00e8. Vam estar 10 aprox. caminant fins que vam&hellip;  <a href=\"https:\/\/agora.xtec.cat\/escolapauvila\/general\/les-oliveres\/\" title=\"Read Les oliveres\">Llegeix m\u00e9s\u00bb<\/a><\/p>\n","protected":false},"author":1,"featured_media":0,"comment_status":"open","ping_status":"closed","sticky":false,"template":"","format":"standard","meta":{"_bbp_topic_count":0,"_bbp_reply_count":0,"_bbp_total_topic_count":0,"_bbp_total_reply_count":0,"_bbp_voice_count":0,"_bbp_anonymous_reply_count":0,"_bbp_topic_count_hidden":0,"_bbp_reply_count_hidden":0,"_bbp_forum_subforum_count":0,"footnotes":""},"categories":[15,61,1],"tags":[],"class_list":["post-6598","post","type-post","status-publish","format-standard","hentry","category-6e","category-grans","category-general"],"post_mailing_queue_ids":[],"_links":{"self":[{"href":"https:\/\/agora.xtec.cat\/escolapauvila\/wp-json\/wp\/v2\/posts\/6598","targetHints":{"allow":["GET"]}}],"collection":[{"href":"https:\/\/agora.xtec.cat\/escolapauvila\/wp-json\/wp\/v2\/posts"}],"about":[{"href":"https:\/\/agora.xtec.cat\/escolapauvila\/wp-json\/wp\/v2\/types\/post"}],"author":[{"embeddable":true,"href":"https:\/\/agora.xtec.cat\/escolapauvila\/wp-json\/wp\/v2\/users\/1"}],"replies":[{"embeddable":true,"href":"https:\/\/agora.xtec.cat\/escolapauvila\/wp-json\/wp\/v2\/comments?post=6598"}],"version-history":[{"count":1,"href":"https:\/\/agora.xtec.cat\/escolapauvila\/wp-json\/wp\/v2\/posts\/6598\/revisions"}],"predecessor-version":[{"id":6599,"href":"https:\/\/agora.xtec.cat\/escolapauvila\/wp-json\/wp\/v2\/posts\/6598\/revisions\/6599"}],"wp:attachment":[{"href":"https:\/\/agora.xtec.cat\/escolapauvila\/wp-json\/wp\/v2\/media?parent=6598"}],"wp:term":[{"taxonomy":"category","embeddable":true,"href":"https:\/\/agora.xtec.cat\/escolapauvila\/wp-json\/wp\/v2\/categories?post=6598"},{"taxonomy":"post_tag","embeddable":true,"href":"https:\/\/agora.xtec.cat\/escolapauvila\/wp-json\/wp\/v2\/tags?post=6598"}],"curies":[{"name":"wp","href":"https:\/\/api.w.org\/{rel}","templated":true}]}}