{"id":6592,"date":"2021-05-19T10:51:31","date_gmt":"2021-05-19T08:51:31","guid":{"rendered":"https:\/\/agora.xtec.cat\/escolapauvila\/?p=6592"},"modified":"2021-05-19T10:51:31","modified_gmt":"2021-05-19T08:51:31","slug":"la-sortida-a-la-colonia-sedo","status":"publish","type":"post","link":"https:\/\/agora.xtec.cat\/escolapauvila\/general\/la-sortida-a-la-colonia-sedo\/","title":{"rendered":"La sortida a la Col\u00f2nia Sed\u00f3"},"content":{"rendered":"<p>Us explicarem la sortida del 12\/5\/21 a l&#8217; escola Pau Vila.El dimecres vam anar a la Col\u00f2nia Sed\u00f3. Quan vam arribar\u00a0 una senyora ens va estar explicant les coses\u00a0 \u00a0que far\u00edem. Primer vam veure una maquina que ens va explicar la hist\u00f2ria de la Col\u00f2nia Sed\u00f3. La Col\u00f2nia Sed\u00f3 es una propietat privada. Despres\u00a0 de que la nostra classe (6eb) va acabar l&#8217;activitat van entrar les dues clases (6\u00e8 A i C) a diferents hores. A m\u00e9s de fer la activitat vam anar a l&#8217;Ermita del Puig i vam estar all\u00e0 fins les 15:00. Vam esmorzar i dinar all\u00e0.<\/p>\n<p>&nbsp;<\/p>\n<p><a href=\"https:\/\/photos.app.goo.gl\/npuseYopi9UaUW5UA\">FOTOS<\/a><\/p>\n","protected":false},"excerpt":{"rendered":"<p>Us explicarem la sortida del 12\/5\/21 a l&#8217; escola Pau Vila.El dimecres vam anar a la Col\u00f2nia Sed\u00f3. Quan vam arribar\u00a0 una senyora ens va estar explicant les coses\u00a0 \u00a0que far\u00edem. Primer vam veure una maquina que ens va explicar la hist\u00f2ria de la Col\u00f2nia&hellip;  <a href=\"https:\/\/agora.xtec.cat\/escolapauvila\/general\/la-sortida-a-la-colonia-sedo\/\" title=\"Read La sortida a la Col\u00f2nia Sed\u00f3\">Llegeix m\u00e9s\u00bb<\/a><\/p>\n","protected":false},"author":1,"featured_media":0,"comment_status":"open","ping_status":"closed","sticky":false,"template":"","format":"standard","meta":{"_bbp_topic_count":0,"_bbp_reply_count":0,"_bbp_total_topic_count":0,"_bbp_total_reply_count":0,"_bbp_voice_count":0,"_bbp_anonymous_reply_count":0,"_bbp_topic_count_hidden":0,"_bbp_reply_count_hidden":0,"_bbp_forum_subforum_count":0,"footnotes":""},"categories":[15,61,1],"tags":[92,93],"class_list":["post-6592","post","type-post","status-publish","format-standard","hentry","category-6e","category-grans","category-general","tag-6b20-21","tag-nascuts2009"],"post_mailing_queue_ids":[],"_links":{"self":[{"href":"https:\/\/agora.xtec.cat\/escolapauvila\/wp-json\/wp\/v2\/posts\/6592","targetHints":{"allow":["GET"]}}],"collection":[{"href":"https:\/\/agora.xtec.cat\/escolapauvila\/wp-json\/wp\/v2\/posts"}],"about":[{"href":"https:\/\/agora.xtec.cat\/escolapauvila\/wp-json\/wp\/v2\/types\/post"}],"author":[{"embeddable":true,"href":"https:\/\/agora.xtec.cat\/escolapauvila\/wp-json\/wp\/v2\/users\/1"}],"replies":[{"embeddable":true,"href":"https:\/\/agora.xtec.cat\/escolapauvila\/wp-json\/wp\/v2\/comments?post=6592"}],"version-history":[{"count":1,"href":"https:\/\/agora.xtec.cat\/escolapauvila\/wp-json\/wp\/v2\/posts\/6592\/revisions"}],"predecessor-version":[{"id":6597,"href":"https:\/\/agora.xtec.cat\/escolapauvila\/wp-json\/wp\/v2\/posts\/6592\/revisions\/6597"}],"wp:attachment":[{"href":"https:\/\/agora.xtec.cat\/escolapauvila\/wp-json\/wp\/v2\/media?parent=6592"}],"wp:term":[{"taxonomy":"category","embeddable":true,"href":"https:\/\/agora.xtec.cat\/escolapauvila\/wp-json\/wp\/v2\/categories?post=6592"},{"taxonomy":"post_tag","embeddable":true,"href":"https:\/\/agora.xtec.cat\/escolapauvila\/wp-json\/wp\/v2\/tags?post=6592"}],"curies":[{"name":"wp","href":"https:\/\/api.w.org\/{rel}","templated":true}]}}