{"id":6587,"date":"2021-05-16T12:12:51","date_gmt":"2021-05-16T10:12:51","guid":{"rendered":"https:\/\/agora.xtec.cat\/escolapauvila\/?p=6587"},"modified":"2021-05-16T12:12:51","modified_gmt":"2021-05-16T10:12:51","slug":"sortida-al-delta-del-llobregat","status":"publish","type":"post","link":"https:\/\/agora.xtec.cat\/escolapauvila\/grans\/5e\/sortida-al-delta-del-llobregat\/","title":{"rendered":"SORTIDA AL DELTA DEL LLOBREGAT"},"content":{"rendered":"<p>Per fi arriba la tan esperada sortida al DELTA DEL LLOBREGAT, en aquesta sortida podrem consolidar molts dels aprenentatges que sobre el relleu de Catalunya hem fet a l&#8217;aula per\u00f2 sobretot ens fa molta il.lusi\u00f3 poder sortir un dia de l&#8217;escola amb autocar, com tantes vegades feiem abans de la pand\u00e8mia. Hem gaudit molt\u00edssim i ens ha fet un dia fant\u00e0stic!<\/p>\n<p>&nbsp;<\/p>\n<p>&nbsp;<\/p>\n<p>Aqu\u00ed teniu algunes <strong><a href=\"https:\/\/photos.app.goo.gl\/wC3WYQfpZhTk3ttJ7\">FOTOS<\/a><\/strong><\/p>\n","protected":false},"excerpt":{"rendered":"<p>Per fi arriba la tan esperada sortida al DELTA DEL LLOBREGAT, en aquesta sortida podrem consolidar molts dels aprenentatges que sobre el relleu de Catalunya hem fet a l&#8217;aula per\u00f2 sobretot ens fa molta il.lusi\u00f3 poder sortir un dia de l&#8217;escola amb autocar, com tantes&hellip;  <a href=\"https:\/\/agora.xtec.cat\/escolapauvila\/grans\/5e\/sortida-al-delta-del-llobregat\/\" title=\"Read SORTIDA AL DELTA DEL LLOBREGAT\">Llegeix m\u00e9s\u00bb<\/a><\/p>\n","protected":false},"author":1,"featured_media":6588,"comment_status":"open","ping_status":"closed","sticky":false,"template":"","format":"standard","meta":{"_bbp_topic_count":0,"_bbp_reply_count":0,"_bbp_total_topic_count":0,"_bbp_total_reply_count":0,"_bbp_voice_count":0,"_bbp_anonymous_reply_count":0,"_bbp_topic_count_hidden":0,"_bbp_reply_count_hidden":0,"_bbp_forum_subforum_count":0,"footnotes":""},"categories":[14],"tags":[88,169,77],"class_list":["post-6587","post","type-post","status-publish","format-standard","has-post-thumbnail","hentry","category-5e","tag-5b20-21","tag-classe-de-lart","tag-nascuts2010"],"post_mailing_queue_ids":[],"_links":{"self":[{"href":"https:\/\/agora.xtec.cat\/escolapauvila\/wp-json\/wp\/v2\/posts\/6587","targetHints":{"allow":["GET"]}}],"collection":[{"href":"https:\/\/agora.xtec.cat\/escolapauvila\/wp-json\/wp\/v2\/posts"}],"about":[{"href":"https:\/\/agora.xtec.cat\/escolapauvila\/wp-json\/wp\/v2\/types\/post"}],"author":[{"embeddable":true,"href":"https:\/\/agora.xtec.cat\/escolapauvila\/wp-json\/wp\/v2\/users\/1"}],"replies":[{"embeddable":true,"href":"https:\/\/agora.xtec.cat\/escolapauvila\/wp-json\/wp\/v2\/comments?post=6587"}],"version-history":[{"count":1,"href":"https:\/\/agora.xtec.cat\/escolapauvila\/wp-json\/wp\/v2\/posts\/6587\/revisions"}],"predecessor-version":[{"id":6589,"href":"https:\/\/agora.xtec.cat\/escolapauvila\/wp-json\/wp\/v2\/posts\/6587\/revisions\/6589"}],"wp:featuredmedia":[{"embeddable":true,"href":"https:\/\/agora.xtec.cat\/escolapauvila\/wp-json\/wp\/v2\/media\/6588"}],"wp:attachment":[{"href":"https:\/\/agora.xtec.cat\/escolapauvila\/wp-json\/wp\/v2\/media?parent=6587"}],"wp:term":[{"taxonomy":"category","embeddable":true,"href":"https:\/\/agora.xtec.cat\/escolapauvila\/wp-json\/wp\/v2\/categories?post=6587"},{"taxonomy":"post_tag","embeddable":true,"href":"https:\/\/agora.xtec.cat\/escolapauvila\/wp-json\/wp\/v2\/tags?post=6587"}],"curies":[{"name":"wp","href":"https:\/\/api.w.org\/{rel}","templated":true}]}}