{"id":6478,"date":"2021-05-12T20:21:08","date_gmt":"2021-05-12T18:21:08","guid":{"rendered":"https:\/\/agora.xtec.cat\/escolapauvila\/?p=6478"},"modified":"2021-05-12T20:21:08","modified_gmt":"2021-05-12T18:21:08","slug":"dibuix-col%c2%b7lectiu","status":"publish","type":"post","link":"https:\/\/agora.xtec.cat\/escolapauvila\/mitjans\/dibuix-col%c2%b7lectiu\/","title":{"rendered":"DIBUIX COL\u00b7LECTIU"},"content":{"rendered":"<p>Dimarts a la tarda, vam fer una activitat de grup que consistia en fer un <strong><span style=\"color: #800080;\">dibuix col\u00b7lectiu<\/span><\/strong> titulat:<\/p>\n<p style=\"text-align: center;\"><span style=\"color: #800080; font-size: 24px;\"><strong>&#8220;LA PERSONA MISTERIOSA&#8221;<\/strong><\/span><\/p>\n<p>Hi havia <span style=\"color: #993366; font-size: 20px;\">16 fulls<\/span> al terra (faltava una companya que estava malalta) de mida <strong>A3<\/strong> en <strong>vertical<\/strong> i col\u00b7locats en forma de rotllana. Cadasc\u00fa havia de posar-se davant d&#8217;un full i escriure el seu nom i la data.<\/p>\n\n\t\t<style type=\"text\/css\">\n\t\t\t#gallery-1 {\n\t\t\t\tmargin: auto;\n\t\t\t}\n\t\t\t#gallery-1 .gallery-item {\n\t\t\t\tfloat: left;\n\t\t\t\tmargin-top: 10px;\n\t\t\t\ttext-align: center;\n\t\t\t\twidth: 100%;\n\t\t\t}\n\t\t\t#gallery-1 img {\n\t\t\t\tborder: 2px solid #cfcfcf;\n\t\t\t}\n\t\t\t#gallery-1 .gallery-caption {\n\t\t\t\tmargin-left: 0;\n\t\t\t}\n\t\t\t\/* see gallery_shortcode() in wp-includes\/media.php *\/\n\t\t<\/style>\n\t\t<div id='gallery-1' class='gallery galleryid-6478 gallery-columns-1 gallery-size-large'><dl class='gallery-item'>\n\t\t\t<dt class='gallery-icon landscape'>\n\t\t\t\t<a href='https:\/\/agora.xtec.cat\/escolapauvila\/mitjans\/dibuix-col%c2%b7lectiu\/attachment\/20210511_151824\/'><img loading=\"lazy\" decoding=\"async\" width=\"1024\" height=\"576\" src=\"https:\/\/agora.xtec.cat\/escolapauvila\/wp-content\/uploads\/usu1565\/2021\/05\/20210511_151824-1024x576.jpg\" class=\"attachment-large size-large\" alt=\"\" srcset=\"https:\/\/agora.xtec.cat\/escolapauvila\/wp-content\/uploads\/usu1565\/2021\/05\/20210511_151824-1024x576.jpg 1024w, https:\/\/agora.xtec.cat\/escolapauvila\/wp-content\/uploads\/usu1565\/2021\/05\/20210511_151824-300x169.jpg 300w, https:\/\/agora.xtec.cat\/escolapauvila\/wp-content\/uploads\/usu1565\/2021\/05\/20210511_151824-768x432.jpg 768w\" sizes=\"auto, (max-width: 1024px) 100vw, 1024px\" \/><\/a>\n\t\t\t<\/dt><\/dl><br style=\"clear: both\" \/>\n\t\t<\/div>\n\n<p style=\"text-align: justify;\">Seguidament, la D\u00e8lia ens va explicar com hav\u00edem de fer el dibuix col\u00b7lectiu:<\/p>\n<p style=\"text-align: justify;\">Primer ens va dir que hav\u00edem de dibuixar el cap. Despr\u00e9s, hav\u00edem de<strong> moure&#8217;ns cap a la dreta<\/strong> (nosaltres, sense el full) i hav\u00edem de dibuixar els ulls al paper que ten\u00edem davant (que era d&#8217;un\/a altre company\/a). Tot seguit, ens hav\u00edem de tornar a despla\u00e7ar a la dreta amb el nostre retolador i dibuixar el nas al full del seg\u00fcent company\/a, i aix\u00ed fins fer tota la volta dibuixant les diferents parts i complements i tornar al nostre dibuix.<\/p>\n\n\t\t<style type=\"text\/css\">\n\t\t\t#gallery-2 {\n\t\t\t\tmargin: auto;\n\t\t\t}\n\t\t\t#gallery-2 .gallery-item {\n\t\t\t\tfloat: left;\n\t\t\t\tmargin-top: 10px;\n\t\t\t\ttext-align: center;\n\t\t\t\twidth: 50%;\n\t\t\t}\n\t\t\t#gallery-2 img {\n\t\t\t\tborder: 2px solid #cfcfcf;\n\t\t\t}\n\t\t\t#gallery-2 .gallery-caption {\n\t\t\t\tmargin-left: 0;\n\t\t\t}\n\t\t\t\/* see gallery_shortcode() in wp-includes\/media.php *\/\n\t\t<\/style>\n\t\t<div id='gallery-2' class='gallery galleryid-6478 gallery-columns-2 gallery-size-medium'><dl class='gallery-item'>\n\t\t\t<dt class='gallery-icon landscape'>\n\t\t\t\t<a href='https:\/\/agora.xtec.cat\/escolapauvila\/mitjans\/dibuix-col%c2%b7lectiu\/attachment\/20210511_153011-2\/'><img loading=\"lazy\" decoding=\"async\" width=\"300\" height=\"169\" src=\"https:\/\/agora.xtec.cat\/escolapauvila\/wp-content\/uploads\/usu1565\/2021\/05\/20210511_153011-1-300x169.jpg\" class=\"attachment-medium size-medium\" alt=\"\" srcset=\"https:\/\/agora.xtec.cat\/escolapauvila\/wp-content\/uploads\/usu1565\/2021\/05\/20210511_153011-1-300x169.jpg 300w, https:\/\/agora.xtec.cat\/escolapauvila\/wp-content\/uploads\/usu1565\/2021\/05\/20210511_153011-1-768x432.jpg 768w, https:\/\/agora.xtec.cat\/escolapauvila\/wp-content\/uploads\/usu1565\/2021\/05\/20210511_153011-1-1024x576.jpg 1024w\" sizes=\"auto, (max-width: 300px) 100vw, 300px\" \/><\/a>\n\t\t\t<\/dt><\/dl><dl class='gallery-item'>\n\t\t\t<dt class='gallery-icon landscape'>\n\t\t\t\t<a href='https:\/\/agora.xtec.cat\/escolapauvila\/mitjans\/dibuix-col%c2%b7lectiu\/attachment\/20210511_152319-2\/'><img loading=\"lazy\" decoding=\"async\" width=\"300\" height=\"169\" src=\"https:\/\/agora.xtec.cat\/escolapauvila\/wp-content\/uploads\/usu1565\/2021\/05\/20210511_152319-1-300x169.jpg\" class=\"attachment-medium size-medium\" alt=\"\" srcset=\"https:\/\/agora.xtec.cat\/escolapauvila\/wp-content\/uploads\/usu1565\/2021\/05\/20210511_152319-1-300x169.jpg 300w, https:\/\/agora.xtec.cat\/escolapauvila\/wp-content\/uploads\/usu1565\/2021\/05\/20210511_152319-1-768x432.jpg 768w, https:\/\/agora.xtec.cat\/escolapauvila\/wp-content\/uploads\/usu1565\/2021\/05\/20210511_152319-1-1024x576.jpg 1024w\" sizes=\"auto, (max-width: 300px) 100vw, 300px\" \/><\/a>\n\t\t\t<\/dt><\/dl><br style=\"clear: both\" \/>\n\t\t<\/div>\n\n<p>D&#8217;aquesta manera, el dibuix final de cada nen\/a tenia alguna part o complement fet per cadascun dels companys i companyes del grup.<\/p>\n<p style=\"text-align: justify;\">A continuaci\u00f3, us deixem un <span style=\"color: #800080;\"><strong>petit v\u00eddeo<\/strong><\/span> perqu\u00e8 us pogueu fer una idea del funcionament d&#8217;aquesta activitat tan divertida i creativa. Si voleu veure&#8217;l al nostre canal, podeu <a href=\"https:\/\/youtu.be\/Od2xD78Ri9k\">clicar aqu\u00ed<\/a>.<\/p>\n<p><iframe loading=\"lazy\" src=\"\/\/www.youtube.com\/embed\/Od2xD78Ri9k\" width=\"560\" height=\"314\"><\/iframe><\/p>\n<p style=\"text-align: justify;\">Per acabar, vam fer una <strong>petita conversa<\/strong> tot <strong>valorant<\/strong> l&#8217;activitat. Us deixo per escrit\u00a0 els comentaris que van dir les nenes i els nens:<\/p>\n<ul>\n<li><em>&#8220;Aquesta activitat m&#8217;agrada molt perqu\u00e8 fem dibuixos col\u00b7lectius i ho hem fet tot col\u00b7lectiu i aix\u00f2 \u00e9s molt xulo&#8221;.<\/em><\/li>\n<li><em>&#8220;Si tingu\u00e9s que valorar aquesta activitat amb un n\u00famero, li posaria per lo menys un 7.&#8221;<\/em><\/li>\n<li><em>&#8220;Horrible, porqu\u00e9 da un poco de miedo estos personajes\u00a0tan extra\u00f1os.&#8221;<\/em><\/li>\n<li><em>&#8220;M&#8217;ho he passat molt b\u00e9 dibuixant aquest dibuix que \u00e9s col\u00b7lectiu.&#8221;<\/em><\/li>\n<li><em>&#8220;A mi m&#8217;ha agradat molt aquesta activitat perqu\u00e8 ho hem fet junts.&#8221;<\/em><\/li>\n<li><em>&#8220;M&#8217;ha agradat molt perqu\u00e8 l&#8217;hem fet tots junts i la veritat \u00e9s que m&#8217;ha quedat molt b\u00e9.&#8221;<\/em><\/li>\n<li><em>&#8220;M&#8217;ha agradat molt l&#8217;activitat, per\u00f2 a vegades posen coses que no tenen sentit i aix\u00f2 no m&#8217;ha agradat.&#8221;<\/em><\/li>\n<li><em>&#8220;Per mi m&#8217;ha fet molta gr\u00e0cia quan he vist el dibuix final.&#8221;<\/em><\/li>\n<li><em>&#8220;M&#8217;ha agradat molt l&#8217;activitat i m&#8217;ha agradat molt el dibuix.&#8221;<\/em><\/li>\n<li><em>&#8220;Jo he apr\u00e8s a dibuixar una mica m\u00e9s i he rigut molt i m&#8217;ho he passat molt b\u00e9.&#8221;<\/em><\/li>\n<li><em>&#8220;M&#8217;ha agradat molt l&#8217;activitat i mentre que an\u00e0vem canviant de lloc, m&#8217;he fixat que els vostres dibuixos eren molt xulos.&#8221;<\/em><\/li>\n<li><em>&#8220;Quan he vist el meu dibuix final, m&#8217;ha fet molta risa.&#8221;<\/em><\/li>\n<\/ul>\n<p>I fins aqu\u00ed la nostra activitat col\u00b7lectiva!<\/p>\n<p><a href=\"https:\/\/agora.xtec.cat\/escolapauvila\/wp-content\/uploads\/usu1565\/2021\/05\/20210511_160411.jpg\"><img loading=\"lazy\" decoding=\"async\" class=\"aligncenter wp-image-6527 size-large\" src=\"https:\/\/agora.xtec.cat\/escolapauvila\/wp-content\/uploads\/usu1565\/2021\/05\/20210511_160411-1024x576.jpg\" alt=\"\" width=\"1024\" height=\"576\" srcset=\"https:\/\/agora.xtec.cat\/escolapauvila\/wp-content\/uploads\/usu1565\/2021\/05\/20210511_160411-1024x576.jpg 1024w, https:\/\/agora.xtec.cat\/escolapauvila\/wp-content\/uploads\/usu1565\/2021\/05\/20210511_160411-300x169.jpg 300w, https:\/\/agora.xtec.cat\/escolapauvila\/wp-content\/uploads\/usu1565\/2021\/05\/20210511_160411-768x432.jpg 768w\" sizes=\"auto, (max-width: 1024px) 100vw, 1024px\" \/><\/a><\/p>\n","protected":false},"excerpt":{"rendered":"<p>Dimarts a la tarda, vam fer una activitat de grup que consistia en fer un dibuix col\u00b7lectiu titulat:<br \/>\n&#8220;LA PERSONA MISTERIOSA&#8221;<br \/>\nHi havia 16 fulls al terra (faltava una companya que estava malalta) de mida A3 en vertical i col\u00b7locats en forma de rotllana. Cadasc\u00fa havia de&hellip;  <a href=\"https:\/\/agora.xtec.cat\/escolapauvila\/mitjans\/dibuix-col%c2%b7lectiu\/\" title=\"Read DIBUIX COL\u00b7LECTIU\">Llegeix m\u00e9s\u00bb<\/a><\/p>\n","protected":false},"author":1,"featured_media":0,"comment_status":"open","ping_status":"closed","sticky":false,"template":"","format":"standard","meta":{"_bbp_topic_count":0,"_bbp_reply_count":0,"_bbp_total_topic_count":0,"_bbp_total_reply_count":0,"_bbp_voice_count":0,"_bbp_anonymous_reply_count":0,"_bbp_topic_count_hidden":0,"_bbp_reply_count_hidden":0,"_bbp_forum_subforum_count":0,"footnotes":""},"categories":[11,5],"tags":[86,81],"class_list":["post-6478","post","type-post","status-publish","format-standard","hentry","category-2n","category-mitjans","tag-2a20-21","tag-nascuts2013"],"post_mailing_queue_ids":[],"_links":{"self":[{"href":"https:\/\/agora.xtec.cat\/escolapauvila\/wp-json\/wp\/v2\/posts\/6478","targetHints":{"allow":["GET"]}}],"collection":[{"href":"https:\/\/agora.xtec.cat\/escolapauvila\/wp-json\/wp\/v2\/posts"}],"about":[{"href":"https:\/\/agora.xtec.cat\/escolapauvila\/wp-json\/wp\/v2\/types\/post"}],"author":[{"embeddable":true,"href":"https:\/\/agora.xtec.cat\/escolapauvila\/wp-json\/wp\/v2\/users\/1"}],"replies":[{"embeddable":true,"href":"https:\/\/agora.xtec.cat\/escolapauvila\/wp-json\/wp\/v2\/comments?post=6478"}],"version-history":[{"count":3,"href":"https:\/\/agora.xtec.cat\/escolapauvila\/wp-json\/wp\/v2\/posts\/6478\/revisions"}],"predecessor-version":[{"id":6528,"href":"https:\/\/agora.xtec.cat\/escolapauvila\/wp-json\/wp\/v2\/posts\/6478\/revisions\/6528"}],"wp:attachment":[{"href":"https:\/\/agora.xtec.cat\/escolapauvila\/wp-json\/wp\/v2\/media?parent=6478"}],"wp:term":[{"taxonomy":"category","embeddable":true,"href":"https:\/\/agora.xtec.cat\/escolapauvila\/wp-json\/wp\/v2\/categories?post=6478"},{"taxonomy":"post_tag","embeddable":true,"href":"https:\/\/agora.xtec.cat\/escolapauvila\/wp-json\/wp\/v2\/tags?post=6478"}],"curies":[{"name":"wp","href":"https:\/\/api.w.org\/{rel}","templated":true}]}}