{"id":6400,"date":"2021-05-08T09:10:41","date_gmt":"2021-05-08T07:10:41","guid":{"rendered":"https:\/\/agora.xtec.cat\/escolapauvila\/?p=6400"},"modified":"2021-05-08T09:12:06","modified_gmt":"2021-05-08T07:12:06","slug":"els-racons","status":"publish","type":"post","link":"https:\/\/agora.xtec.cat\/escolapauvila\/general\/els-racons\/","title":{"rendered":"ELS RACONS"},"content":{"rendered":"<p>AQUESTA SETMANA LA CLASSE DE LES <span style=\"font-size: 24px;\"><span style=\"color: #ff0000;\">O<\/span>RENETES<\/span> VOLEM COMPARTIR AMB VOSALTRES <strong>ELS RACONS<\/strong> QUE HEM FET A LA CLASSE!<\/p>\n<p>CADA MAT\u00cd, QUAN ARRIBEM A L&#8217;ESCOLA, TROBEM L&#8217;AULA ORGANITZADA EN DIFERENTS RACONS DE TREBALL. ELS NENS I NENES S\u00d3N LLIURES DE TRIAR QUINA PROPOSTA ELS VE M\u00c9S DE GUST DUR A TERME LES \u00daNIQUES CONSIGNES S\u00d3N: RESPECTAR EL NOMBRE D&#8217;INFANTS QUE CABEN A CADA RAC\u00d3, SEGUIR LA PROPOSTA I INTENTAR PASSAR PER TOTS ELS RACONS DURANT LA SETMANA. JA PORTEM MOLT TEMPS A L&#8217;ESCOLA I LES <span style=\"font-size: 24px;\"><span style=\"color: #ff0000;\">O<\/span>RENETES<\/span> S\u00d3N CAPACES D&#8217;ORGANITZAR EL SEU PROPI TEMPS!<\/p>\n<p>AIX\u00cd DONCS, AQUESTS S\u00d3N ELS RACONS QUE HEM TREBALLAT AQUESTA SETMANA:<\/p>\n<p>RACONS ART\u00cdSTICS ON PODEN CREAR I DESENVOLUPAR LA SEVA IMAGINACI\u00d3<\/p>\n<p><a href=\"https:\/\/agora.xtec.cat\/escolapauvila\/wp-content\/uploads\/usu1565\/2021\/05\/IMG_20210505_100046.jpg\"><img loading=\"lazy\" decoding=\"async\" class=\"alignnone size-large wp-image-6401\" src=\"https:\/\/agora.xtec.cat\/escolapauvila\/wp-content\/uploads\/usu1565\/2021\/05\/IMG_20210505_100046-1024x768.jpg\" alt=\"\" width=\"1024\" height=\"768\" srcset=\"https:\/\/agora.xtec.cat\/escolapauvila\/wp-content\/uploads\/usu1565\/2021\/05\/IMG_20210505_100046-1024x768.jpg 1024w, https:\/\/agora.xtec.cat\/escolapauvila\/wp-content\/uploads\/usu1565\/2021\/05\/IMG_20210505_100046-300x225.jpg 300w, https:\/\/agora.xtec.cat\/escolapauvila\/wp-content\/uploads\/usu1565\/2021\/05\/IMG_20210505_100046-768x576.jpg 768w, https:\/\/agora.xtec.cat\/escolapauvila\/wp-content\/uploads\/usu1565\/2021\/05\/IMG_20210505_100046-200x150.jpg 200w\" sizes=\"auto, (max-width: 1024px) 100vw, 1024px\" \/><\/a><\/p>\n<p><a href=\"https:\/\/agora.xtec.cat\/escolapauvila\/wp-content\/uploads\/usu1565\/2021\/05\/IMG_20210505_160436.jpg\"><img loading=\"lazy\" decoding=\"async\" class=\"alignnone size-large wp-image-6402\" src=\"https:\/\/agora.xtec.cat\/escolapauvila\/wp-content\/uploads\/usu1565\/2021\/05\/IMG_20210505_160436-1024x768.jpg\" alt=\"\" width=\"1024\" height=\"768\" srcset=\"https:\/\/agora.xtec.cat\/escolapauvila\/wp-content\/uploads\/usu1565\/2021\/05\/IMG_20210505_160436-1024x768.jpg 1024w, https:\/\/agora.xtec.cat\/escolapauvila\/wp-content\/uploads\/usu1565\/2021\/05\/IMG_20210505_160436-300x225.jpg 300w, https:\/\/agora.xtec.cat\/escolapauvila\/wp-content\/uploads\/usu1565\/2021\/05\/IMG_20210505_160436-768x576.jpg 768w, https:\/\/agora.xtec.cat\/escolapauvila\/wp-content\/uploads\/usu1565\/2021\/05\/IMG_20210505_160436-200x150.jpg 200w\" sizes=\"auto, (max-width: 1024px) 100vw, 1024px\" \/><\/a><\/p>\n<p>EL <span style=\"font-size: 24px;\">RAC\u00d3 MUSICAL<\/span>, ON HEM TINGUT EL <span style=\"font-size: 24px;\"><span style=\"color: #ff0000;\">X<\/span>IL\u00d2FON<\/span> I EL <span style=\"font-size: 24px;\"><span style=\"color: #ff0000;\">M<\/span>ETAL\u00b7L\u00d2FON<\/span>.<\/p>\n<p><a href=\"https:\/\/agora.xtec.cat\/escolapauvila\/wp-content\/uploads\/usu1565\/2021\/05\/IMG_20210318_153857.jpg\"><img loading=\"lazy\" decoding=\"async\" class=\"alignnone size-large wp-image-6403\" src=\"https:\/\/agora.xtec.cat\/escolapauvila\/wp-content\/uploads\/usu1565\/2021\/05\/IMG_20210318_153857-1024x768.jpg\" alt=\"\" width=\"1024\" height=\"768\" srcset=\"https:\/\/agora.xtec.cat\/escolapauvila\/wp-content\/uploads\/usu1565\/2021\/05\/IMG_20210318_153857-1024x768.jpg 1024w, https:\/\/agora.xtec.cat\/escolapauvila\/wp-content\/uploads\/usu1565\/2021\/05\/IMG_20210318_153857-300x225.jpg 300w, https:\/\/agora.xtec.cat\/escolapauvila\/wp-content\/uploads\/usu1565\/2021\/05\/IMG_20210318_153857-768x576.jpg 768w, https:\/\/agora.xtec.cat\/escolapauvila\/wp-content\/uploads\/usu1565\/2021\/05\/IMG_20210318_153857-200x150.jpg 200w\" sizes=\"auto, (max-width: 1024px) 100vw, 1024px\" \/><\/a><\/p>\n<p>LA PDI I LA PISSARRA\u00a0 ON HEM POGUT TREBALLAR EL DIBUIX DE LA<strong> FIGURA HUMANA<\/strong> I EL <strong>PENSAMENT MATEM\u00c0TIC<\/strong>:<\/p>\n<p><a href=\"https:\/\/agora.xtec.cat\/escolapauvila\/wp-content\/uploads\/usu1565\/2021\/05\/IMG_20210504_122158.jpg\"><img loading=\"lazy\" decoding=\"async\" class=\"alignnone size-large wp-image-6405\" src=\"https:\/\/agora.xtec.cat\/escolapauvila\/wp-content\/uploads\/usu1565\/2021\/05\/IMG_20210504_122158-1024x768.jpg\" alt=\"\" width=\"1024\" height=\"768\" srcset=\"https:\/\/agora.xtec.cat\/escolapauvila\/wp-content\/uploads\/usu1565\/2021\/05\/IMG_20210504_122158-1024x768.jpg 1024w, https:\/\/agora.xtec.cat\/escolapauvila\/wp-content\/uploads\/usu1565\/2021\/05\/IMG_20210504_122158-300x225.jpg 300w, https:\/\/agora.xtec.cat\/escolapauvila\/wp-content\/uploads\/usu1565\/2021\/05\/IMG_20210504_122158-768x576.jpg 768w, https:\/\/agora.xtec.cat\/escolapauvila\/wp-content\/uploads\/usu1565\/2021\/05\/IMG_20210504_122158-200x150.jpg 200w\" sizes=\"auto, (max-width: 1024px) 100vw, 1024px\" \/><\/a><\/p>\n<p><a href=\"https:\/\/agora.xtec.cat\/escolapauvila\/wp-content\/uploads\/usu1565\/2021\/05\/IMG_20210505_160724.jpg\"><img loading=\"lazy\" decoding=\"async\" class=\"alignnone size-large wp-image-6416\" src=\"https:\/\/agora.xtec.cat\/escolapauvila\/wp-content\/uploads\/usu1565\/2021\/05\/IMG_20210505_160724-1024x768.jpg\" alt=\"\" width=\"1024\" height=\"768\" srcset=\"https:\/\/agora.xtec.cat\/escolapauvila\/wp-content\/uploads\/usu1565\/2021\/05\/IMG_20210505_160724-1024x768.jpg 1024w, https:\/\/agora.xtec.cat\/escolapauvila\/wp-content\/uploads\/usu1565\/2021\/05\/IMG_20210505_160724-300x225.jpg 300w, https:\/\/agora.xtec.cat\/escolapauvila\/wp-content\/uploads\/usu1565\/2021\/05\/IMG_20210505_160724-768x576.jpg 768w, https:\/\/agora.xtec.cat\/escolapauvila\/wp-content\/uploads\/usu1565\/2021\/05\/IMG_20210505_160724-200x150.jpg 200w\" sizes=\"auto, (max-width: 1024px) 100vw, 1024px\" \/><\/a><\/p>\n<p><a href=\"https:\/\/agora.xtec.cat\/escolapauvila\/wp-content\/uploads\/usu1565\/2021\/05\/IMG_20210412_093335.jpg\"><img loading=\"lazy\" decoding=\"async\" class=\"alignnone size-large wp-image-6404\" src=\"https:\/\/agora.xtec.cat\/escolapauvila\/wp-content\/uploads\/usu1565\/2021\/05\/IMG_20210412_093335-1024x768.jpg\" alt=\"\" width=\"1024\" height=\"768\" srcset=\"https:\/\/agora.xtec.cat\/escolapauvila\/wp-content\/uploads\/usu1565\/2021\/05\/IMG_20210412_093335-1024x768.jpg 1024w, https:\/\/agora.xtec.cat\/escolapauvila\/wp-content\/uploads\/usu1565\/2021\/05\/IMG_20210412_093335-300x225.jpg 300w, https:\/\/agora.xtec.cat\/escolapauvila\/wp-content\/uploads\/usu1565\/2021\/05\/IMG_20210412_093335-768x576.jpg 768w, https:\/\/agora.xtec.cat\/escolapauvila\/wp-content\/uploads\/usu1565\/2021\/05\/IMG_20210412_093335-200x150.jpg 200w\" sizes=\"auto, (max-width: 1024px) 100vw, 1024px\" \/><\/a><\/p>\n<p>EL <span style=\"font-size: 24px;\">RAC\u00d3 D&#8217;OBSERVACI\u00d3<\/span> DE LES ERUGUES DE SEDA:<\/p>\n<p><a href=\"https:\/\/agora.xtec.cat\/escolapauvila\/wp-content\/uploads\/usu1565\/2021\/05\/IMG_20210507_094804.jpg\"><img loading=\"lazy\" decoding=\"async\" class=\"alignnone size-large wp-image-6406\" src=\"https:\/\/agora.xtec.cat\/escolapauvila\/wp-content\/uploads\/usu1565\/2021\/05\/IMG_20210507_094804-1024x768.jpg\" alt=\"\" width=\"1024\" height=\"768\" srcset=\"https:\/\/agora.xtec.cat\/escolapauvila\/wp-content\/uploads\/usu1565\/2021\/05\/IMG_20210507_094804-1024x768.jpg 1024w, https:\/\/agora.xtec.cat\/escolapauvila\/wp-content\/uploads\/usu1565\/2021\/05\/IMG_20210507_094804-300x225.jpg 300w, https:\/\/agora.xtec.cat\/escolapauvila\/wp-content\/uploads\/usu1565\/2021\/05\/IMG_20210507_094804-768x576.jpg 768w, https:\/\/agora.xtec.cat\/escolapauvila\/wp-content\/uploads\/usu1565\/2021\/05\/IMG_20210507_094804-200x150.jpg 200w\" sizes=\"auto, (max-width: 1024px) 100vw, 1024px\" \/><\/a><\/p>\n<p><span style=\"font-size: 24px;\">TREBALL DEL NOM<span style=\"font-size: 16px;\"> CAL CONFEGINT LES LLETRES I DESPR\u00c9S ESCRIURE EL NOM<\/span><\/span><\/p>\n<p><a href=\"https:\/\/agora.xtec.cat\/escolapauvila\/wp-content\/uploads\/usu1565\/2021\/05\/IMG_20210416_094639.jpg\"><img loading=\"lazy\" decoding=\"async\" class=\"alignnone size-large wp-image-6407\" src=\"https:\/\/agora.xtec.cat\/escolapauvila\/wp-content\/uploads\/usu1565\/2021\/05\/IMG_20210416_094639-1024x768.jpg\" alt=\"\" width=\"1024\" height=\"768\" srcset=\"https:\/\/agora.xtec.cat\/escolapauvila\/wp-content\/uploads\/usu1565\/2021\/05\/IMG_20210416_094639-1024x768.jpg 1024w, https:\/\/agora.xtec.cat\/escolapauvila\/wp-content\/uploads\/usu1565\/2021\/05\/IMG_20210416_094639-300x225.jpg 300w, https:\/\/agora.xtec.cat\/escolapauvila\/wp-content\/uploads\/usu1565\/2021\/05\/IMG_20210416_094639-768x576.jpg 768w, https:\/\/agora.xtec.cat\/escolapauvila\/wp-content\/uploads\/usu1565\/2021\/05\/IMG_20210416_094639-200x150.jpg 200w\" sizes=\"auto, (max-width: 1024px) 100vw, 1024px\" \/><\/a><\/p>\n<p>TREBALLAR EL JOC <span style=\"font-size: 20px;\"><strong>SIMB\u00d2LIC<\/strong><\/span><\/p>\n<p><a href=\"https:\/\/agora.xtec.cat\/escolapauvila\/wp-content\/uploads\/usu1565\/2021\/05\/IMG_20210506_114513.jpg\"><img loading=\"lazy\" decoding=\"async\" class=\"alignnone size-large wp-image-6408\" src=\"https:\/\/agora.xtec.cat\/escolapauvila\/wp-content\/uploads\/usu1565\/2021\/05\/IMG_20210506_114513-1024x768.jpg\" alt=\"\" width=\"1024\" height=\"768\" srcset=\"https:\/\/agora.xtec.cat\/escolapauvila\/wp-content\/uploads\/usu1565\/2021\/05\/IMG_20210506_114513-1024x768.jpg 1024w, https:\/\/agora.xtec.cat\/escolapauvila\/wp-content\/uploads\/usu1565\/2021\/05\/IMG_20210506_114513-300x225.jpg 300w, https:\/\/agora.xtec.cat\/escolapauvila\/wp-content\/uploads\/usu1565\/2021\/05\/IMG_20210506_114513-768x576.jpg 768w, https:\/\/agora.xtec.cat\/escolapauvila\/wp-content\/uploads\/usu1565\/2021\/05\/IMG_20210506_114513-200x150.jpg 200w\" sizes=\"auto, (max-width: 1024px) 100vw, 1024px\" \/><\/a><\/p>\n<p>TREBALLEM L&#8217;EXERCICI DELS DITS AMB LA <span style=\"font-size: 20px;\"><strong>MOTRICITAT FINA<\/strong><\/span><\/p>\n<p><a href=\"https:\/\/agora.xtec.cat\/escolapauvila\/wp-content\/uploads\/usu1565\/2021\/05\/IMG_20210426_091815.jpg\"><img loading=\"lazy\" decoding=\"async\" class=\"alignnone size-large wp-image-6409\" src=\"https:\/\/agora.xtec.cat\/escolapauvila\/wp-content\/uploads\/usu1565\/2021\/05\/IMG_20210426_091815-1024x768.jpg\" alt=\"\" width=\"1024\" height=\"768\" srcset=\"https:\/\/agora.xtec.cat\/escolapauvila\/wp-content\/uploads\/usu1565\/2021\/05\/IMG_20210426_091815-1024x768.jpg 1024w, https:\/\/agora.xtec.cat\/escolapauvila\/wp-content\/uploads\/usu1565\/2021\/05\/IMG_20210426_091815-300x225.jpg 300w, https:\/\/agora.xtec.cat\/escolapauvila\/wp-content\/uploads\/usu1565\/2021\/05\/IMG_20210426_091815-768x576.jpg 768w, https:\/\/agora.xtec.cat\/escolapauvila\/wp-content\/uploads\/usu1565\/2021\/05\/IMG_20210426_091815-200x150.jpg 200w\" sizes=\"auto, (max-width: 1024px) 100vw, 1024px\" \/><\/a><\/p>\n<p>EL <span style=\"font-size: 20px;\">RAC\u00d3 DE <strong>CONSTRUCCI\u00d3<\/strong><\/span>:<\/p>\n<p><a href=\"https:\/\/agora.xtec.cat\/escolapauvila\/wp-content\/uploads\/usu1565\/2021\/05\/IMG_20210506_114439.jpg\"><img loading=\"lazy\" decoding=\"async\" class=\"alignnone size-large wp-image-6410\" src=\"https:\/\/agora.xtec.cat\/escolapauvila\/wp-content\/uploads\/usu1565\/2021\/05\/IMG_20210506_114439-1024x768.jpg\" alt=\"\" width=\"1024\" height=\"768\" srcset=\"https:\/\/agora.xtec.cat\/escolapauvila\/wp-content\/uploads\/usu1565\/2021\/05\/IMG_20210506_114439-1024x768.jpg 1024w, https:\/\/agora.xtec.cat\/escolapauvila\/wp-content\/uploads\/usu1565\/2021\/05\/IMG_20210506_114439-300x225.jpg 300w, https:\/\/agora.xtec.cat\/escolapauvila\/wp-content\/uploads\/usu1565\/2021\/05\/IMG_20210506_114439-768x576.jpg 768w, https:\/\/agora.xtec.cat\/escolapauvila\/wp-content\/uploads\/usu1565\/2021\/05\/IMG_20210506_114439-200x150.jpg 200w\" sizes=\"auto, (max-width: 1024px) 100vw, 1024px\" \/><\/a><\/p>\n<p><a href=\"https:\/\/agora.xtec.cat\/escolapauvila\/wp-content\/uploads\/usu1565\/2021\/05\/IMG_20210506_114445.jpg\"><img loading=\"lazy\" decoding=\"async\" class=\"alignnone size-large wp-image-6411\" src=\"https:\/\/agora.xtec.cat\/escolapauvila\/wp-content\/uploads\/usu1565\/2021\/05\/IMG_20210506_114445-1024x768.jpg\" alt=\"\" width=\"1024\" height=\"768\" srcset=\"https:\/\/agora.xtec.cat\/escolapauvila\/wp-content\/uploads\/usu1565\/2021\/05\/IMG_20210506_114445-1024x768.jpg 1024w, https:\/\/agora.xtec.cat\/escolapauvila\/wp-content\/uploads\/usu1565\/2021\/05\/IMG_20210506_114445-300x225.jpg 300w, https:\/\/agora.xtec.cat\/escolapauvila\/wp-content\/uploads\/usu1565\/2021\/05\/IMG_20210506_114445-768x576.jpg 768w, https:\/\/agora.xtec.cat\/escolapauvila\/wp-content\/uploads\/usu1565\/2021\/05\/IMG_20210506_114445-200x150.jpg 200w\" sizes=\"auto, (max-width: 1024px) 100vw, 1024px\" \/><\/a><\/p>\n<p><a href=\"https:\/\/agora.xtec.cat\/escolapauvila\/wp-content\/uploads\/usu1565\/2021\/05\/IMG_20210308_112033.jpg\"><img loading=\"lazy\" decoding=\"async\" class=\"alignnone size-large wp-image-6415\" src=\"https:\/\/agora.xtec.cat\/escolapauvila\/wp-content\/uploads\/usu1565\/2021\/05\/IMG_20210308_112033-1024x768.jpg\" alt=\"\" width=\"1024\" height=\"768\" srcset=\"https:\/\/agora.xtec.cat\/escolapauvila\/wp-content\/uploads\/usu1565\/2021\/05\/IMG_20210308_112033-1024x768.jpg 1024w, https:\/\/agora.xtec.cat\/escolapauvila\/wp-content\/uploads\/usu1565\/2021\/05\/IMG_20210308_112033-300x225.jpg 300w, https:\/\/agora.xtec.cat\/escolapauvila\/wp-content\/uploads\/usu1565\/2021\/05\/IMG_20210308_112033-768x576.jpg 768w, https:\/\/agora.xtec.cat\/escolapauvila\/wp-content\/uploads\/usu1565\/2021\/05\/IMG_20210308_112033-200x150.jpg 200w\" sizes=\"auto, (max-width: 1024px) 100vw, 1024px\" \/><\/a><\/p>\n<p>EL RAC\u00d3 DE RETALLAR ON ES POTENCIEN LES <strong>HABILITATS DE MOTRICITAT FINA<\/strong> I EL <strong>PENAMENT MATEM\u00c0TIC<\/strong> COMPTANT ELS DINOSAURES.<\/p>\n<p><a href=\"https:\/\/agora.xtec.cat\/escolapauvila\/wp-content\/uploads\/usu1565\/2021\/05\/IMG_20210506_114453.jpg\"><img loading=\"lazy\" decoding=\"async\" class=\"alignnone size-large wp-image-6412\" src=\"https:\/\/agora.xtec.cat\/escolapauvila\/wp-content\/uploads\/usu1565\/2021\/05\/IMG_20210506_114453-1024x768.jpg\" alt=\"\" width=\"1024\" height=\"768\" srcset=\"https:\/\/agora.xtec.cat\/escolapauvila\/wp-content\/uploads\/usu1565\/2021\/05\/IMG_20210506_114453-1024x768.jpg 1024w, https:\/\/agora.xtec.cat\/escolapauvila\/wp-content\/uploads\/usu1565\/2021\/05\/IMG_20210506_114453-300x225.jpg 300w, https:\/\/agora.xtec.cat\/escolapauvila\/wp-content\/uploads\/usu1565\/2021\/05\/IMG_20210506_114453-768x576.jpg 768w, https:\/\/agora.xtec.cat\/escolapauvila\/wp-content\/uploads\/usu1565\/2021\/05\/IMG_20210506_114453-200x150.jpg 200w\" sizes=\"auto, (max-width: 1024px) 100vw, 1024px\" \/><\/a><\/p>\n<p><a href=\"https:\/\/agora.xtec.cat\/escolapauvila\/wp-content\/uploads\/usu1565\/2021\/05\/IMG_20210506_115338.jpg\"><img loading=\"lazy\" decoding=\"async\" class=\"alignnone size-large wp-image-6413\" src=\"https:\/\/agora.xtec.cat\/escolapauvila\/wp-content\/uploads\/usu1565\/2021\/05\/IMG_20210506_115338-1024x768.jpg\" alt=\"\" width=\"1024\" height=\"768\" srcset=\"https:\/\/agora.xtec.cat\/escolapauvila\/wp-content\/uploads\/usu1565\/2021\/05\/IMG_20210506_115338-1024x768.jpg 1024w, https:\/\/agora.xtec.cat\/escolapauvila\/wp-content\/uploads\/usu1565\/2021\/05\/IMG_20210506_115338-300x225.jpg 300w, https:\/\/agora.xtec.cat\/escolapauvila\/wp-content\/uploads\/usu1565\/2021\/05\/IMG_20210506_115338-768x576.jpg 768w, https:\/\/agora.xtec.cat\/escolapauvila\/wp-content\/uploads\/usu1565\/2021\/05\/IMG_20210506_115338-200x150.jpg 200w\" sizes=\"auto, (max-width: 1024px) 100vw, 1024px\" \/><\/a><\/p>\n<p>EL RAC\u00d3 DE <strong>MOTRICITAT GROSSA<\/strong> PER DESENVOLUPAR LES HABILITATS MOTRIUS QUE AJUDEN A COORDINAR ELS\u00a0 MOVIMENTS I EL CONTROL DEL PROPI COS.<\/p>\n<p><a href=\"https:\/\/agora.xtec.cat\/escolapauvila\/wp-content\/uploads\/usu1565\/2021\/05\/IMG_20210309_111734.jpg\"><img loading=\"lazy\" decoding=\"async\" class=\"alignnone size-large wp-image-6414\" src=\"https:\/\/agora.xtec.cat\/escolapauvila\/wp-content\/uploads\/usu1565\/2021\/05\/IMG_20210309_111734-1024x768.jpg\" alt=\"\" width=\"1024\" height=\"768\" srcset=\"https:\/\/agora.xtec.cat\/escolapauvila\/wp-content\/uploads\/usu1565\/2021\/05\/IMG_20210309_111734-1024x768.jpg 1024w, https:\/\/agora.xtec.cat\/escolapauvila\/wp-content\/uploads\/usu1565\/2021\/05\/IMG_20210309_111734-300x225.jpg 300w, https:\/\/agora.xtec.cat\/escolapauvila\/wp-content\/uploads\/usu1565\/2021\/05\/IMG_20210309_111734-768x576.jpg 768w, https:\/\/agora.xtec.cat\/escolapauvila\/wp-content\/uploads\/usu1565\/2021\/05\/IMG_20210309_111734-200x150.jpg 200w\" sizes=\"auto, (max-width: 1024px) 100vw, 1024px\" \/><\/a><\/p>\n","protected":false},"excerpt":{"rendered":"<p>AQUESTA SETMANA LA CLASSE DE LES ORENETES VOLEM COMPARTIR AMB VOSALTRES ELS RACONS QUE HEM FET A LA CLASSE!<br \/>\nCADA MAT\u00cd, QUAN ARRIBEM A L&#8217;ESCOLA, TROBEM L&#8217;AULA ORGANITZADA EN DIFERENTS RACONS DE TREBALL. ELS NENS I NENES S\u00d3N LLIURES DE TRIAR QUINA PROPOSTA ELS VE M\u00c9S&hellip;  <a href=\"https:\/\/agora.xtec.cat\/escolapauvila\/general\/els-racons\/\" title=\"Read ELS RACONS\">Llegeix m\u00e9s\u00bb<\/a><\/p>\n","protected":false},"author":1,"featured_media":6413,"comment_status":"open","ping_status":"closed","sticky":false,"template":"","format":"standard","meta":{"_bbp_topic_count":0,"_bbp_reply_count":0,"_bbp_total_topic_count":0,"_bbp_total_reply_count":0,"_bbp_voice_count":0,"_bbp_anonymous_reply_count":0,"_bbp_topic_count_hidden":0,"_bbp_reply_count_hidden":0,"_bbp_forum_subforum_count":0,"footnotes":""},"categories":[2,3,1],"tags":[176,149,94,97,139],"class_list":["post-6400","post","type-post","status-publish","format-standard","has-post-thumbnail","hentry","category-petits","category-ei3","category-general","tag-comunitat-petites","tag-ei3","tag-ei3a20-21","tag-nascuts2017","tag-racons"],"post_mailing_queue_ids":[],"_links":{"self":[{"href":"https:\/\/agora.xtec.cat\/escolapauvila\/wp-json\/wp\/v2\/posts\/6400","targetHints":{"allow":["GET"]}}],"collection":[{"href":"https:\/\/agora.xtec.cat\/escolapauvila\/wp-json\/wp\/v2\/posts"}],"about":[{"href":"https:\/\/agora.xtec.cat\/escolapauvila\/wp-json\/wp\/v2\/types\/post"}],"author":[{"embeddable":true,"href":"https:\/\/agora.xtec.cat\/escolapauvila\/wp-json\/wp\/v2\/users\/1"}],"replies":[{"embeddable":true,"href":"https:\/\/agora.xtec.cat\/escolapauvila\/wp-json\/wp\/v2\/comments?post=6400"}],"version-history":[{"count":1,"href":"https:\/\/agora.xtec.cat\/escolapauvila\/wp-json\/wp\/v2\/posts\/6400\/revisions"}],"predecessor-version":[{"id":6417,"href":"https:\/\/agora.xtec.cat\/escolapauvila\/wp-json\/wp\/v2\/posts\/6400\/revisions\/6417"}],"wp:featuredmedia":[{"embeddable":true,"href":"https:\/\/agora.xtec.cat\/escolapauvila\/wp-json\/wp\/v2\/media\/6413"}],"wp:attachment":[{"href":"https:\/\/agora.xtec.cat\/escolapauvila\/wp-json\/wp\/v2\/media?parent=6400"}],"wp:term":[{"taxonomy":"category","embeddable":true,"href":"https:\/\/agora.xtec.cat\/escolapauvila\/wp-json\/wp\/v2\/categories?post=6400"},{"taxonomy":"post_tag","embeddable":true,"href":"https:\/\/agora.xtec.cat\/escolapauvila\/wp-json\/wp\/v2\/tags?post=6400"}],"curies":[{"name":"wp","href":"https:\/\/api.w.org\/{rel}","templated":true}]}}