{"id":6370,"date":"2021-05-06T22:44:58","date_gmt":"2021-05-06T20:44:58","guid":{"rendered":"https:\/\/agora.xtec.cat\/escolapauvila\/?p=6370"},"modified":"2021-05-06T22:44:58","modified_gmt":"2021-05-06T20:44:58","slug":"sortides-del-3er-trimestre","status":"publish","type":"post","link":"https:\/\/agora.xtec.cat\/escolapauvila\/grans\/6e\/sortides-del-3er-trimestre\/","title":{"rendered":"SORTIDES DEL 3ER TRIMESTRE"},"content":{"rendered":"<p>Aquest any com \u00e9s l&#8217;\u00faltim curs de prim\u00e0ria haur\u00edem d&#8217;anar de\u00a0 col\u00f2nies. Per\u00f2 com hi ha la covid-19 no podem fer-les. Aleshores com no podem anar, els i les mestres han organitzat diferents tipus de sortides. Aquest m\u00e9s (maig) fem 3 sortides: dia 7: anem a les afores de l&#8217;escola (oliveres), dia 12: d&#8217;excursi\u00f3 tot el dia a la Col\u00f2nia Sed\u00f3, dia 28: anem al Canal Ol\u00edmpic tot el dia &#8220;farem jocs d&#8217;aigua i portarem el banyador&#8221;. Pasem al mes de juny: dia 4: ser\u00e0 una excursi\u00f3 de tot el dia a Catalunya\u00a0 Miniatura on veurem moltes maquetes sobre monuments de Catalunya i per \u00faltim\u00a0 anem al dia 18 a can roca que nomes \u00e9s\u00a0 pel mat\u00ed. I fins aqu\u00ed les sortides que farem aquest trimestre<\/p>\n<p>&nbsp;<\/p>\n<p><img loading=\"lazy\" decoding=\"async\" class=\"\" src=\"https:\/\/www.lavanguardia.com\/files\/article_main_microformat\/uploads\/2017\/06\/23\/5fa3c7669568f.jpeg\" alt=\"El Canal Ol\u00edmpic, del pirag\u00fcismo al turismo familiar\" width=\"329\" height=\"161\" \/><\/p>\n<p>&nbsp;<\/p>\n<p><img loading=\"lazy\" decoding=\"async\" class=\"\" src=\"https:\/\/www.ambientum.com\/wp-content\/uploads\/2020\/04\/bosque-naturaleza-PIXABAY.jpg\" alt=\"Qu\u00e9 bosques aprovechan mejor los recursos? - Ambientum\" width=\"311\" height=\"175\" \/><\/p>\n","protected":false},"excerpt":{"rendered":"<p>Aquest any com \u00e9s l&#8217;\u00faltim curs de prim\u00e0ria haur\u00edem d&#8217;anar de\u00a0 col\u00f2nies. Per\u00f2 com hi ha la covid-19 no podem fer-les. Aleshores com no podem anar, els i les mestres han organitzat diferents tipus de sortides. Aquest m\u00e9s (maig) fem 3 sortides: dia 7: anem&hellip;  <a href=\"https:\/\/agora.xtec.cat\/escolapauvila\/grans\/6e\/sortides-del-3er-trimestre\/\" title=\"Read SORTIDES DEL 3ER TRIMESTRE\">Llegeix m\u00e9s\u00bb<\/a><\/p>\n","protected":false},"author":1,"featured_media":0,"comment_status":"open","ping_status":"closed","sticky":false,"template":"","format":"standard","meta":{"_bbp_topic_count":0,"_bbp_reply_count":0,"_bbp_total_topic_count":0,"_bbp_total_reply_count":0,"_bbp_voice_count":0,"_bbp_anonymous_reply_count":0,"_bbp_topic_count_hidden":0,"_bbp_reply_count_hidden":0,"_bbp_forum_subforum_count":0,"footnotes":""},"categories":[15,61],"tags":[154,93],"class_list":["post-6370","post","type-post","status-publish","format-standard","hentry","category-6e","category-grans","tag-6ec","tag-nascuts2009"],"post_mailing_queue_ids":[],"_links":{"self":[{"href":"https:\/\/agora.xtec.cat\/escolapauvila\/wp-json\/wp\/v2\/posts\/6370","targetHints":{"allow":["GET"]}}],"collection":[{"href":"https:\/\/agora.xtec.cat\/escolapauvila\/wp-json\/wp\/v2\/posts"}],"about":[{"href":"https:\/\/agora.xtec.cat\/escolapauvila\/wp-json\/wp\/v2\/types\/post"}],"author":[{"embeddable":true,"href":"https:\/\/agora.xtec.cat\/escolapauvila\/wp-json\/wp\/v2\/users\/1"}],"replies":[{"embeddable":true,"href":"https:\/\/agora.xtec.cat\/escolapauvila\/wp-json\/wp\/v2\/comments?post=6370"}],"version-history":[{"count":1,"href":"https:\/\/agora.xtec.cat\/escolapauvila\/wp-json\/wp\/v2\/posts\/6370\/revisions"}],"predecessor-version":[{"id":6371,"href":"https:\/\/agora.xtec.cat\/escolapauvila\/wp-json\/wp\/v2\/posts\/6370\/revisions\/6371"}],"wp:attachment":[{"href":"https:\/\/agora.xtec.cat\/escolapauvila\/wp-json\/wp\/v2\/media?parent=6370"}],"wp:term":[{"taxonomy":"category","embeddable":true,"href":"https:\/\/agora.xtec.cat\/escolapauvila\/wp-json\/wp\/v2\/categories?post=6370"},{"taxonomy":"post_tag","embeddable":true,"href":"https:\/\/agora.xtec.cat\/escolapauvila\/wp-json\/wp\/v2\/tags?post=6370"}],"curies":[{"name":"wp","href":"https:\/\/api.w.org\/{rel}","templated":true}]}}