{"id":6254,"date":"2021-05-03T12:15:49","date_gmt":"2021-05-03T10:15:49","guid":{"rendered":"https:\/\/agora.xtec.cat\/escolapauvila\/?p=6254"},"modified":"2021-05-03T12:25:47","modified_gmt":"2021-05-03T10:25:47","slug":"sorrtida-a-les-oliveres","status":"publish","type":"post","link":"https:\/\/agora.xtec.cat\/escolapauvila\/general\/sorrtida-a-les-oliveres\/","title":{"rendered":"Ccbb i sortida a les oliveres"},"content":{"rendered":"<p>&nbsp;<\/p>\n<p>Els dies 4,5,6, els nens i nenes de totes les escoles de Esparreguera i de catalunya farem les competencies basiques\u00a0 que son les maiteixes, el 4 son de mates i de castell\u00e0, el dia 5 son de catal\u00e0 i angl\u00e8s, i per acabar el dia 6 es de medi natural. En general estem nerviosos perqu\u00e8 creiem que suspendrem.<iframe loading=\"lazy\" src=\"\/\/giphy.com\/embed\/57coyMySySuuk\" width=\"480\" height=\"400\" frameborder=\"0\"><\/iframe><\/p>\n<p>El dia 7\/5 despr\u00e9s de que s&#8217;acabin les competencies basiques els nens i nenes de 6\u00e8 anirem a les oliveres de darrera de l&#8217;escola per descansar la nostra ment despres de 3 dies d&#8217;examens.<\/p>\n<p>l&#8217;excursi\u00f3 dura desde les 10:00 fins a les 12:30 del mati i farem algunes activitats divertides.<\/p>\n<p>&nbsp;<\/p>\n<p><iframe loading=\"lazy\" title=\"Els alumnes de sis\u00e8 realitzen les proves de compet\u00e8ncies b\u00e0siques\" width=\"500\" height=\"281\" src=\"https:\/\/www.youtube.com\/embed\/i9p_BxQynBk?feature=oembed\" frameborder=\"0\" allow=\"accelerometer; autoplay; clipboard-write; encrypted-media; gyroscope; picture-in-picture; web-share\" referrerpolicy=\"strict-origin-when-cross-origin\" allowfullscreen><\/iframe><\/p>\n<p>&nbsp;<\/p>\n","protected":false},"excerpt":{"rendered":"<p>&nbsp;<br \/>\nEls dies 4,5,6, els nens i nenes de totes les escoles de Esparreguera i de catalunya farem les competencies basiques\u00a0 que son les maiteixes, el 4 son de mates i de castell\u00e0, el dia 5 son de catal\u00e0 i angl\u00e8s, i per acabar el dia&hellip;  <a href=\"https:\/\/agora.xtec.cat\/escolapauvila\/general\/sorrtida-a-les-oliveres\/\" title=\"Read Ccbb i sortida a les oliveres\">Llegeix m\u00e9s\u00bb<\/a><\/p>\n","protected":false},"author":1,"featured_media":6255,"comment_status":"open","ping_status":"closed","sticky":false,"template":"","format":"standard","meta":{"_bbp_topic_count":0,"_bbp_reply_count":0,"_bbp_total_topic_count":0,"_bbp_total_reply_count":0,"_bbp_voice_count":0,"_bbp_anonymous_reply_count":0,"_bbp_topic_count_hidden":0,"_bbp_reply_count_hidden":0,"_bbp_forum_subforum_count":0,"footnotes":""},"categories":[15,61,1],"tags":[92,93],"class_list":["post-6254","post","type-post","status-publish","format-standard","has-post-thumbnail","hentry","category-6e","category-grans","category-general","tag-6b20-21","tag-nascuts2009"],"post_mailing_queue_ids":[],"_links":{"self":[{"href":"https:\/\/agora.xtec.cat\/escolapauvila\/wp-json\/wp\/v2\/posts\/6254","targetHints":{"allow":["GET"]}}],"collection":[{"href":"https:\/\/agora.xtec.cat\/escolapauvila\/wp-json\/wp\/v2\/posts"}],"about":[{"href":"https:\/\/agora.xtec.cat\/escolapauvila\/wp-json\/wp\/v2\/types\/post"}],"author":[{"embeddable":true,"href":"https:\/\/agora.xtec.cat\/escolapauvila\/wp-json\/wp\/v2\/users\/1"}],"replies":[{"embeddable":true,"href":"https:\/\/agora.xtec.cat\/escolapauvila\/wp-json\/wp\/v2\/comments?post=6254"}],"version-history":[{"count":3,"href":"https:\/\/agora.xtec.cat\/escolapauvila\/wp-json\/wp\/v2\/posts\/6254\/revisions"}],"predecessor-version":[{"id":6260,"href":"https:\/\/agora.xtec.cat\/escolapauvila\/wp-json\/wp\/v2\/posts\/6254\/revisions\/6260"}],"wp:featuredmedia":[{"embeddable":true,"href":"https:\/\/agora.xtec.cat\/escolapauvila\/wp-json\/wp\/v2\/media\/6255"}],"wp:attachment":[{"href":"https:\/\/agora.xtec.cat\/escolapauvila\/wp-json\/wp\/v2\/media?parent=6254"}],"wp:term":[{"taxonomy":"category","embeddable":true,"href":"https:\/\/agora.xtec.cat\/escolapauvila\/wp-json\/wp\/v2\/categories?post=6254"},{"taxonomy":"post_tag","embeddable":true,"href":"https:\/\/agora.xtec.cat\/escolapauvila\/wp-json\/wp\/v2\/tags?post=6254"}],"curies":[{"name":"wp","href":"https:\/\/api.w.org\/{rel}","templated":true}]}}