{"id":6245,"date":"2021-05-02T20:06:16","date_gmt":"2021-05-02T18:06:16","guid":{"rendered":"https:\/\/agora.xtec.cat\/escolapauvila\/?p=6245"},"modified":"2021-05-02T20:10:42","modified_gmt":"2021-05-02T18:10:42","slug":"la-maleta-dels-comics","status":"publish","type":"post","link":"https:\/\/agora.xtec.cat\/escolapauvila\/grans\/5e\/la-maleta-dels-comics\/","title":{"rendered":"LA MALETA DELS C\u00d2MICS (Iv\u00e1n A., Oliver, Rub\u00ed)"},"content":{"rendered":"<p>&nbsp;<\/p>\n<p><span style=\"font-weight: 400;\">El divendres dia 23 d&#8217;Abril\u00a0 dia de Sant Jordi, la Mireia\u00a0 ens tenia preparada una sorpresa, damunt de cada taula ten\u00edem un c\u00f2mic. Havia anat a Martorell i havia portat una maleta plena de c\u00f2mics.<\/span><\/p>\n<p><span style=\"font-weight: 400;\">Tamb\u00e9 ten\u00edem la llegenda de Sant Jordi embolicada amb la bandera de Catalunya. Ens va fer molta il.lusi\u00f3!<\/span><\/p>\n<p><span style=\"font-weight: 400;\">Ara en els minuts de lectura al mat\u00ed tots i totes ens hem animat a llegir c\u00f2mics i ens anir\u00e0 molt b\u00e9 per fer el c\u00f2mic del nostre animal fant\u00e0stic a racons.<\/span><\/p>\n<p>Reporters\/es (Iv\u00e1n A., Oliver, Rub\u00ed)<\/p>\n<p><a href=\"https:\/\/agora.xtec.cat\/escolapauvila\/wp-content\/uploads\/usu1565\/2021\/05\/comic2.jpg\"><img loading=\"lazy\" decoding=\"async\" class=\"alignnone size-large wp-image-6246\" src=\"https:\/\/agora.xtec.cat\/escolapauvila\/wp-content\/uploads\/usu1565\/2021\/05\/comic2-1024x768.jpg\" alt=\"\" width=\"1024\" height=\"768\" srcset=\"https:\/\/agora.xtec.cat\/escolapauvila\/wp-content\/uploads\/usu1565\/2021\/05\/comic2-1024x768.jpg 1024w, https:\/\/agora.xtec.cat\/escolapauvila\/wp-content\/uploads\/usu1565\/2021\/05\/comic2-300x225.jpg 300w, https:\/\/agora.xtec.cat\/escolapauvila\/wp-content\/uploads\/usu1565\/2021\/05\/comic2-768x576.jpg 768w, https:\/\/agora.xtec.cat\/escolapauvila\/wp-content\/uploads\/usu1565\/2021\/05\/comic2-200x150.jpg 200w\" sizes=\"auto, (max-width: 1024px) 100vw, 1024px\" \/><\/a> <a href=\"https:\/\/agora.xtec.cat\/escolapauvila\/wp-content\/uploads\/usu1565\/2021\/05\/comic.jpg\"><img loading=\"lazy\" decoding=\"async\" class=\"alignnone size-large wp-image-6247\" src=\"https:\/\/agora.xtec.cat\/escolapauvila\/wp-content\/uploads\/usu1565\/2021\/05\/comic-1024x768.jpg\" alt=\"\" width=\"1024\" height=\"768\" srcset=\"https:\/\/agora.xtec.cat\/escolapauvila\/wp-content\/uploads\/usu1565\/2021\/05\/comic-1024x768.jpg 1024w, https:\/\/agora.xtec.cat\/escolapauvila\/wp-content\/uploads\/usu1565\/2021\/05\/comic-300x225.jpg 300w, https:\/\/agora.xtec.cat\/escolapauvila\/wp-content\/uploads\/usu1565\/2021\/05\/comic-768x576.jpg 768w, https:\/\/agora.xtec.cat\/escolapauvila\/wp-content\/uploads\/usu1565\/2021\/05\/comic-200x150.jpg 200w\" sizes=\"auto, (max-width: 1024px) 100vw, 1024px\" \/><\/a><\/p>\n","protected":false},"excerpt":{"rendered":"<p>&nbsp;<br \/>\nEl divendres dia 23 d&#8217;Abril\u00a0 dia de Sant Jordi, la Mireia\u00a0 ens tenia preparada una sorpresa, damunt de cada taula ten\u00edem un c\u00f2mic. Havia anat a Martorell i havia portat una maleta plena de c\u00f2mics.<br \/>\nTamb\u00e9 ten\u00edem la llegenda de Sant Jordi embolicada amb la bandera&hellip;  <a href=\"https:\/\/agora.xtec.cat\/escolapauvila\/grans\/5e\/la-maleta-dels-comics\/\" title=\"Read LA MALETA DELS C\u00d2MICS (Iv\u00e1n A., Oliver, Rub\u00ed)\">Llegeix m\u00e9s\u00bb<\/a><\/p>\n","protected":false},"author":1,"featured_media":0,"comment_status":"open","ping_status":"closed","sticky":false,"template":"","format":"standard","meta":{"_bbp_topic_count":0,"_bbp_reply_count":0,"_bbp_total_topic_count":0,"_bbp_total_reply_count":0,"_bbp_voice_count":0,"_bbp_anonymous_reply_count":0,"_bbp_topic_count_hidden":0,"_bbp_reply_count_hidden":0,"_bbp_forum_subforum_count":0,"footnotes":""},"categories":[14],"tags":[88,180,77],"class_list":["post-6245","post","type-post","status-publish","format-standard","hentry","category-5e","tag-5b20-21","tag-5e","tag-nascuts2010"],"post_mailing_queue_ids":[],"_links":{"self":[{"href":"https:\/\/agora.xtec.cat\/escolapauvila\/wp-json\/wp\/v2\/posts\/6245","targetHints":{"allow":["GET"]}}],"collection":[{"href":"https:\/\/agora.xtec.cat\/escolapauvila\/wp-json\/wp\/v2\/posts"}],"about":[{"href":"https:\/\/agora.xtec.cat\/escolapauvila\/wp-json\/wp\/v2\/types\/post"}],"author":[{"embeddable":true,"href":"https:\/\/agora.xtec.cat\/escolapauvila\/wp-json\/wp\/v2\/users\/1"}],"replies":[{"embeddable":true,"href":"https:\/\/agora.xtec.cat\/escolapauvila\/wp-json\/wp\/v2\/comments?post=6245"}],"version-history":[{"count":2,"href":"https:\/\/agora.xtec.cat\/escolapauvila\/wp-json\/wp\/v2\/posts\/6245\/revisions"}],"predecessor-version":[{"id":6249,"href":"https:\/\/agora.xtec.cat\/escolapauvila\/wp-json\/wp\/v2\/posts\/6245\/revisions\/6249"}],"wp:attachment":[{"href":"https:\/\/agora.xtec.cat\/escolapauvila\/wp-json\/wp\/v2\/media?parent=6245"}],"wp:term":[{"taxonomy":"category","embeddable":true,"href":"https:\/\/agora.xtec.cat\/escolapauvila\/wp-json\/wp\/v2\/categories?post=6245"},{"taxonomy":"post_tag","embeddable":true,"href":"https:\/\/agora.xtec.cat\/escolapauvila\/wp-json\/wp\/v2\/tags?post=6245"}],"curies":[{"name":"wp","href":"https:\/\/api.w.org\/{rel}","templated":true}]}}