{"id":6143,"date":"2021-05-01T23:59:28","date_gmt":"2021-05-01T21:59:28","guid":{"rendered":"https:\/\/agora.xtec.cat\/escolapauvila\/?p=6143"},"modified":"2021-05-01T23:59:28","modified_gmt":"2021-05-01T21:59:28","slug":"poema-al-avis-i-avies","status":"publish","type":"post","link":"https:\/\/agora.xtec.cat\/escolapauvila\/grans\/6e\/poema-al-avis-i-avies\/","title":{"rendered":"Poema al avis i \u00e0vies"},"content":{"rendered":"<p>Fa dues setmanes vam comen\u00e7ar a escriure un poema per als nostres avis i \u00e0vies. Vam trigar una setmana en escriure&#8217;l i aprendre&#8217;l.<\/p>\n<p>El dia 23 d&#8217;Abril, els i les mestres van preparar un decorat al gim\u00e0s amb motius d&#8217;aquest dia per recitar el poema i per gravar-nos. Ens van donar un micro i tamb\u00e9 hi havia\u00a0 una taula on a sobre seu hi havia unes roses vermelles, una tela amb la bandera catalana i un cavallet petit\u00f3 per recolzar el full on estava escrit el poema.<\/p>\n<p>A continuaci\u00f3 us deixem un v\u00eddeo dels nostres poemes dedicats als nostres avis i \u00e0vies.<\/p>\n<p>&nbsp;<\/p>\n<p><iframe loading=\"lazy\" title=\"Poema als avis   Sant Jordi 2021 6e\u0300C\" width=\"500\" height=\"281\" src=\"https:\/\/www.youtube.com\/embed\/FRQmBLm3oFI?feature=oembed\" frameborder=\"0\" allow=\"accelerometer; autoplay; clipboard-write; encrypted-media; gyroscope; picture-in-picture; web-share\" referrerpolicy=\"strict-origin-when-cross-origin\" allowfullscreen><\/iframe><\/p>\n<p>&nbsp;<\/p>\n","protected":false},"excerpt":{"rendered":"<p>Fa dues setmanes vam comen\u00e7ar a escriure un poema per als nostres avis i \u00e0vies. Vam trigar una setmana en escriure&#8217;l i aprendre&#8217;l.<br \/>\nEl dia 23 d&#8217;Abril, els i les mestres van preparar un decorat al gim\u00e0s amb motius d&#8217;aquest dia per recitar el poema i&hellip;  <a href=\"https:\/\/agora.xtec.cat\/escolapauvila\/grans\/6e\/poema-al-avis-i-avies\/\" title=\"Read Poema al avis i \u00e0vies\">Llegeix m\u00e9s\u00bb<\/a><\/p>\n","protected":false},"author":1,"featured_media":6217,"comment_status":"open","ping_status":"closed","sticky":false,"template":"","format":"standard","meta":{"_bbp_topic_count":0,"_bbp_reply_count":0,"_bbp_total_topic_count":0,"_bbp_total_reply_count":0,"_bbp_voice_count":0,"_bbp_anonymous_reply_count":0,"_bbp_topic_count_hidden":0,"_bbp_reply_count_hidden":0,"_bbp_forum_subforum_count":0,"footnotes":""},"categories":[15,61],"tags":[154,93],"class_list":["post-6143","post","type-post","status-publish","format-standard","has-post-thumbnail","hentry","category-6e","category-grans","tag-6ec","tag-nascuts2009"],"post_mailing_queue_ids":[],"_links":{"self":[{"href":"https:\/\/agora.xtec.cat\/escolapauvila\/wp-json\/wp\/v2\/posts\/6143","targetHints":{"allow":["GET"]}}],"collection":[{"href":"https:\/\/agora.xtec.cat\/escolapauvila\/wp-json\/wp\/v2\/posts"}],"about":[{"href":"https:\/\/agora.xtec.cat\/escolapauvila\/wp-json\/wp\/v2\/types\/post"}],"author":[{"embeddable":true,"href":"https:\/\/agora.xtec.cat\/escolapauvila\/wp-json\/wp\/v2\/users\/1"}],"replies":[{"embeddable":true,"href":"https:\/\/agora.xtec.cat\/escolapauvila\/wp-json\/wp\/v2\/comments?post=6143"}],"version-history":[{"count":1,"href":"https:\/\/agora.xtec.cat\/escolapauvila\/wp-json\/wp\/v2\/posts\/6143\/revisions"}],"predecessor-version":[{"id":6216,"href":"https:\/\/agora.xtec.cat\/escolapauvila\/wp-json\/wp\/v2\/posts\/6143\/revisions\/6216"}],"wp:featuredmedia":[{"embeddable":true,"href":"https:\/\/agora.xtec.cat\/escolapauvila\/wp-json\/wp\/v2\/media\/6217"}],"wp:attachment":[{"href":"https:\/\/agora.xtec.cat\/escolapauvila\/wp-json\/wp\/v2\/media?parent=6143"}],"wp:term":[{"taxonomy":"category","embeddable":true,"href":"https:\/\/agora.xtec.cat\/escolapauvila\/wp-json\/wp\/v2\/categories?post=6143"},{"taxonomy":"post_tag","embeddable":true,"href":"https:\/\/agora.xtec.cat\/escolapauvila\/wp-json\/wp\/v2\/tags?post=6143"}],"curies":[{"name":"wp","href":"https:\/\/api.w.org\/{rel}","templated":true}]}}