{"id":6089,"date":"2021-04-30T18:00:47","date_gmt":"2021-04-30T16:00:47","guid":{"rendered":"https:\/\/agora.xtec.cat\/escolapauvila\/?p=6089"},"modified":"2021-04-30T18:00:47","modified_gmt":"2021-04-30T16:00:47","slug":"sortida-a-la-granja-aventura-park-de-viladecavalls","status":"publish","type":"post","link":"https:\/\/agora.xtec.cat\/escolapauvila\/mitjans\/sortida-a-la-granja-aventura-park-de-viladecavalls\/","title":{"rendered":"SORTIDA A LA GRANJA AVENTURA PARK DE VILADECAVALLS"},"content":{"rendered":"<p>Dimecres les nenes i nens de 2on vam gaudir d&#8217;una sortida a Viladecavalls, a la <strong>Granja d&#8217;Aventura Park,\u00a0<\/strong>un espai en plena naturalesa on vam viure una gran aventura!<\/p>\n<p>Tot i que la pluja ens va acompanyar durant una breu estona al mat\u00ed, va ser un dia fant\u00e0stic ple d&#8217;experi\u00e8ncies.<\/p>\n<p>Quan vam arribar, vam distribuir-nos en tres espais diferents de picnic per poder <strong>esmorzar<\/strong>. Tot seguit, cada grup va estar fent diverses activitats relacionades amb L&#8217;AVENTURA!<\/p>\n<p><img loading=\"lazy\" decoding=\"async\" class=\"aligncenter size-medium wp-image-6090\" src=\"https:\/\/agora.xtec.cat\/escolapauvila\/wp-content\/uploads\/usu1565\/2021\/04\/20210428_133943-300x225.jpg\" alt=\"\" width=\"300\" height=\"225\" srcset=\"https:\/\/agora.xtec.cat\/escolapauvila\/wp-content\/uploads\/usu1565\/2021\/04\/20210428_133943-300x225.jpg 300w, https:\/\/agora.xtec.cat\/escolapauvila\/wp-content\/uploads\/usu1565\/2021\/04\/20210428_133943-768x576.jpg 768w, https:\/\/agora.xtec.cat\/escolapauvila\/wp-content\/uploads\/usu1565\/2021\/04\/20210428_133943-1024x768.jpg 1024w, https:\/\/agora.xtec.cat\/escolapauvila\/wp-content\/uploads\/usu1565\/2021\/04\/20210428_133943-200x150.jpg 200w\" sizes=\"auto, (max-width: 300px) 100vw, 300px\" \/><\/p>\n<ul>\n<li><strong>Tirolines<\/strong>: vam poder baixar per dues tirolines diferents v\u00e0ries vegades. Per a fer-ho ens vam posar un casc, ens vam agafar ben fort i&#8230;.. cap avall!!!!!!<\/li>\n<\/ul>\n<p><strong><a href=\"https:\/\/agora.xtec.cat\/escolapauvila\/wp-content\/uploads\/usu1565\/2021\/04\/20210428_110446.jpg\"><img loading=\"lazy\" decoding=\"async\" class=\"size-medium wp-image-6091 alignleft\" src=\"https:\/\/agora.xtec.cat\/escolapauvila\/wp-content\/uploads\/usu1565\/2021\/04\/20210428_110446-225x300.jpg\" alt=\"\" width=\"225\" height=\"300\" srcset=\"https:\/\/agora.xtec.cat\/escolapauvila\/wp-content\/uploads\/usu1565\/2021\/04\/20210428_110446-225x300.jpg 225w, https:\/\/agora.xtec.cat\/escolapauvila\/wp-content\/uploads\/usu1565\/2021\/04\/20210428_110446-768x1024.jpg 768w, https:\/\/agora.xtec.cat\/escolapauvila\/wp-content\/uploads\/usu1565\/2021\/04\/20210428_110446.jpg 1548w\" sizes=\"auto, (max-width: 225px) 100vw, 225px\" \/><\/a><\/strong><\/p>\n<p><a href=\"https:\/\/agora.xtec.cat\/escolapauvila\/wp-content\/uploads\/usu1565\/2021\/04\/IMG_2707.jpg\"><img loading=\"lazy\" decoding=\"async\" class=\"alignnone wp-image-6110 size-medium\" src=\"https:\/\/agora.xtec.cat\/escolapauvila\/wp-content\/uploads\/usu1565\/2021\/04\/IMG_2707-225x300.jpg\" alt=\"\" width=\"225\" height=\"300\" srcset=\"https:\/\/agora.xtec.cat\/escolapauvila\/wp-content\/uploads\/usu1565\/2021\/04\/IMG_2707-225x300.jpg 225w, https:\/\/agora.xtec.cat\/escolapauvila\/wp-content\/uploads\/usu1565\/2021\/04\/IMG_2707-768x1024.jpg 768w\" sizes=\"auto, (max-width: 225px) 100vw, 225px\" \/>\u00a0\u00a0\u00a0\u00a0 <\/a><a href=\"https:\/\/agora.xtec.cat\/escolapauvila\/wp-content\/uploads\/usu1565\/2021\/04\/tirolines.jpg\"><img loading=\"lazy\" decoding=\"async\" class=\"alignnone wp-image-6122\" src=\"https:\/\/agora.xtec.cat\/escolapauvila\/wp-content\/uploads\/usu1565\/2021\/04\/tirolines-1024x768.jpg\" alt=\"\" width=\"334\" height=\"251\" srcset=\"https:\/\/agora.xtec.cat\/escolapauvila\/wp-content\/uploads\/usu1565\/2021\/04\/tirolines-1024x768.jpg 1024w, https:\/\/agora.xtec.cat\/escolapauvila\/wp-content\/uploads\/usu1565\/2021\/04\/tirolines-300x225.jpg 300w, https:\/\/agora.xtec.cat\/escolapauvila\/wp-content\/uploads\/usu1565\/2021\/04\/tirolines-768x576.jpg 768w, https:\/\/agora.xtec.cat\/escolapauvila\/wp-content\/uploads\/usu1565\/2021\/04\/tirolines-200x150.jpg 200w\" sizes=\"auto, (max-width: 334px) 100vw, 334px\" \/><\/a><\/p>\n<ul>\n<li><strong>Lianes:<\/strong> ens vam convertir en aut\u00e8ntics micos en aquest espai tan divertit on la for\u00e7a i l&#8217;equilibri van tenir un paper molt rellevant.<\/li>\n<\/ul>\n<p><a href=\"https:\/\/agora.xtec.cat\/escolapauvila\/wp-content\/uploads\/usu1565\/2021\/04\/20210428_133113.jpg\"><img loading=\"lazy\" decoding=\"async\" class=\"size-medium wp-image-6092 alignleft\" src=\"https:\/\/agora.xtec.cat\/escolapauvila\/wp-content\/uploads\/usu1565\/2021\/04\/20210428_133113-300x225.jpg\" alt=\"\" width=\"300\" height=\"225\" srcset=\"https:\/\/agora.xtec.cat\/escolapauvila\/wp-content\/uploads\/usu1565\/2021\/04\/20210428_133113-300x225.jpg 300w, https:\/\/agora.xtec.cat\/escolapauvila\/wp-content\/uploads\/usu1565\/2021\/04\/20210428_133113-768x576.jpg 768w, https:\/\/agora.xtec.cat\/escolapauvila\/wp-content\/uploads\/usu1565\/2021\/04\/20210428_133113-1024x768.jpg 1024w, https:\/\/agora.xtec.cat\/escolapauvila\/wp-content\/uploads\/usu1565\/2021\/04\/20210428_133113-200x150.jpg 200w\" sizes=\"auto, (max-width: 300px) 100vw, 300px\" \/><\/a><\/p>\n<p><a href=\"https:\/\/agora.xtec.cat\/escolapauvila\/wp-content\/uploads\/usu1565\/2021\/04\/IMG_2619.jpg\"><img loading=\"lazy\" decoding=\"async\" class=\"alignnone wp-image-6112 size-medium\" src=\"https:\/\/agora.xtec.cat\/escolapauvila\/wp-content\/uploads\/usu1565\/2021\/04\/IMG_2619-225x300.jpg\" alt=\"\" width=\"225\" height=\"300\" srcset=\"https:\/\/agora.xtec.cat\/escolapauvila\/wp-content\/uploads\/usu1565\/2021\/04\/IMG_2619-225x300.jpg 225w, https:\/\/agora.xtec.cat\/escolapauvila\/wp-content\/uploads\/usu1565\/2021\/04\/IMG_2619-768x1024.jpg 768w\" sizes=\"auto, (max-width: 225px) 100vw, 225px\" \/>\u00a0\u00a0\u00a0 <\/a><a href=\"https:\/\/agora.xtec.cat\/escolapauvila\/wp-content\/uploads\/usu1565\/2021\/04\/lianes.jpg\"><img loading=\"lazy\" decoding=\"async\" class=\"alignnone wp-image-6124\" src=\"https:\/\/agora.xtec.cat\/escolapauvila\/wp-content\/uploads\/usu1565\/2021\/04\/lianes-1024x768.jpg\" alt=\"\" width=\"346\" height=\"259\" srcset=\"https:\/\/agora.xtec.cat\/escolapauvila\/wp-content\/uploads\/usu1565\/2021\/04\/lianes-1024x768.jpg 1024w, https:\/\/agora.xtec.cat\/escolapauvila\/wp-content\/uploads\/usu1565\/2021\/04\/lianes-300x225.jpg 300w, https:\/\/agora.xtec.cat\/escolapauvila\/wp-content\/uploads\/usu1565\/2021\/04\/lianes-768x576.jpg 768w, https:\/\/agora.xtec.cat\/escolapauvila\/wp-content\/uploads\/usu1565\/2021\/04\/lianes-200x150.jpg 200w\" sizes=\"auto, (max-width: 346px) 100vw, 346px\" \/><\/a><\/p>\n<ul>\n<li><strong>Circuit d&#8217;aventura:<\/strong> vam passar per un circuit fet entre els arbres amb xarxes, troncs, nusos, pals&#8230; Va ser realment divertit passar per all\u00e0 i finalitzar el circuit baixant per una altra tirolina!<\/li>\n<\/ul>\n<p><a href=\"https:\/\/agora.xtec.cat\/escolapauvila\/wp-content\/uploads\/usu1565\/2021\/04\/20210428_122757.jpg\"><img loading=\"lazy\" decoding=\"async\" class=\"size-medium wp-image-6095 alignleft\" src=\"https:\/\/agora.xtec.cat\/escolapauvila\/wp-content\/uploads\/usu1565\/2021\/04\/20210428_122757-300x225.jpg\" alt=\"\" width=\"300\" height=\"225\" srcset=\"https:\/\/agora.xtec.cat\/escolapauvila\/wp-content\/uploads\/usu1565\/2021\/04\/20210428_122757-300x225.jpg 300w, https:\/\/agora.xtec.cat\/escolapauvila\/wp-content\/uploads\/usu1565\/2021\/04\/20210428_122757-768x576.jpg 768w, https:\/\/agora.xtec.cat\/escolapauvila\/wp-content\/uploads\/usu1565\/2021\/04\/20210428_122757-1024x768.jpg 1024w, https:\/\/agora.xtec.cat\/escolapauvila\/wp-content\/uploads\/usu1565\/2021\/04\/20210428_122757-200x150.jpg 200w, https:\/\/agora.xtec.cat\/escolapauvila\/wp-content\/uploads\/usu1565\/2021\/04\/20210428_122757.jpg 1032w\" sizes=\"auto, (max-width: 300px) 100vw, 300px\" \/><\/a><\/p>\n<p><a href=\"https:\/\/agora.xtec.cat\/escolapauvila\/wp-content\/uploads\/usu1565\/2021\/04\/IMG_2765.jpg\"><img loading=\"lazy\" decoding=\"async\" class=\"alignnone wp-image-6109 size-medium\" src=\"https:\/\/agora.xtec.cat\/escolapauvila\/wp-content\/uploads\/usu1565\/2021\/04\/IMG_2765-225x300.jpg\" alt=\"\" width=\"225\" height=\"300\" srcset=\"https:\/\/agora.xtec.cat\/escolapauvila\/wp-content\/uploads\/usu1565\/2021\/04\/IMG_2765-225x300.jpg 225w, https:\/\/agora.xtec.cat\/escolapauvila\/wp-content\/uploads\/usu1565\/2021\/04\/IMG_2765-768x1024.jpg 768w\" sizes=\"auto, (max-width: 225px) 100vw, 225px\" \/>\u00a0\u00a0 <\/a><a href=\"https:\/\/agora.xtec.cat\/escolapauvila\/wp-content\/uploads\/usu1565\/2021\/04\/xarxes.jpg\"><img loading=\"lazy\" decoding=\"async\" class=\"alignnone wp-image-6125\" src=\"https:\/\/agora.xtec.cat\/escolapauvila\/wp-content\/uploads\/usu1565\/2021\/04\/xarxes-1024x768.jpg\" alt=\"\" width=\"331\" height=\"248\" srcset=\"https:\/\/agora.xtec.cat\/escolapauvila\/wp-content\/uploads\/usu1565\/2021\/04\/xarxes-1024x768.jpg 1024w, https:\/\/agora.xtec.cat\/escolapauvila\/wp-content\/uploads\/usu1565\/2021\/04\/xarxes-300x225.jpg 300w, https:\/\/agora.xtec.cat\/escolapauvila\/wp-content\/uploads\/usu1565\/2021\/04\/xarxes-768x576.jpg 768w, https:\/\/agora.xtec.cat\/escolapauvila\/wp-content\/uploads\/usu1565\/2021\/04\/xarxes-200x150.jpg 200w\" sizes=\"auto, (max-width: 331px) 100vw, 331px\" \/><\/a><\/p>\n<ul>\n<li><strong>Jocs de grup:<\/strong> els monitors i monitores ens van proposar jocs de grup on vam poder enfortir els nostres vincles i millorar encara m\u00e9s la cohesi\u00f3 de grup!<\/li>\n<\/ul>\n<p><a href=\"https:\/\/agora.xtec.cat\/escolapauvila\/wp-content\/uploads\/usu1565\/2021\/04\/20210428_121714.jpg\"><img loading=\"lazy\" decoding=\"async\" class=\"size-medium wp-image-6094 alignleft\" src=\"https:\/\/agora.xtec.cat\/escolapauvila\/wp-content\/uploads\/usu1565\/2021\/04\/20210428_121714-300x225.jpg\" alt=\"\" width=\"300\" height=\"225\" srcset=\"https:\/\/agora.xtec.cat\/escolapauvila\/wp-content\/uploads\/usu1565\/2021\/04\/20210428_121714-300x225.jpg 300w, https:\/\/agora.xtec.cat\/escolapauvila\/wp-content\/uploads\/usu1565\/2021\/04\/20210428_121714-768x576.jpg 768w, https:\/\/agora.xtec.cat\/escolapauvila\/wp-content\/uploads\/usu1565\/2021\/04\/20210428_121714-1024x768.jpg 1024w, https:\/\/agora.xtec.cat\/escolapauvila\/wp-content\/uploads\/usu1565\/2021\/04\/20210428_121714-200x150.jpg 200w\" sizes=\"auto, (max-width: 300px) 100vw, 300px\" \/><\/a><\/p>\n<p><a href=\"https:\/\/agora.xtec.cat\/escolapauvila\/wp-content\/uploads\/usu1565\/2021\/04\/IMG_2646.jpg\"><img loading=\"lazy\" decoding=\"async\" class=\"alignnone wp-image-6111 size-medium\" src=\"https:\/\/agora.xtec.cat\/escolapauvila\/wp-content\/uploads\/usu1565\/2021\/04\/IMG_2646-225x300.jpg\" alt=\"\" width=\"225\" height=\"300\" srcset=\"https:\/\/agora.xtec.cat\/escolapauvila\/wp-content\/uploads\/usu1565\/2021\/04\/IMG_2646-225x300.jpg 225w, https:\/\/agora.xtec.cat\/escolapauvila\/wp-content\/uploads\/usu1565\/2021\/04\/IMG_2646-768x1024.jpg 768w\" sizes=\"auto, (max-width: 225px) 100vw, 225px\" \/>\u00a0\u00a0\u00a0 <\/a><a href=\"https:\/\/agora.xtec.cat\/escolapauvila\/wp-content\/uploads\/usu1565\/2021\/04\/jocs.jpg\"><img loading=\"lazy\" decoding=\"async\" class=\"alignnone wp-image-6126\" src=\"https:\/\/agora.xtec.cat\/escolapauvila\/wp-content\/uploads\/usu1565\/2021\/04\/jocs-1024x768.jpg\" alt=\"\" width=\"310\" height=\"233\" srcset=\"https:\/\/agora.xtec.cat\/escolapauvila\/wp-content\/uploads\/usu1565\/2021\/04\/jocs-1024x768.jpg 1024w, https:\/\/agora.xtec.cat\/escolapauvila\/wp-content\/uploads\/usu1565\/2021\/04\/jocs-300x225.jpg 300w, https:\/\/agora.xtec.cat\/escolapauvila\/wp-content\/uploads\/usu1565\/2021\/04\/jocs-768x576.jpg 768w, https:\/\/agora.xtec.cat\/escolapauvila\/wp-content\/uploads\/usu1565\/2021\/04\/jocs-200x150.jpg 200w\" sizes=\"auto, (max-width: 310px) 100vw, 310px\" \/><\/a><\/p>\n<p>Quan vam finalitzar totes aquestes activitats, vam tornar a la nostra zona de picnic per dinar. Despr\u00e9s de tant esfor\u00e7, ten\u00edem mooooolta gana!<\/p>\n<p>Un cop vam acabar de dinar, vam gaudir d&#8217;una estona de joc lliure i tamb\u00e9 vam aprofitar per fer una volteta per la granja.<\/p>\n<table>\n<tbody>\n<tr>\n<td><a href=\"https:\/\/agora.xtec.cat\/escolapauvila\/wp-content\/uploads\/usu1565\/2021\/04\/20210428_144917.jpg\"><img loading=\"lazy\" decoding=\"async\" class=\" wp-image-6093 alignleft\" src=\"https:\/\/agora.xtec.cat\/escolapauvila\/wp-content\/uploads\/usu1565\/2021\/04\/20210428_144917-300x225.jpg\" alt=\"\" width=\"270\" height=\"203\" srcset=\"https:\/\/agora.xtec.cat\/escolapauvila\/wp-content\/uploads\/usu1565\/2021\/04\/20210428_144917-300x225.jpg 300w, https:\/\/agora.xtec.cat\/escolapauvila\/wp-content\/uploads\/usu1565\/2021\/04\/20210428_144917-768x576.jpg 768w, https:\/\/agora.xtec.cat\/escolapauvila\/wp-content\/uploads\/usu1565\/2021\/04\/20210428_144917-1024x768.jpg 1024w, https:\/\/agora.xtec.cat\/escolapauvila\/wp-content\/uploads\/usu1565\/2021\/04\/20210428_144917-200x150.jpg 200w\" sizes=\"auto, (max-width: 270px) 100vw, 270px\" \/><\/a><\/td>\n<td><img loading=\"lazy\" decoding=\"async\" class=\"alignnone wp-image-6107 \" src=\"https:\/\/agora.xtec.cat\/escolapauvila\/wp-content\/uploads\/usu1565\/2021\/04\/IMG_2774-300x225.jpg\" alt=\"\" width=\"295\" height=\"221\" srcset=\"https:\/\/agora.xtec.cat\/escolapauvila\/wp-content\/uploads\/usu1565\/2021\/04\/IMG_2774-300x225.jpg 300w, https:\/\/agora.xtec.cat\/escolapauvila\/wp-content\/uploads\/usu1565\/2021\/04\/IMG_2774-768x576.jpg 768w, https:\/\/agora.xtec.cat\/escolapauvila\/wp-content\/uploads\/usu1565\/2021\/04\/IMG_2774-1024x768.jpg 1024w, https:\/\/agora.xtec.cat\/escolapauvila\/wp-content\/uploads\/usu1565\/2021\/04\/IMG_2774-200x150.jpg 200w\" sizes=\"auto, (max-width: 295px) 100vw, 295px\" \/><\/td>\n<td><img loading=\"lazy\" decoding=\"async\" class=\"alignnone wp-image-6127\" src=\"https:\/\/agora.xtec.cat\/escolapauvila\/wp-content\/uploads\/usu1565\/2021\/04\/foto-grup-e1619673000720-1024x726.jpg\" alt=\"\" width=\"286\" height=\"203\" srcset=\"https:\/\/agora.xtec.cat\/escolapauvila\/wp-content\/uploads\/usu1565\/2021\/04\/foto-grup-e1619673000720-1024x726.jpg 1024w, https:\/\/agora.xtec.cat\/escolapauvila\/wp-content\/uploads\/usu1565\/2021\/04\/foto-grup-e1619673000720-300x213.jpg 300w, https:\/\/agora.xtec.cat\/escolapauvila\/wp-content\/uploads\/usu1565\/2021\/04\/foto-grup-e1619673000720-768x545.jpg 768w\" sizes=\"auto, (max-width: 286px) 100vw, 286px\" \/><\/td>\n<\/tr>\n<\/tbody>\n<\/table>\n<p>&nbsp;<\/p>\n<p style=\"text-align: left;\"><a href=\"https:\/\/agora.xtec.cat\/escolapauvila\/wp-content\/uploads\/usu1565\/2021\/04\/foto-grup-e1619673000720.jpg\">\u00a0<\/a>I fins aqu\u00ed la nostra aventura! Si voleu veure<strong> m\u00e9s fotografies d<\/strong>&#8216;aquest dia, us deixem els enlla\u00e7os amb els \u00e0lbums de cada grup:<\/p>\n<ul>\n<li><a href=\"https:\/\/photos.app.goo.gl\/wecSYUL5La6zTedG8\">Classe de la Hist\u00f2ria.<\/a><\/li>\n<li><a href=\"https:\/\/photos.app.goo.gl\/NxsmA6HAtwN5y5tR7\">Classe de l&#8217;Univers.<\/a><\/li>\n<li><a href=\"https:\/\/photos.app.goo.gl\/FhABvs3nhSrKxMaWA\">Classe dels Oficis.<\/a><\/li>\n<\/ul>\n","protected":false},"excerpt":{"rendered":"<p>Dimecres les nenes i nens de 2on vam gaudir d&#8217;una sortida a Viladecavalls, a la Granja d&#8217;Aventura Park,\u00a0un espai en plena naturalesa on vam viure una gran aventura!<br \/>\nTot i que la pluja ens va acompanyar durant una breu estona al mat\u00ed, va ser un dia&hellip;  <a href=\"https:\/\/agora.xtec.cat\/escolapauvila\/mitjans\/sortida-a-la-granja-aventura-park-de-viladecavalls\/\" title=\"Read SORTIDA A LA GRANJA AVENTURA PARK DE VILADECAVALLS\">Llegeix m\u00e9s\u00bb<\/a><\/p>\n","protected":false},"author":1,"featured_media":6090,"comment_status":"open","ping_status":"closed","sticky":false,"template":"","format":"standard","meta":{"_bbp_topic_count":0,"_bbp_reply_count":0,"_bbp_total_topic_count":0,"_bbp_total_reply_count":0,"_bbp_voice_count":0,"_bbp_anonymous_reply_count":0,"_bbp_topic_count_hidden":0,"_bbp_reply_count_hidden":0,"_bbp_forum_subforum_count":0,"footnotes":""},"categories":[11,5],"tags":[86,80,82,81],"class_list":["post-6089","post","type-post","status-publish","format-standard","has-post-thumbnail","hentry","category-2n","category-mitjans","tag-2a20-21","tag-2b20-21","tag-2c20-21","tag-nascuts2013"],"post_mailing_queue_ids":[],"_links":{"self":[{"href":"https:\/\/agora.xtec.cat\/escolapauvila\/wp-json\/wp\/v2\/posts\/6089","targetHints":{"allow":["GET"]}}],"collection":[{"href":"https:\/\/agora.xtec.cat\/escolapauvila\/wp-json\/wp\/v2\/posts"}],"about":[{"href":"https:\/\/agora.xtec.cat\/escolapauvila\/wp-json\/wp\/v2\/types\/post"}],"author":[{"embeddable":true,"href":"https:\/\/agora.xtec.cat\/escolapauvila\/wp-json\/wp\/v2\/users\/1"}],"replies":[{"embeddable":true,"href":"https:\/\/agora.xtec.cat\/escolapauvila\/wp-json\/wp\/v2\/comments?post=6089"}],"version-history":[{"count":4,"href":"https:\/\/agora.xtec.cat\/escolapauvila\/wp-json\/wp\/v2\/posts\/6089\/revisions"}],"predecessor-version":[{"id":6108,"href":"https:\/\/agora.xtec.cat\/escolapauvila\/wp-json\/wp\/v2\/posts\/6089\/revisions\/6108"}],"wp:featuredmedia":[{"embeddable":true,"href":"https:\/\/agora.xtec.cat\/escolapauvila\/wp-json\/wp\/v2\/media\/6090"}],"wp:attachment":[{"href":"https:\/\/agora.xtec.cat\/escolapauvila\/wp-json\/wp\/v2\/media?parent=6089"}],"wp:term":[{"taxonomy":"category","embeddable":true,"href":"https:\/\/agora.xtec.cat\/escolapauvila\/wp-json\/wp\/v2\/categories?post=6089"},{"taxonomy":"post_tag","embeddable":true,"href":"https:\/\/agora.xtec.cat\/escolapauvila\/wp-json\/wp\/v2\/tags?post=6089"}],"curies":[{"name":"wp","href":"https:\/\/api.w.org\/{rel}","templated":true}]}}