{"id":6034,"date":"2021-03-11T20:19:05","date_gmt":"2021-03-11T19:19:05","guid":{"rendered":"https:\/\/agora.xtec.cat\/escolapauvila\/?p=6034"},"modified":"2021-11-10T09:28:07","modified_gmt":"2021-11-10T08:28:07","slug":"fem-equilibri","status":"publish","type":"post","link":"https:\/\/agora.xtec.cat\/escolapauvila\/mitjans\/3r\/fem-equilibri\/","title":{"rendered":"Fem equilibri!"},"content":{"rendered":"<p>Hola, companys i companyes de l&#8217;escola Pau Vila.<\/p>\n<p>El passat dijous 11 de mar\u00e7 els alumnes de 3r B vam fer equilibris a la classe d&#8217;educaci\u00f3 f\u00edsica. Aquesta activitat consistia a fer una <em><span class=\"hiddenGreenError\">pose<\/span><\/em> d&#8217;equilibri entre quatre o cinc nens i nenes i votar qui ho havia fet millor. L&#8217;Anna ens va dir que ens endrec\u00e9ssim per taules per fer l&#8217;activitat d&#8217;equilibris.<\/p>\n<p>Ens va agradar fer aquesta activitat perqu\u00e8 f\u00e8iem equilibris, pir\u00e0mides amb nens i nenes i per qu\u00e8 hav\u00edem de posar-nos nota.<\/p>\n<p><img decoding=\"async\" src=\"https:\/\/lh3.googleusercontent.com\/Y3cc3aI6Xu5HvtUqhbsJ-PO92R6P4vuTWmxXyvnfIIesedZhImqOvE1ezTP-5i-7W2sOF6co15-aq-bJJYqepB8KhTsWj6SAAHcwi4Od5WTgfxnkLPzue2oNpSY5-AQO_sWpAYujufZTx7Pgxft0Wqzb06OZjx9GP9mtfoc2FjvhX0PclKy1HSp4M3Sbygkf8NVIicRbc11l2w-zlLIs6Iz708HOna90MIVvQq9fXTZo80eK-ELwS1d-fYIY40U8FygYJpyapQjH50hjpWamPIu1I9eF2FTHRKnyJVOjwtvN4YjU9lckIXawHVoLEqOcRHSomy0Zzm6QDjo35ubfQ6AymjXZuyV3XyX-a6L-2V46nhyPYcp6zBHbqUSjYNytlgdp_61qwr8jn0Nb_iLzOBfZhJtMbbcC4x1VjDWjUjEBuS8Af5aMzSp6O4sL1ULZIkzgcRsmyiqJlM3EmF36ILV_KIqJC5C7k3YddAFTkqrNCZ2wZHZM1Wxq0CytIzo-GBU-rFM-E9KsFlsBRSvwnh5yhov8E2_iXkRUMCKNXKaMIMDPcgeaTTSuQzaftzglXSrXytxTpnuP-gQjJfmS19HpRFNSDPSPfssKiElKgBUzzA2Hba8CuqHwRqE6wqbebjj2_7vQBiklknwuo1sBZK_ljmR41UQj-J1Y_EPOpwHOHz5R83j4L574zvvr1zjAJFsBJ9OMyH4pEP7_jE4iAiU=w1335-h782-no?authuser=1\" \/><\/p>\n<p><a href=\"https:\/\/photos.google.com\/u\/1\/album\/AF1QipMdIDaYcJjwHpxPROiArmbfYOkMNQZ1w-tTtOWM\">Clica aqu\u00ed per veure les altres imatges<\/a><\/p>\n","protected":false},"excerpt":{"rendered":"<p>Hola, companys i companyes de l&#8217;escola Pau Vila.<br \/>\nEl passat dijous 11 de mar\u00e7 els alumnes de 3r B vam fer equilibris a la classe d&#8217;educaci\u00f3 f\u00edsica. Aquesta activitat consistia a fer una pose d&#8217;equilibri entre quatre o cinc nens i nenes i votar qui ho&hellip;  <a href=\"https:\/\/agora.xtec.cat\/escolapauvila\/mitjans\/3r\/fem-equilibri\/\" title=\"Read Fem equilibri!\">Llegeix m\u00e9s\u00bb<\/a><\/p>\n","protected":false},"author":1,"featured_media":6045,"comment_status":"open","ping_status":"closed","sticky":false,"template":"","format":"standard","meta":{"_bbp_topic_count":0,"_bbp_reply_count":0,"_bbp_total_topic_count":0,"_bbp_total_reply_count":0,"_bbp_voice_count":0,"_bbp_anonymous_reply_count":0,"_bbp_topic_count_hidden":0,"_bbp_reply_count_hidden":0,"_bbp_forum_subforum_count":0,"footnotes":""},"categories":[12],"tags":[124],"class_list":["post-6034","post","type-post","status-publish","format-standard","has-post-thumbnail","hentry","category-3r","tag-nascuts2012"],"post_mailing_queue_ids":[],"_links":{"self":[{"href":"https:\/\/agora.xtec.cat\/escolapauvila\/wp-json\/wp\/v2\/posts\/6034","targetHints":{"allow":["GET"]}}],"collection":[{"href":"https:\/\/agora.xtec.cat\/escolapauvila\/wp-json\/wp\/v2\/posts"}],"about":[{"href":"https:\/\/agora.xtec.cat\/escolapauvila\/wp-json\/wp\/v2\/types\/post"}],"author":[{"embeddable":true,"href":"https:\/\/agora.xtec.cat\/escolapauvila\/wp-json\/wp\/v2\/users\/1"}],"replies":[{"embeddable":true,"href":"https:\/\/agora.xtec.cat\/escolapauvila\/wp-json\/wp\/v2\/comments?post=6034"}],"version-history":[{"count":3,"href":"https:\/\/agora.xtec.cat\/escolapauvila\/wp-json\/wp\/v2\/posts\/6034\/revisions"}],"predecessor-version":[{"id":6057,"href":"https:\/\/agora.xtec.cat\/escolapauvila\/wp-json\/wp\/v2\/posts\/6034\/revisions\/6057"}],"wp:featuredmedia":[{"embeddable":true,"href":"https:\/\/agora.xtec.cat\/escolapauvila\/wp-json\/wp\/v2\/media\/6045"}],"wp:attachment":[{"href":"https:\/\/agora.xtec.cat\/escolapauvila\/wp-json\/wp\/v2\/media?parent=6034"}],"wp:term":[{"taxonomy":"category","embeddable":true,"href":"https:\/\/agora.xtec.cat\/escolapauvila\/wp-json\/wp\/v2\/categories?post=6034"},{"taxonomy":"post_tag","embeddable":true,"href":"https:\/\/agora.xtec.cat\/escolapauvila\/wp-json\/wp\/v2\/tags?post=6034"}],"curies":[{"name":"wp","href":"https:\/\/api.w.org\/{rel}","templated":true}]}}