{"id":6017,"date":"2021-04-29T20:00:25","date_gmt":"2021-04-29T18:00:25","guid":{"rendered":"https:\/\/agora.xtec.cat\/escolapauvila\/?p=6017"},"modified":"2021-04-29T20:39:04","modified_gmt":"2021-04-29T18:39:04","slug":"larbre-dels-rossinyols","status":"publish","type":"post","link":"https:\/\/agora.xtec.cat\/escolapauvila\/petits\/larbre-dels-rossinyols\/","title":{"rendered":"L&#8217;ARBRE DELS ROSSINYOLS"},"content":{"rendered":"<p style=\"text-align: center;\"><em>\u201cELS ARBRES PRODUEIXEN OXIGEN QUE \u00c9S UN COMPONENT DE L&#8217;AIRE NECESSARI PER RESPIRAR. UN \u00c9SSER HUM\u00c0 NECESSITA 360 LITRES D&#8217;OXIGEN PER VIURE UN DIA, AQUESTA QUANTITAT \u00c9S APROXIMADAMENT EL QUE PRODUEIX UN ARBRE MITJ\u00c0.\u201d<\/em><\/p>\n<p>DURANT EL CURS HEM ANAT CONSTRUINT I DECORANT ENTRE TOTS I TOTES UN <span style=\"font-size: 28px;\"><span style=\"color: #ff0000;\">A<\/span>RBRE <\/span>A LA PORTA DE L&#8217;AULA.<\/p>\n<p>L&#8217;<span style=\"font-size: 28px;\"><span style=\"color: #ff0000;\">A<\/span>RBRE<\/span> ES VA TRANSFORMANT SEGONS LES ESTACIONS QUE ANEM VIVINT I \u00c9S LA CASA ON ELS OCELLS FAN EL SEU NIU.<\/p>\n<p>COM ESTEM A LA <strong><span style=\"font-size: 28px;\"><span style=\"color: #ff0000;\">P<\/span>RIMAVERA<\/span><\/strong> HAN SORTIT FULLES QUE HEM PINTAT AMB LA PINTURA, HEM DIBUIXAT FLORS I HEM PENJAT ELS OCELLS QUE V\u00c0REU OBSERVAR I DIBUIXAR A CASA DURANT LES VACANCES.<\/p>\n<p>&nbsp;<\/p>\n<p><a href=\"https:\/\/agora.xtec.cat\/escolapauvila\/wp-content\/uploads\/usu1565\/2021\/04\/IMG_20210406_092704.jpg\"><img loading=\"lazy\" decoding=\"async\" class=\"size-full wp-image-6081 aligncenter\" src=\"https:\/\/agora.xtec.cat\/escolapauvila\/wp-content\/uploads\/usu1565\/2021\/04\/IMG_20210406_092704.jpg\" alt=\"\" width=\"1000\" height=\"750\" srcset=\"https:\/\/agora.xtec.cat\/escolapauvila\/wp-content\/uploads\/usu1565\/2021\/04\/IMG_20210406_092704.jpg 1000w, https:\/\/agora.xtec.cat\/escolapauvila\/wp-content\/uploads\/usu1565\/2021\/04\/IMG_20210406_092704-300x225.jpg 300w, https:\/\/agora.xtec.cat\/escolapauvila\/wp-content\/uploads\/usu1565\/2021\/04\/IMG_20210406_092704-768x576.jpg 768w, https:\/\/agora.xtec.cat\/escolapauvila\/wp-content\/uploads\/usu1565\/2021\/04\/IMG_20210406_092704-200x150.jpg 200w\" sizes=\"auto, (max-width: 1000px) 100vw, 1000px\" \/><\/a><\/p>\n<p>AIX\u00cd DE BONIC HA QUEDAT EL NOSTRE <span style=\"font-size: 32px;\"><span style=\"color: #ff0000;\">A<\/span>RBRE!<\/span><\/p>\n<p><a href=\"https:\/\/agora.xtec.cat\/escolapauvila\/wp-content\/uploads\/usu1565\/2021\/04\/IMG_20210428_125511.jpg\"><img loading=\"lazy\" decoding=\"async\" class=\"size-full wp-image-6082 aligncenter\" src=\"https:\/\/agora.xtec.cat\/escolapauvila\/wp-content\/uploads\/usu1565\/2021\/04\/IMG_20210428_125511.jpg\" alt=\"\" width=\"1000\" height=\"750\" srcset=\"https:\/\/agora.xtec.cat\/escolapauvila\/wp-content\/uploads\/usu1565\/2021\/04\/IMG_20210428_125511.jpg 1000w, https:\/\/agora.xtec.cat\/escolapauvila\/wp-content\/uploads\/usu1565\/2021\/04\/IMG_20210428_125511-300x225.jpg 300w, https:\/\/agora.xtec.cat\/escolapauvila\/wp-content\/uploads\/usu1565\/2021\/04\/IMG_20210428_125511-768x576.jpg 768w, https:\/\/agora.xtec.cat\/escolapauvila\/wp-content\/uploads\/usu1565\/2021\/04\/IMG_20210428_125511-200x150.jpg 200w\" sizes=\"auto, (max-width: 1000px) 100vw, 1000px\" \/><\/a><\/p>\n<p><a href=\"https:\/\/agora.xtec.cat\/escolapauvila\/wp-content\/uploads\/usu1565\/2021\/04\/IMG_20210428_125520.jpg\"><img loading=\"lazy\" decoding=\"async\" class=\"size-full wp-image-6083 aligncenter\" src=\"https:\/\/agora.xtec.cat\/escolapauvila\/wp-content\/uploads\/usu1565\/2021\/04\/IMG_20210428_125520.jpg\" alt=\"\" width=\"1000\" height=\"750\" srcset=\"https:\/\/agora.xtec.cat\/escolapauvila\/wp-content\/uploads\/usu1565\/2021\/04\/IMG_20210428_125520.jpg 1000w, https:\/\/agora.xtec.cat\/escolapauvila\/wp-content\/uploads\/usu1565\/2021\/04\/IMG_20210428_125520-300x225.jpg 300w, https:\/\/agora.xtec.cat\/escolapauvila\/wp-content\/uploads\/usu1565\/2021\/04\/IMG_20210428_125520-768x576.jpg 768w, https:\/\/agora.xtec.cat\/escolapauvila\/wp-content\/uploads\/usu1565\/2021\/04\/IMG_20210428_125520-200x150.jpg 200w\" sizes=\"auto, (max-width: 1000px) 100vw, 1000px\" \/><\/a><\/p>\n<p><a href=\"https:\/\/agora.xtec.cat\/escolapauvila\/wp-content\/uploads\/usu1565\/2021\/04\/IMG_20210429_102845.jpg\"><img loading=\"lazy\" decoding=\"async\" class=\"size-large wp-image-6132 aligncenter\" src=\"https:\/\/agora.xtec.cat\/escolapauvila\/wp-content\/uploads\/usu1565\/2021\/04\/IMG_20210429_102845-768x1024.jpg\" alt=\"\" width=\"768\" height=\"1024\" srcset=\"https:\/\/agora.xtec.cat\/escolapauvila\/wp-content\/uploads\/usu1565\/2021\/04\/IMG_20210429_102845-768x1024.jpg 768w, https:\/\/agora.xtec.cat\/escolapauvila\/wp-content\/uploads\/usu1565\/2021\/04\/IMG_20210429_102845-225x300.jpg 225w, https:\/\/agora.xtec.cat\/escolapauvila\/wp-content\/uploads\/usu1565\/2021\/04\/IMG_20210429_102845.jpg 1000w\" sizes=\"auto, (max-width: 768px) 100vw, 768px\" \/><\/a><\/p>\n<p>AQUESTA SETMANA HEM ESTAT MANIPULANT I JUGANT AMB L&#8217;ARR\u00d2S DE COLORS QUE V\u00c0REM TENYIR I ELS P\u00c8TALS DE ROSES.<\/p>\n<p><a href=\"https:\/\/agora.xtec.cat\/escolapauvila\/wp-content\/uploads\/usu1565\/2021\/04\/IMG_20210420_085625.jpg\"><img loading=\"lazy\" decoding=\"async\" class=\"alignnone size-full wp-image-5701\" src=\"https:\/\/agora.xtec.cat\/escolapauvila\/wp-content\/uploads\/usu1565\/2021\/04\/IMG_20210420_085625.jpg\" alt=\"\" width=\"1000\" height=\"750\" srcset=\"https:\/\/agora.xtec.cat\/escolapauvila\/wp-content\/uploads\/usu1565\/2021\/04\/IMG_20210420_085625.jpg 1000w, https:\/\/agora.xtec.cat\/escolapauvila\/wp-content\/uploads\/usu1565\/2021\/04\/IMG_20210420_085625-300x225.jpg 300w, https:\/\/agora.xtec.cat\/escolapauvila\/wp-content\/uploads\/usu1565\/2021\/04\/IMG_20210420_085625-768x576.jpg 768w, https:\/\/agora.xtec.cat\/escolapauvila\/wp-content\/uploads\/usu1565\/2021\/04\/IMG_20210420_085625-200x150.jpg 200w\" sizes=\"auto, (max-width: 1000px) 100vw, 1000px\" \/><\/a> <a href=\"https:\/\/agora.xtec.cat\/escolapauvila\/wp-content\/uploads\/usu1565\/2021\/04\/7-2.jpg\"><img loading=\"lazy\" decoding=\"async\" class=\"alignnone size-full wp-image-5692\" src=\"https:\/\/agora.xtec.cat\/escolapauvila\/wp-content\/uploads\/usu1565\/2021\/04\/7-2.jpg\" alt=\"\" width=\"1000\" height=\"750\" srcset=\"https:\/\/agora.xtec.cat\/escolapauvila\/wp-content\/uploads\/usu1565\/2021\/04\/7-2.jpg 1000w, https:\/\/agora.xtec.cat\/escolapauvila\/wp-content\/uploads\/usu1565\/2021\/04\/7-2-300x225.jpg 300w, https:\/\/agora.xtec.cat\/escolapauvila\/wp-content\/uploads\/usu1565\/2021\/04\/7-2-768x576.jpg 768w, https:\/\/agora.xtec.cat\/escolapauvila\/wp-content\/uploads\/usu1565\/2021\/04\/7-2-200x150.jpg 200w\" sizes=\"auto, (max-width: 1000px) 100vw, 1000px\" \/><\/a><\/p>\n<p>&nbsp;<\/p>\n<p>ESTEM APRENENT A RECITAR LA DITA I LA CAN\u00c7\u00d3 DE <span style=\"font-size: 28px;\"><span style=\"color: #ff0000;\">P<\/span>RIMAVERA<\/span><\/p>\n<p><a href=\"https:\/\/agora.xtec.cat\/escolapauvila\/wp-content\/uploads\/usu1565\/2021\/04\/7-1.jpg\"><img loading=\"lazy\" decoding=\"async\" class=\"alignnone size-large wp-image-5552\" src=\"https:\/\/agora.xtec.cat\/escolapauvila\/wp-content\/uploads\/usu1565\/2021\/04\/7-1-1024x768.jpg\" alt=\"\" width=\"1024\" height=\"768\" srcset=\"https:\/\/agora.xtec.cat\/escolapauvila\/wp-content\/uploads\/usu1565\/2021\/04\/7-1-1024x768.jpg 1024w, https:\/\/agora.xtec.cat\/escolapauvila\/wp-content\/uploads\/usu1565\/2021\/04\/7-1-300x225.jpg 300w, https:\/\/agora.xtec.cat\/escolapauvila\/wp-content\/uploads\/usu1565\/2021\/04\/7-1-768x576.jpg 768w, https:\/\/agora.xtec.cat\/escolapauvila\/wp-content\/uploads\/usu1565\/2021\/04\/7-1-200x150.jpg 200w\" sizes=\"auto, (max-width: 1024px) 100vw, 1024px\" \/><\/a><\/p>\n<p>US <strong>CANTEM<\/strong> LA CAN\u00c7\u00d3 DE LA <span style=\"font-size: 28px;\"><span style=\"color: #ff0000;\">P<\/span>RIMAVERA<\/span><\/p>\n<p><iframe loading=\"lazy\" title=\"CAN\u00c7\u00d3 DE LA PRIMAVERA\" width=\"500\" height=\"281\" src=\"https:\/\/www.youtube.com\/embed\/1ibCqC5Ovhw?feature=oembed\" frameborder=\"0\" allow=\"accelerometer; autoplay; clipboard-write; encrypted-media; gyroscope; picture-in-picture; web-share\" referrerpolicy=\"strict-origin-when-cross-origin\" allowfullscreen><\/iframe><\/p>\n<p>&nbsp;<\/p>\n<p>US DEIXEM LA CAN\u00c7\u00d3 DE LA PRIMAVERA PER SI LA VOLEU CANTAR AQUEST CAP DE SETMANA!<\/p>\n<p><iframe loading=\"lazy\" title=\"ET DIR\u00c9 UN SECRET MOLT FI\" width=\"500\" height=\"281\" src=\"https:\/\/www.youtube.com\/embed\/bEg_BGk5Q7s?feature=oembed\" frameborder=\"0\" allow=\"accelerometer; autoplay; clipboard-write; encrypted-media; gyroscope; picture-in-picture; web-share\" referrerpolicy=\"strict-origin-when-cross-origin\" allowfullscreen><\/iframe><\/p>\n<p><iframe loading=\"lazy\" title=\"DITA DE LA PRIMAVERA\" width=\"500\" height=\"281\" src=\"https:\/\/www.youtube.com\/embed\/whpKYRmtwdg?feature=oembed\" frameborder=\"0\" allow=\"accelerometer; autoplay; clipboard-write; encrypted-media; gyroscope; picture-in-picture; web-share\" referrerpolicy=\"strict-origin-when-cross-origin\" allowfullscreen><\/iframe><\/p>\n<p style=\"text-align: center;\"><strong><em>&#8220;EDUQUEM ENTRE TOTS I TOTES EL CONEIXEMENT DE LA NATURA,\u00a0<\/em><\/strong><\/p>\n<p style=\"text-align: center;\"><strong><em>PER ACONSEGUIR,\u00a0 ESTIMAR-LA I CONSERVAR-LA.&#8221;<\/em><\/strong><\/p>\n<p>QUE TINGUEU UN MOLT BON CAP DE SETMANA!!<\/p>\n","protected":false},"excerpt":{"rendered":"<p>\u201cELS ARBRES PRODUEIXEN OXIGEN QUE \u00c9S UN COMPONENT DE L&#8217;AIRE NECESSARI PER RESPIRAR. UN \u00c9SSER HUM\u00c0 NECESSITA 360 LITRES D&#8217;OXIGEN PER VIURE UN DIA, AQUESTA QUANTITAT \u00c9S APROXIMADAMENT EL QUE PRODUEIX UN ARBRE MITJ\u00c0.\u201d<br \/>\nDURANT EL CURS HEM ANAT CONSTRUINT I DECORANT ENTRE TOTS I TOTES&hellip;  <a href=\"https:\/\/agora.xtec.cat\/escolapauvila\/petits\/larbre-dels-rossinyols\/\" title=\"Read L&#8217;ARBRE DELS ROSSINYOLS\">Llegeix m\u00e9s\u00bb<\/a><\/p>\n","protected":false},"author":1,"featured_media":4504,"comment_status":"open","ping_status":"closed","sticky":false,"template":"","format":"standard","meta":{"_bbp_topic_count":0,"_bbp_reply_count":0,"_bbp_total_topic_count":0,"_bbp_total_reply_count":0,"_bbp_voice_count":0,"_bbp_anonymous_reply_count":0,"_bbp_topic_count_hidden":0,"_bbp_reply_count_hidden":0,"_bbp_forum_subforum_count":0,"footnotes":""},"categories":[2,3],"tags":[185,95],"class_list":["post-6017","post","type-post","status-publish","format-standard","has-post-thumbnail","hentry","category-petits","category-ei3","tag-ei","tag-ei3b20-21"],"post_mailing_queue_ids":[],"_links":{"self":[{"href":"https:\/\/agora.xtec.cat\/escolapauvila\/wp-json\/wp\/v2\/posts\/6017","targetHints":{"allow":["GET"]}}],"collection":[{"href":"https:\/\/agora.xtec.cat\/escolapauvila\/wp-json\/wp\/v2\/posts"}],"about":[{"href":"https:\/\/agora.xtec.cat\/escolapauvila\/wp-json\/wp\/v2\/types\/post"}],"author":[{"embeddable":true,"href":"https:\/\/agora.xtec.cat\/escolapauvila\/wp-json\/wp\/v2\/users\/1"}],"replies":[{"embeddable":true,"href":"https:\/\/agora.xtec.cat\/escolapauvila\/wp-json\/wp\/v2\/comments?post=6017"}],"version-history":[{"count":3,"href":"https:\/\/agora.xtec.cat\/escolapauvila\/wp-json\/wp\/v2\/posts\/6017\/revisions"}],"predecessor-version":[{"id":6135,"href":"https:\/\/agora.xtec.cat\/escolapauvila\/wp-json\/wp\/v2\/posts\/6017\/revisions\/6135"}],"wp:featuredmedia":[{"embeddable":true,"href":"https:\/\/agora.xtec.cat\/escolapauvila\/wp-json\/wp\/v2\/media\/4504"}],"wp:attachment":[{"href":"https:\/\/agora.xtec.cat\/escolapauvila\/wp-json\/wp\/v2\/media?parent=6017"}],"wp:term":[{"taxonomy":"category","embeddable":true,"href":"https:\/\/agora.xtec.cat\/escolapauvila\/wp-json\/wp\/v2\/categories?post=6017"},{"taxonomy":"post_tag","embeddable":true,"href":"https:\/\/agora.xtec.cat\/escolapauvila\/wp-json\/wp\/v2\/tags?post=6017"}],"curies":[{"name":"wp","href":"https:\/\/api.w.org\/{rel}","templated":true}]}}