{"id":5793,"date":"2021-04-23T18:47:50","date_gmt":"2021-04-23T16:47:50","guid":{"rendered":"https:\/\/agora.xtec.cat\/escolapauvila\/?p=5793"},"modified":"2021-04-28T20:08:02","modified_gmt":"2021-04-28T18:08:02","slug":"certamen-literari-infantil-i-juvenil","status":"publish","type":"post","link":"https:\/\/agora.xtec.cat\/escolapauvila\/portada\/certamen-literari-infantil-i-juvenil\/","title":{"rendered":"CERTAMEN LITERARI INFANTIL I JUVENIL"},"content":{"rendered":"<p><img loading=\"lazy\" decoding=\"async\" class=\"aligncenter\" src=\"http:\/\/www.esparreguera.cat\/imatges\/front\/temes\/educacio\/certamen_sant_jordi.jpg\" alt=\"Cartell del Certamen literari de Sant Jordi\" width=\"385\" height=\"544\" \/><\/p>\n<p>Com cada any, l&#8217;Ajuntament d&#8217;Esparreguera, ha organitzat el<strong> Certamen Literari Infantil i Juvenil<\/strong>, destinat a tot l&#8217;alumnat dels centres educatius d&#8217;Esparreguera, on cada escola podia presentar un m\u00e0xim de quatre obres.<\/p>\n<p>Des de l&#8217;escola Pau Vila hem presentat:<\/p>\n<ul>\n<li>Una obra a la categoria Joana Raspall (Cicle Infantil i Cicle Inicial) amb una hist\u00f2ria escrita per l&#8217;<strong>Aynie Requena S\u00e1nchez <\/strong>(2nA) titulada &#8220;<em>Salvant el m\u00f3n<\/em>&#8220;.<\/li>\n<li>Tres obres a la categoria Maria Barbal (Cicle Superior), dels autors\/es <strong>Carla Criado Alcobendas<\/strong> (5\u00e8A) &#8220;<em>La nova aventura de la Lucy<\/em>&#8220;, <strong>Mario Quesada Hurtado <\/strong>(5\u00e8B) &#8220;<em>Els tres fant\u00e0stics. Cuidant el Planeta<\/em>&#8221; i <strong>Dafne Fern\u00e1ndez Closas<\/strong> (5\u00e8B) &#8220;<em>La meva rosa perduda<\/em>&#8220;.<\/li>\n<\/ul>\n<p>Aquest mat\u00ed s&#8217;ha celebrat el lliurament de premis a trav\u00e9s d&#8217;una videoconfer\u00e8ncia en directe amb els representants de l&#8217;Ajuntament, i totes les escoles i instituts participants.<\/p>\n<p>L&#8217;obra &#8220;<em><strong>Salvant el m\u00f3n<\/strong><\/em>&#8221; ha estat premiada, i ha estat molt emotiu veure com tot el grup ha recolzat a l&#8217;Aynie i ho hem celebrat plegats i plegades!!!<\/p>\n<p><a href=\"https:\/\/agora.xtec.cat\/escolapauvila\/wp-content\/uploads\/usu1565\/2021\/04\/20210423_102139.jpg\"><img loading=\"lazy\" decoding=\"async\" class=\"size-medium wp-image-5875 alignleft\" src=\"https:\/\/agora.xtec.cat\/escolapauvila\/wp-content\/uploads\/usu1565\/2021\/04\/20210423_102139-300x225.jpg\" alt=\"\" width=\"300\" height=\"225\" srcset=\"https:\/\/agora.xtec.cat\/escolapauvila\/wp-content\/uploads\/usu1565\/2021\/04\/20210423_102139-300x225.jpg 300w, https:\/\/agora.xtec.cat\/escolapauvila\/wp-content\/uploads\/usu1565\/2021\/04\/20210423_102139-768x576.jpg 768w, https:\/\/agora.xtec.cat\/escolapauvila\/wp-content\/uploads\/usu1565\/2021\/04\/20210423_102139-1024x768.jpg 1024w, https:\/\/agora.xtec.cat\/escolapauvila\/wp-content\/uploads\/usu1565\/2021\/04\/20210423_102139-200x150.jpg 200w\" sizes=\"auto, (max-width: 300px) 100vw, 300px\" \/><\/a><\/p>\n\n\t\t<style type=\"text\/css\">\n\t\t\t#gallery-1 {\n\t\t\t\tmargin: auto;\n\t\t\t}\n\t\t\t#gallery-1 .gallery-item {\n\t\t\t\tfloat: left;\n\t\t\t\tmargin-top: 10px;\n\t\t\t\ttext-align: center;\n\t\t\t\twidth: 100%;\n\t\t\t}\n\t\t\t#gallery-1 img {\n\t\t\t\tborder: 2px solid #cfcfcf;\n\t\t\t}\n\t\t\t#gallery-1 .gallery-caption {\n\t\t\t\tmargin-left: 0;\n\t\t\t}\n\t\t\t\/* see gallery_shortcode() in wp-includes\/media.php *\/\n\t\t<\/style>\n\t\t<div id='gallery-1' class='gallery galleryid-5793 gallery-columns-1 gallery-size-medium'><dl class='gallery-item'>\n\t\t\t<dt class='gallery-icon landscape'>\n\t\t\t\t<a href='https:\/\/agora.xtec.cat\/escolapauvila\/portada\/certamen-literari-infantil-i-juvenil\/attachment\/20210423_105233-2\/'><img loading=\"lazy\" decoding=\"async\" width=\"300\" height=\"225\" src=\"https:\/\/agora.xtec.cat\/escolapauvila\/wp-content\/uploads\/usu1565\/2021\/04\/20210423_105233-1-300x225.jpg\" class=\"attachment-medium size-medium\" alt=\"\" srcset=\"https:\/\/agora.xtec.cat\/escolapauvila\/wp-content\/uploads\/usu1565\/2021\/04\/20210423_105233-1-300x225.jpg 300w, https:\/\/agora.xtec.cat\/escolapauvila\/wp-content\/uploads\/usu1565\/2021\/04\/20210423_105233-1-768x576.jpg 768w, https:\/\/agora.xtec.cat\/escolapauvila\/wp-content\/uploads\/usu1565\/2021\/04\/20210423_105233-1-1024x768.jpg 1024w, https:\/\/agora.xtec.cat\/escolapauvila\/wp-content\/uploads\/usu1565\/2021\/04\/20210423_105233-1-200x150.jpg 200w\" sizes=\"auto, (max-width: 300px) 100vw, 300px\" \/><\/a>\n\t\t\t<\/dt><\/dl><br style=\"clear: both\" \/><dl class='gallery-item'>\n\t\t\t<dt class='gallery-icon landscape'>\n\t\t\t\t<a href='https:\/\/agora.xtec.cat\/escolapauvila\/portada\/certamen-literari-infantil-i-juvenil\/attachment\/20210423_154445-2\/'><img loading=\"lazy\" decoding=\"async\" width=\"300\" height=\"225\" src=\"https:\/\/agora.xtec.cat\/escolapauvila\/wp-content\/uploads\/usu1565\/2021\/04\/20210423_154445-1-300x225.jpg\" class=\"attachment-medium size-medium\" alt=\"\" srcset=\"https:\/\/agora.xtec.cat\/escolapauvila\/wp-content\/uploads\/usu1565\/2021\/04\/20210423_154445-1-300x225.jpg 300w, https:\/\/agora.xtec.cat\/escolapauvila\/wp-content\/uploads\/usu1565\/2021\/04\/20210423_154445-1-768x576.jpg 768w, https:\/\/agora.xtec.cat\/escolapauvila\/wp-content\/uploads\/usu1565\/2021\/04\/20210423_154445-1-1024x768.jpg 1024w, https:\/\/agora.xtec.cat\/escolapauvila\/wp-content\/uploads\/usu1565\/2021\/04\/20210423_154445-1-200x150.jpg 200w\" sizes=\"auto, (max-width: 300px) 100vw, 300px\" \/><\/a>\n\t\t\t<\/dt><\/dl><br style=\"clear: both\" \/>\n\t\t<\/div>\n\n<p style=\"text-align: center;\"><strong>ENHORABONA, AYNIE!!!!<\/strong><\/p>\n<p>Des de l&#8217;escola volem agra\u00efr la <strong>participaci\u00f3 a tot l&#8217;alumnat<\/strong> i us volem animar a seguir escrivint.<\/p>\n<p>A continuaci\u00f3, us deixem enlla\u00e7ades les obres presentades, per tal que en pogueu fer una lectura:<\/p>\n<ul>\n<li><a href=\"https:\/\/drive.google.com\/file\/d\/178YGW3vT-LRIFEAqaVNBzT_gUmIWSvs5\/view?usp=sharing\">Salvant el m\u00f3n<\/a>, d&#8217;Aynie Requena S\u00e1nchez.<\/li>\n<li><a href=\"https:\/\/drive.google.com\/file\/d\/1C8Nmf_8nn9wUsGmZkpR99JzCp2tQIVZx\/view?usp=sharing\">La nova aventura de la Lucy,<\/a> de Carla\u00a0Criado Alcobendas.<\/li>\n<li><a href=\"https:\/\/drive.google.com\/file\/d\/13MIVthpBRA1hxtQNYhf-7aS7jHHwCA0v\/view?usp=sharing\">Els tres fant\u00e0stics. Cuidant el Planeta<\/a>, de Mario Quesada Hurtado.<\/li>\n<li><a href=\"https:\/\/drive.google.com\/file\/d\/13VYg_MHgSfvNivd3vMp4EfoVsff8zVvh\/view?usp=sharing\">La meva rosa perduda,<\/a> de Dafne Fern\u00e1ndez Closas.<\/li>\n<\/ul>\n<p>I per acabar aquesta entrada, us deixem un <strong>poema<\/strong> de la Joana Raspall:<\/p>\n<p style=\"text-align: center;\"><em>Estimo les lletres<\/em><\/p>\n<p style=\"text-align: center;\"><em>que formen els mots,<\/em><\/p>\n<p style=\"text-align: center;\"><em>i els llavis que els diuen,<\/em><\/p>\n<p style=\"text-align: center;\"><em>i el cor que els ent\u00e9n&#8230;<\/em><\/p>\n<p style=\"text-align: center;\"><em>perqu\u00e8 als mots hi ha l&#8217;\u00e0nima<\/em><\/p>\n<p style=\"text-align: center;\"><em>de tota la gent.<\/em><\/p>\n<p style=\"text-align: center;\">\u00a0 \u00a0 \u00a0 \u00a0 \u00a0 \u00a0 \u00a0 \u00a0 \u00a0 \u00a0 \u00a0 \u00a0 \u00a0 \u00a0 \u00a0 \u00a0 \u00a0 \u00a0 \u00a0 \u00a0 \u00a0 \u00a0 \u00a0 \u00a0 \u00a0 \u00a0 \u00a0 \u00a0 \u00a0 \u00a0 \u00a0Joana Raspall<\/p>\n","protected":false},"excerpt":{"rendered":"<p>Com cada any, l&#8217;Ajuntament d&#8217;Esparreguera, ha organitzat el Certamen Literari Infantil i Juvenil, destinat a tot l&#8217;alumnat dels centres educatius d&#8217;Esparreguera, on cada escola podia presentar un m\u00e0xim de quatre obres.<br \/>\nDes de l&#8217;escola Pau Vila hem presentat:<\/p>\n<ul>\n<li>Una obra a la categoria Joana Raspall (Cicle Infantil&hellip;  <a href=\"https:\/\/agora.xtec.cat\/escolapauvila\/portada\/certamen-literari-infantil-i-juvenil\/\" title=\"Read CERTAMEN LITERARI INFANTIL I JUVENIL\">Llegeix m\u00e9s\u00bb<\/a><br \/>\n","protected":false},"author":1,"featured_media":5913,"comment_status":"open","ping_status":"closed","sticky":false,"template":"","format":"standard","meta":{"_bbp_topic_count":0,"_bbp_reply_count":0,"_bbp_total_topic_count":0,"_bbp_total_reply_count":0,"_bbp_voice_count":0,"_bbp_anonymous_reply_count":0,"_bbp_topic_count_hidden":0,"_bbp_reply_count_hidden":0,"_bbp_forum_subforum_count":0,"footnotes":""},"categories":[11,14,61,5,4],"tags":[86,87,88,77,81],"class_list":["post-5793","post","type-post","status-publish","format-standard","has-post-thumbnail","hentry","category-2n","category-5e","category-grans","category-mitjans","category-portada","tag-2a20-21","tag-5a20-21","tag-5b20-21","tag-nascuts2010","tag-nascuts2013"],"post_mailing_queue_ids":[],"_links":{"self":[{"href":"https:\/\/agora.xtec.cat\/escolapauvila\/wp-json\/wp\/v2\/posts\/5793","targetHints":{"allow":["GET"]}}],"collection":[{"href":"https:\/\/agora.xtec.cat\/escolapauvila\/wp-json\/wp\/v2\/posts"}],"about":[{"href":"https:\/\/agora.xtec.cat\/escolapauvila\/wp-json\/wp\/v2\/types\/post"}],"author":[{"embeddable":true,"href":"https:\/\/agora.xtec.cat\/escolapauvila\/wp-json\/wp\/v2\/users\/1"}],"replies":[{"embeddable":true,"href":"https:\/\/agora.xtec.cat\/escolapauvila\/wp-json\/wp\/v2\/comments?post=5793"}],"version-history":[{"count":3,"href":"https:\/\/agora.xtec.cat\/escolapauvila\/wp-json\/wp\/v2\/posts\/5793\/revisions"}],"predecessor-version":[{"id":6088,"href":"https:\/\/agora.xtec.cat\/escolapauvila\/wp-json\/wp\/v2\/posts\/5793\/revisions\/6088"}],"wp:featuredmedia":[{"embeddable":true,"href":"https:\/\/agora.xtec.cat\/escolapauvila\/wp-json\/wp\/v2\/media\/5913"}],"wp:attachment":[{"href":"https:\/\/agora.xtec.cat\/escolapauvila\/wp-json\/wp\/v2\/media?parent=5793"}],"wp:term":[{"taxonomy":"category","embeddable":true,"href":"https:\/\/agora.xtec.cat\/escolapauvila\/wp-json\/wp\/v2\/categories?post=5793"},{"taxonomy":"post_tag","embeddable":true,"href":"https:\/\/agora.xtec.cat\/escolapauvila\/wp-json\/wp\/v2\/tags?post=5793"}],"curies":[{"name":"wp","href":"https:\/\/api.w.org\/{rel}","templated":true}]}}