{"id":5778,"date":"2021-04-26T16:45:35","date_gmt":"2021-04-26T14:45:35","guid":{"rendered":"https:\/\/agora.xtec.cat\/escolapauvila\/?p=5778"},"modified":"2021-04-26T16:45:35","modified_gmt":"2021-04-26T14:45:35","slug":"sant-jordi-a-la-comunitat-de-petites-i-petits","status":"publish","type":"post","link":"https:\/\/agora.xtec.cat\/escolapauvila\/petits\/sant-jordi-a-la-comunitat-de-petites-i-petits\/","title":{"rendered":"SANT JORDI A LA COMUNITAT DE PETITES I PETITS"},"content":{"rendered":"<p>HOLA <strong><span style=\"font-size: 20px;\"><span style=\"color: #ff0000;\">F<\/span>AM\u00cdLIES<\/span><\/strong>,<\/p>\n<p>AQUEST ANY, PER CELEBRAR LA DIADA DE <strong><span style=\"font-size: 20px;\"><span style=\"color: #ff0000;\">S<\/span>ANT <span style=\"color: #ff0000;\">J<\/span>ORDI<\/span><\/strong>, HO HEM FET ENVOLTADES DE <strong><span style=\"font-size: 20px;\"><span style=\"color: #ff0000;\">LL<\/span>IBRES<\/span><\/strong>.<\/p>\n<p>HEM MIRAT ELS V\u00cdDEOS QUE ENS HEU ENVIAT ALGUNES FAM\u00cdLIES EXPLICANT UN CONTE I A LA TARDA HEM MUNTAT UNA <strong><span style=\"font-size: 20px;\"><span style=\"color: #ff0000;\">P<\/span>ARADETA<\/span><\/strong> AMB ELS LLIBRES PORTATS DE CASA. <span style=\"font-size: 20px;\"><strong><span style=\"color: #ff0000;\">C<\/span>OMPARTIR<\/strong><\/span> ELS LLIBRES PROPIS DE CADA UN HA SIGUT UN TREBALL ENRIQUIDOR I ENS AJUDA A TREBALLAR AQUEST VALOR QUE EN EL PAU VILA LI DONEM TANTA IMPORT\u00c0NCIA.<\/p>\n<p>QUINA ESTONA M\u00c9S BONA QUE HEM PASSAT, US DEIXEM UNES IMATGES PER A QUE US EN POGUEU FER UNA IDEA, CLIQUEU A SOBRE DEL NOM DE LA VOSTRA CLASSE.<\/p>\n<p>BONA DIADA \ud83d\ude42<\/p>\n<p><strong>US VOLEM AGRAIR<\/strong> LA PARTICIPACI\u00d3 A LES FAM\u00cdLIES QUE ENS HEU ENVIAT ELS V\u00cdDEOS EXPLICANT UN CONTE.<\/p>\n<p>EI3<\/p>\n<p><a href=\"https:\/\/drive.google.com\/drive\/folders\/1Mn2lVPpyi-qH-lzTLfNDyC3DoNi_k96p?usp=sharing\">LA CLASSE DELS ROSSINYOLS<\/a><\/p>\n<p><a href=\"https:\/\/drive.google.com\/drive\/folders\/1kNY7ZIt0KMhZUj-71FOgqNDw5T8bOlmn\">LA CLASSE DELS PARDALS<\/a><\/p>\n<p><a href=\"https:\/\/drive.google.com\/drive\/folders\/1QSaJN5JBdMTj_Pnw6WW78aT40JPgUUso?usp=sharing\">LA CLASSE DE LES ORENETES<\/a><\/p>\n<p>EI4<\/p>\n<p><a href=\"https:\/\/photos.app.goo.gl\/16fbg588bsVxu8rF6\">LA CLASSE DELS CONILLS\u00a0<\/a><\/p>\n<p><a href=\"https:\/\/photos.app.goo.gl\/i9mcqymTX4g7ikr37\">LA CLASSE DE LES VAQUES<\/a><\/p>\n<p>&nbsp;<\/p>\n<p>EI5<\/p>\n<p><a href=\"https:\/\/photos.app.goo.gl\/WYddzrPUQP868b8U8\">LA CLASSE DEL MAR<\/a><\/p>\n<p><a href=\"https:\/\/photos.app.goo.gl\/q8NV2V9owQbjaP3g9\">LA CLASSE DE LES PRINCESES I ELS PR\u00cdNCEPS<\/a><\/p>\n<p><a href=\"https:\/\/photos.app.goo.gl\/5RfSRCtifURfCy1M7\">LA CLASSE DE LES CUINERES I ELS CUINERS<\/a><\/p>\n","protected":false},"excerpt":{"rendered":"<p>HOLA FAM\u00cdLIES,<br \/>\nAQUEST ANY, PER CELEBRAR LA DIADA DE SANT JORDI, HO HEM FET ENVOLTADES DE LLIBRES.<br \/>\nHEM MIRAT ELS V\u00cdDEOS QUE ENS HEU ENVIAT ALGUNES FAM\u00cdLIES EXPLICANT UN CONTE I A LA TARDA HEM MUNTAT UNA PARADETA AMB ELS LLIBRES PORTATS DE CASA. COMPARTIR ELS LLIBRES&hellip;  <a href=\"https:\/\/agora.xtec.cat\/escolapauvila\/petits\/sant-jordi-a-la-comunitat-de-petites-i-petits\/\" title=\"Read SANT JORDI A LA COMUNITAT DE PETITES I PETITS\">Llegeix m\u00e9s\u00bb<\/a><\/p>\n","protected":false},"author":1,"featured_media":5779,"comment_status":"open","ping_status":"closed","sticky":false,"template":"","format":"standard","meta":{"_bbp_topic_count":0,"_bbp_reply_count":0,"_bbp_total_topic_count":0,"_bbp_total_reply_count":0,"_bbp_voice_count":0,"_bbp_anonymous_reply_count":0,"_bbp_topic_count_hidden":0,"_bbp_reply_count_hidden":0,"_bbp_forum_subforum_count":0,"footnotes":""},"categories":[2,3,8,9],"tags":[176,108,104,97,181],"class_list":["post-5778","post","type-post","status-publish","format-standard","has-post-thumbnail","hentry","category-petits","category-ei3","category-ei4","category-ei5","tag-comunitat-petites","tag-nascuts2015","tag-nascuts2016","tag-nascuts2017","tag-sant-jordi"],"post_mailing_queue_ids":[],"_links":{"self":[{"href":"https:\/\/agora.xtec.cat\/escolapauvila\/wp-json\/wp\/v2\/posts\/5778","targetHints":{"allow":["GET"]}}],"collection":[{"href":"https:\/\/agora.xtec.cat\/escolapauvila\/wp-json\/wp\/v2\/posts"}],"about":[{"href":"https:\/\/agora.xtec.cat\/escolapauvila\/wp-json\/wp\/v2\/types\/post"}],"author":[{"embeddable":true,"href":"https:\/\/agora.xtec.cat\/escolapauvila\/wp-json\/wp\/v2\/users\/1"}],"replies":[{"embeddable":true,"href":"https:\/\/agora.xtec.cat\/escolapauvila\/wp-json\/wp\/v2\/comments?post=5778"}],"version-history":[{"count":6,"href":"https:\/\/agora.xtec.cat\/escolapauvila\/wp-json\/wp\/v2\/posts\/5778\/revisions"}],"predecessor-version":[{"id":5982,"href":"https:\/\/agora.xtec.cat\/escolapauvila\/wp-json\/wp\/v2\/posts\/5778\/revisions\/5982"}],"wp:featuredmedia":[{"embeddable":true,"href":"https:\/\/agora.xtec.cat\/escolapauvila\/wp-json\/wp\/v2\/media\/5779"}],"wp:attachment":[{"href":"https:\/\/agora.xtec.cat\/escolapauvila\/wp-json\/wp\/v2\/media?parent=5778"}],"wp:term":[{"taxonomy":"category","embeddable":true,"href":"https:\/\/agora.xtec.cat\/escolapauvila\/wp-json\/wp\/v2\/categories?post=5778"},{"taxonomy":"post_tag","embeddable":true,"href":"https:\/\/agora.xtec.cat\/escolapauvila\/wp-json\/wp\/v2\/tags?post=5778"}],"curies":[{"name":"wp","href":"https:\/\/api.w.org\/{rel}","templated":true}]}}