{"id":5726,"date":"2021-04-23T09:00:31","date_gmt":"2021-04-23T07:00:31","guid":{"rendered":"https:\/\/agora.xtec.cat\/escolapauvila\/?p=5726"},"modified":"2021-04-22T14:00:42","modified_gmt":"2021-04-22T12:00:42","slug":"sopa-de-pedres-covid-edition","status":"publish","type":"post","link":"https:\/\/agora.xtec.cat\/escolapauvila\/general\/sopa-de-pedres-covid-edition\/","title":{"rendered":"Obra de teatre SOPA DE PEDRES"},"content":{"rendered":"<p>Benvolgudes fam\u00edlies i nens i nenes de l&#8217;escola!<\/p>\n<p>Com cada any l&#8217;alumnat de quart ens hem preparat una obra de teatre per poder representar-la davant de tota la comunitat educativa. Enguany, degut a la situaci\u00f3 de pand\u00e8mia que estem vivint, hem hagut d&#8217;adaptar la obra a format v\u00eddeo per tal que la pugueu gaudir tots i totes.<\/p>\n<p>L&#8217;obra es titula &#8220;Sopa de Pedres&#8221;, de Xesco Boix.<\/p>\n<p>Esperem que us agradi i que la gaudiu molt!<\/p>\n<p><iframe loading=\"lazy\" src=\"\/\/www.youtube.com\/embed\/z17lsyiiCnQ\" width=\"560\" height=\"315\" frameborder=\"0\"><\/iframe><\/p>\n<p><em><strong>Nens i nenes de 4t<\/strong><\/em><\/p>\n","protected":false},"excerpt":{"rendered":"<p>Benvolgudes fam\u00edlies i nens i nenes de l&#8217;escola!<br \/>\nCom cada any l&#8217;alumnat de quart ens hem preparat una obra de teatre per poder representar-la davant de tota la comunitat educativa. Enguany, degut a la situaci\u00f3 de pand\u00e8mia que estem vivint, hem hagut d&#8217;adaptar la obra a&hellip;  <a href=\"https:\/\/agora.xtec.cat\/escolapauvila\/general\/sopa-de-pedres-covid-edition\/\" title=\"Read Obra de teatre SOPA DE PEDRES\">Llegeix m\u00e9s\u00bb<\/a><\/p>\n","protected":false},"author":1,"featured_media":5727,"comment_status":"open","ping_status":"closed","sticky":false,"template":"","format":"standard","meta":{"_bbp_topic_count":0,"_bbp_reply_count":0,"_bbp_total_topic_count":0,"_bbp_total_reply_count":0,"_bbp_voice_count":0,"_bbp_anonymous_reply_count":0,"_bbp_topic_count_hidden":0,"_bbp_reply_count_hidden":0,"_bbp_forum_subforum_count":0,"footnotes":""},"categories":[13,61,1,4],"tags":[102,89,101,90,178,157],"class_list":["post-5726","post","type-post","status-publish","format-standard","has-post-thumbnail","hentry","category-4t","category-grans","category-general","category-portada","tag-4a20-21","tag-4b20-21","tag-4c20-21","tag-nascuts2011","tag-sopadepedres","tag-tac"],"post_mailing_queue_ids":[],"_links":{"self":[{"href":"https:\/\/agora.xtec.cat\/escolapauvila\/wp-json\/wp\/v2\/posts\/5726","targetHints":{"allow":["GET"]}}],"collection":[{"href":"https:\/\/agora.xtec.cat\/escolapauvila\/wp-json\/wp\/v2\/posts"}],"about":[{"href":"https:\/\/agora.xtec.cat\/escolapauvila\/wp-json\/wp\/v2\/types\/post"}],"author":[{"embeddable":true,"href":"https:\/\/agora.xtec.cat\/escolapauvila\/wp-json\/wp\/v2\/users\/1"}],"replies":[{"embeddable":true,"href":"https:\/\/agora.xtec.cat\/escolapauvila\/wp-json\/wp\/v2\/comments?post=5726"}],"version-history":[{"count":3,"href":"https:\/\/agora.xtec.cat\/escolapauvila\/wp-json\/wp\/v2\/posts\/5726\/revisions"}],"predecessor-version":[{"id":5731,"href":"https:\/\/agora.xtec.cat\/escolapauvila\/wp-json\/wp\/v2\/posts\/5726\/revisions\/5731"}],"wp:featuredmedia":[{"embeddable":true,"href":"https:\/\/agora.xtec.cat\/escolapauvila\/wp-json\/wp\/v2\/media\/5727"}],"wp:attachment":[{"href":"https:\/\/agora.xtec.cat\/escolapauvila\/wp-json\/wp\/v2\/media?parent=5726"}],"wp:term":[{"taxonomy":"category","embeddable":true,"href":"https:\/\/agora.xtec.cat\/escolapauvila\/wp-json\/wp\/v2\/categories?post=5726"},{"taxonomy":"post_tag","embeddable":true,"href":"https:\/\/agora.xtec.cat\/escolapauvila\/wp-json\/wp\/v2\/tags?post=5726"}],"curies":[{"name":"wp","href":"https:\/\/api.w.org\/{rel}","templated":true}]}}