{"id":5668,"date":"2021-04-20T07:36:05","date_gmt":"2021-04-20T05:36:05","guid":{"rendered":"https:\/\/agora.xtec.cat\/escolapauvila\/?p=5668"},"modified":"2021-05-20T07:18:11","modified_gmt":"2021-05-20T05:18:11","slug":"recull-dactivitats-de-la-classe-dels-oficis","status":"publish","type":"post","link":"https:\/\/agora.xtec.cat\/escolapauvila\/general\/recull-dactivitats-de-la-classe-dels-oficis\/","title":{"rendered":"RECULL D&#8217;ACTIVITATS DE LA CLASSE DELS OFICIS!"},"content":{"rendered":"<p>Aquesta entrada la dedicarem a fer una mica de recull de les activitats que hem realitzat aquests \u00faltims dies a classe.\u00a0 Aix\u00ed podrem plasmar d&#8217;alguna manera el nostre moment d&#8217;aprenentatge i compartir-lo amb vosaltres.<\/p>\n<p>Comencem!<\/p>\n<h2 style=\"text-align: center;\">PROJECTE DELS OFICIS &#8211; FEM UN MURAL<\/h2>\n<p><img loading=\"lazy\" decoding=\"async\" class=\"wp-image-5669 aligncenter\" src=\"https:\/\/agora.xtec.cat\/escolapauvila\/wp-content\/uploads\/usu1565\/2021\/04\/Murals-1024x768.jpg\" alt=\"\" width=\"441\" height=\"331\" srcset=\"https:\/\/agora.xtec.cat\/escolapauvila\/wp-content\/uploads\/usu1565\/2021\/04\/Murals-1024x768.jpg 1024w, https:\/\/agora.xtec.cat\/escolapauvila\/wp-content\/uploads\/usu1565\/2021\/04\/Murals-300x225.jpg 300w, https:\/\/agora.xtec.cat\/escolapauvila\/wp-content\/uploads\/usu1565\/2021\/04\/Murals-768x576.jpg 768w, https:\/\/agora.xtec.cat\/escolapauvila\/wp-content\/uploads\/usu1565\/2021\/04\/Murals-200x150.jpg 200w\" sizes=\"auto, (max-width: 441px) 100vw, 441px\" \/><\/p>\n<p>Durant la setmana anterior vam dedicar un parell de sessions a la invenci\u00f3 d&#8217;un ofici.\u00a0 La idea era crear un ofici del futur, ja que anteriorment vam fer un passeig per la hist\u00f2ria dels oficis. Finalment, van sortir 4 oficis ben divertits:<\/p>\n<ul>\n<li>&#8220;El\/la cositacsi&#8221;.<\/li>\n<li>&#8220;L&#8217;alcantariller\/a&#8221;.<\/li>\n<li>&#8220;L&#8217;escultor\/a de zel&#8221;.<\/li>\n<li>&#8220;El cochista el\u00e8ctric&#8221;.<\/li>\n<\/ul>\n<p>Cada taula va preparar el seu mural i va realitzar una petita exposici\u00f3.\u00a0 Tot i qu\u00e8 vam treballar la creativitat, vam escriure i vam pensar, va ser una activitat que ens va ajudar a potenciar el <strong>treball en equip<\/strong>, perqu\u00e8 ens hav\u00edem de posar d&#8217;acord, el ser flexibles davant les idees dels altres, l&#8217;acceptaci\u00f3 i la satisfacci\u00f3 de realitzar una tasca conjuntament. Ens ha enriquit molt!\u00a0 El proc\u00e9s va primar per sobre del resultat.\u00a0 Estem contents i contentes.<\/p>\n<p style=\"text-align: center;\"><a href=\"https:\/\/photos.app.goo.gl\/4dBXBXubDFKJuf219\"><strong>Recull d&#8217;imatges<\/strong><\/a><\/p>\n<h2 style=\"text-align: center;\"><strong>FEM ENGLISH<\/strong><\/h2>\n<p style=\"text-align: left;\"><a href=\"https:\/\/agora.xtec.cat\/escolapauvila\/wp-content\/uploads\/usu1565\/2021\/04\/English.jpg\"><img loading=\"lazy\" decoding=\"async\" class=\"aligncenter wp-image-5670\" src=\"https:\/\/agora.xtec.cat\/escolapauvila\/wp-content\/uploads\/usu1565\/2021\/04\/English-1024x768.jpg\" alt=\"\" width=\"508\" height=\"381\" \/><\/a><\/p>\n<p style=\"text-align: left;\">A les sessions d&#8217;angl\u00e8s hem estat practicant vocabulari relacionat amb els FARM ANIMALS i WILD ANIMALS. Ara estem acabant de crear un &#8220;<strong>Strange animal<\/strong>&#8221; per parelles.\u00a0 Estem practicant les expressions <strong>Is &#8211; Isn&#8217;t ; Has &#8211; Hasn&#8217;t. <\/strong>Ens est\u00e0 costant una mica per\u00f2 hi fiquem moltes ganes!!!<\/p>\n<p style=\"text-align: center;\"><a href=\"https:\/\/photos.app.goo.gl\/t67detP3DLRVR4YbA\"><strong>Recull d&#8217;imatges<\/strong><\/a><\/p>\n<h2 style=\"text-align: center;\">PRACTIQUEM LA SUMA AMB TRANSFORMACI\u00d3<\/h2>\n<p><a href=\"https:\/\/agora.xtec.cat\/escolapauvila\/wp-content\/uploads\/usu1565\/2021\/04\/6DDA2AEA-BD1B-43BD-B430-A2CDBB8F0C10.jpeg\"><img loading=\"lazy\" decoding=\"async\" class=\"wp-image-5671 aligncenter\" src=\"https:\/\/agora.xtec.cat\/escolapauvila\/wp-content\/uploads\/usu1565\/2021\/04\/6DDA2AEA-BD1B-43BD-B430-A2CDBB8F0C10-1024x768.jpeg\" alt=\"\" width=\"547\" height=\"410\" \/><\/a><\/p>\n<p>Hem estat veient v\u00eddeos, practicant per taules i realitzant alguna proposta individual per aprofundir en les sumes de centenes amb transformaci\u00f3.\u00a0 Mica en mica estem m\u00e9s segurs\/es i les gaudim molt m\u00e9s. Ara ja ens iniciarem en les restes amb transformaci\u00f3.\u00a0 Ens en sortirem!<\/p>\n<p style=\"text-align: center;\"><a href=\"https:\/\/photos.app.goo.gl\/tFttW2S8Fq8Dpnj97\">Recull d&#8217;imatges<\/a><\/p>\n<h2 style=\"text-align: center;\">SEGUIM PRACTICANT AMB ELS RITMES<\/h2>\n<p><a href=\"https:\/\/agora.xtec.cat\/escolapauvila\/wp-content\/uploads\/usu1565\/2021\/04\/AD1F5331-788C-4FF4-AB3C-E417E639E60A.jpeg\"><img loading=\"lazy\" decoding=\"async\" class=\"wp-image-5673 aligncenter\" src=\"https:\/\/agora.xtec.cat\/escolapauvila\/wp-content\/uploads\/usu1565\/2021\/04\/AD1F5331-788C-4FF4-AB3C-E417E639E60A-1024x768.jpeg\" alt=\"\" width=\"506\" height=\"379\" srcset=\"https:\/\/agora.xtec.cat\/escolapauvila\/wp-content\/uploads\/usu1565\/2021\/04\/AD1F5331-788C-4FF4-AB3C-E417E639E60A-1024x768.jpeg 1024w, https:\/\/agora.xtec.cat\/escolapauvila\/wp-content\/uploads\/usu1565\/2021\/04\/AD1F5331-788C-4FF4-AB3C-E417E639E60A-300x225.jpeg 300w, https:\/\/agora.xtec.cat\/escolapauvila\/wp-content\/uploads\/usu1565\/2021\/04\/AD1F5331-788C-4FF4-AB3C-E417E639E60A-768x576.jpeg 768w, https:\/\/agora.xtec.cat\/escolapauvila\/wp-content\/uploads\/usu1565\/2021\/04\/AD1F5331-788C-4FF4-AB3C-E417E639E60A-200x150.jpeg 200w\" sizes=\"auto, (max-width: 506px) 100vw, 506px\" \/><\/a><\/p>\n<p>A m\u00fasica ens hem endinsat en els <strong>patrons musicals<\/strong>:\u00a0 escoltem audicions a la vegada que seguim el ritme i la melodia mitjan\u00e7ant uns s\u00edmbols.\u00a0 Ens est\u00e0 agradant molt.\u00a0 De tant en tant continuem recuperant els musicogrames del primer trimestre que tant ens van agradar.\u00a0 Seguirem amb l&#8217;experimentaci\u00f3 d&#8217;instruments i primeres composicions, les danses i les can\u00e7ons.<\/p>\n<p style=\"text-align: center;\"><a href=\"https:\/\/photos.app.goo.gl\/8ve5QsNBWV1a19fKA\">PATRONS MUSICALS<\/a><\/p>\n<h2 style=\"text-align: center;\">QU\u00c8 ESTEM FENT A EDUCACI\u00d3 F\u00cdSICA?<\/h2>\n<p>A educaci\u00f3 f\u00edsica estem treballant l&#8217;expressi\u00f3 corporal.\u00a0 Estem prenent consci\u00e8ncia de les possibilitats del nostre cos a partir de din\u00e0miques, exercicis i jocs.\u00a0 L&#8217;altre dia vam intentar fer una lletra.\u00a0 Endevineu quina \u00e9s?<\/p>\n<p><a href=\"https:\/\/agora.xtec.cat\/escolapauvila\/wp-content\/uploads\/usu1565\/2021\/04\/A.jpg\"><img loading=\"lazy\" decoding=\"async\" class=\"wp-image-5674 aligncenter\" src=\"https:\/\/agora.xtec.cat\/escolapauvila\/wp-content\/uploads\/usu1565\/2021\/04\/A-1024x768.jpg\" alt=\"\" width=\"713\" height=\"535\" srcset=\"https:\/\/agora.xtec.cat\/escolapauvila\/wp-content\/uploads\/usu1565\/2021\/04\/A-1024x768.jpg 1024w, https:\/\/agora.xtec.cat\/escolapauvila\/wp-content\/uploads\/usu1565\/2021\/04\/A-300x225.jpg 300w, https:\/\/agora.xtec.cat\/escolapauvila\/wp-content\/uploads\/usu1565\/2021\/04\/A-768x576.jpg 768w, https:\/\/agora.xtec.cat\/escolapauvila\/wp-content\/uploads\/usu1565\/2021\/04\/A-200x150.jpg 200w\" sizes=\"auto, (max-width: 713px) 100vw, 713px\" \/><\/a><\/p>\n<p>&nbsp;<\/p>\n<h2>I JA PER ACABAR&#8230;<\/h2>\n<p>Com sempre us deixem un recull d&#8217;imatges amb all\u00f2 que ens agrada compartir i les creacions que anem fent.\u00a0 Aquests moments per a la classe dels oficis s\u00f3n molt importants.\u00a0 Ens permeten coneixe&#8217;ns m\u00e9s, fer vincle, potenciar l&#8217;expressi\u00f3 oral i l&#8217;oportunitat d&#8217;obrir-nos als altres i al M\u00d3N.<\/p>\n<h4>FINS AVIAT!!!!<\/h4>\n<p><a href=\"https:\/\/photos.app.goo.gl\/pw199KqkbbXXVtCb9\">\u00a0 \u00a0 \u00a0 \u00a0Compartim\u00a0 \u00a0 \u00a0<\/a> \u00a0 \u00a0 \u00a0 \u00a0 \u00a0 \u00a0 \u00a0 \u00a0 \u00a0 \u00a0 \u00a0 \u00a0 \u00a0 \u00a0 \u00a0 \u00a0 \u00a0 \u00a0 \u00a0 \u00a0 \u00a0 \u00a0 \u00a0 \u00a0 \u00a0 \u00a0 \u00a0 \u00a0 \u00a0 \u00a0 \u00a0 \u00a0 \u00a0 \u00a0 \u00a0 \u00a0 \u00a0 \u00a0 \u00a0 \u00a0 \u00a0 \u00a0 \u00a0 \u00a0 \u00a0 \u00a0 \u00a0 \u00a0 <a href=\"https:\/\/photos.app.goo.gl\/KQksFXWRtYVonLMu9\">\u00a0 \u00a0 \u00a0 \u00a0Creacions<\/a><\/p>\n\n\t\t<style type=\"text\/css\">\n\t\t\t#gallery-1 {\n\t\t\t\tmargin: auto;\n\t\t\t}\n\t\t\t#gallery-1 .gallery-item {\n\t\t\t\tfloat: left;\n\t\t\t\tmargin-top: 10px;\n\t\t\t\ttext-align: center;\n\t\t\t\twidth: 50%;\n\t\t\t}\n\t\t\t#gallery-1 img {\n\t\t\t\tborder: 2px solid #cfcfcf;\n\t\t\t}\n\t\t\t#gallery-1 .gallery-caption {\n\t\t\t\tmargin-left: 0;\n\t\t\t}\n\t\t\t\/* see gallery_shortcode() in wp-includes\/media.php *\/\n\t\t<\/style>\n\t\t<div id='gallery-1' class='gallery galleryid-5668 gallery-columns-2 gallery-size-large'><dl class='gallery-item'>\n\t\t\t<dt class='gallery-icon portrait'>\n\t\t\t\t<a href='https:\/\/agora.xtec.cat\/escolapauvila\/wp-content\/uploads\/usu1565\/2021\/04\/CREACIONS.jpg'><img loading=\"lazy\" decoding=\"async\" width=\"768\" height=\"1024\" src=\"https:\/\/agora.xtec.cat\/escolapauvila\/wp-content\/uploads\/usu1565\/2021\/04\/CREACIONS-768x1024.jpg\" class=\"attachment-large size-large\" alt=\"\" srcset=\"https:\/\/agora.xtec.cat\/escolapauvila\/wp-content\/uploads\/usu1565\/2021\/04\/CREACIONS-768x1024.jpg 768w, https:\/\/agora.xtec.cat\/escolapauvila\/wp-content\/uploads\/usu1565\/2021\/04\/CREACIONS-225x300.jpg 225w\" sizes=\"auto, (max-width: 768px) 100vw, 768px\" \/><\/a>\n\t\t\t<\/dt><\/dl><dl class='gallery-item'>\n\t\t\t<dt class='gallery-icon landscape'>\n\t\t\t\t<a href='https:\/\/agora.xtec.cat\/escolapauvila\/wp-content\/uploads\/usu1565\/2021\/04\/EA51FF38-1AEC-44E4-B2D4-F7309F28D40B.jpeg'><img loading=\"lazy\" decoding=\"async\" width=\"1024\" height=\"768\" src=\"https:\/\/agora.xtec.cat\/escolapauvila\/wp-content\/uploads\/usu1565\/2021\/04\/EA51FF38-1AEC-44E4-B2D4-F7309F28D40B-1024x768.jpeg\" class=\"attachment-large size-large\" alt=\"\" srcset=\"https:\/\/agora.xtec.cat\/escolapauvila\/wp-content\/uploads\/usu1565\/2021\/04\/EA51FF38-1AEC-44E4-B2D4-F7309F28D40B-1024x768.jpeg 1024w, https:\/\/agora.xtec.cat\/escolapauvila\/wp-content\/uploads\/usu1565\/2021\/04\/EA51FF38-1AEC-44E4-B2D4-F7309F28D40B-300x225.jpeg 300w, https:\/\/agora.xtec.cat\/escolapauvila\/wp-content\/uploads\/usu1565\/2021\/04\/EA51FF38-1AEC-44E4-B2D4-F7309F28D40B-768x576.jpeg 768w, https:\/\/agora.xtec.cat\/escolapauvila\/wp-content\/uploads\/usu1565\/2021\/04\/EA51FF38-1AEC-44E4-B2D4-F7309F28D40B-200x150.jpeg 200w\" sizes=\"auto, (max-width: 1024px) 100vw, 1024px\" \/><\/a>\n\t\t\t<\/dt><\/dl><br style=\"clear: both\" \/>\n\t\t<\/div>\n\n","protected":false},"excerpt":{"rendered":"<p>Aquesta entrada la dedicarem a fer una mica de recull de les activitats que hem realitzat aquests \u00faltims dies a classe.\u00a0 Aix\u00ed podrem plasmar d&#8217;alguna manera el nostre moment d&#8217;aprenentatge i compartir-lo amb vosaltres.<br \/>\nComencem!<br \/>\nPROJECTE DELS OFICIS &#8211; FEM UN MURAL<\/p>\n<p>Durant la setmana anterior vam dedicar&hellip;  <a href=\"https:\/\/agora.xtec.cat\/escolapauvila\/general\/recull-dactivitats-de-la-classe-dels-oficis\/\" title=\"Read RECULL D&#8217;ACTIVITATS DE LA CLASSE DELS OFICIS!\">Llegeix m\u00e9s\u00bb<\/a><\/p>\n","protected":false},"author":1,"featured_media":5669,"comment_status":"open","ping_status":"closed","sticky":false,"template":"","format":"standard","meta":{"_bbp_topic_count":0,"_bbp_reply_count":0,"_bbp_total_topic_count":0,"_bbp_total_reply_count":0,"_bbp_voice_count":0,"_bbp_anonymous_reply_count":0,"_bbp_topic_count_hidden":0,"_bbp_reply_count_hidden":0,"_bbp_forum_subforum_count":0,"footnotes":""},"categories":[11,5,1],"tags":[82,81],"class_list":["post-5668","post","type-post","status-publish","format-standard","has-post-thumbnail","hentry","category-2n","category-mitjans","category-general","tag-2c20-21","tag-nascuts2013"],"post_mailing_queue_ids":[],"_links":{"self":[{"href":"https:\/\/agora.xtec.cat\/escolapauvila\/wp-json\/wp\/v2\/posts\/5668","targetHints":{"allow":["GET"]}}],"collection":[{"href":"https:\/\/agora.xtec.cat\/escolapauvila\/wp-json\/wp\/v2\/posts"}],"about":[{"href":"https:\/\/agora.xtec.cat\/escolapauvila\/wp-json\/wp\/v2\/types\/post"}],"author":[{"embeddable":true,"href":"https:\/\/agora.xtec.cat\/escolapauvila\/wp-json\/wp\/v2\/users\/1"}],"replies":[{"embeddable":true,"href":"https:\/\/agora.xtec.cat\/escolapauvila\/wp-json\/wp\/v2\/comments?post=5668"}],"version-history":[{"count":3,"href":"https:\/\/agora.xtec.cat\/escolapauvila\/wp-json\/wp\/v2\/posts\/5668\/revisions"}],"predecessor-version":[{"id":6600,"href":"https:\/\/agora.xtec.cat\/escolapauvila\/wp-json\/wp\/v2\/posts\/5668\/revisions\/6600"}],"wp:featuredmedia":[{"embeddable":true,"href":"https:\/\/agora.xtec.cat\/escolapauvila\/wp-json\/wp\/v2\/media\/5669"}],"wp:attachment":[{"href":"https:\/\/agora.xtec.cat\/escolapauvila\/wp-json\/wp\/v2\/media?parent=5668"}],"wp:term":[{"taxonomy":"category","embeddable":true,"href":"https:\/\/agora.xtec.cat\/escolapauvila\/wp-json\/wp\/v2\/categories?post=5668"},{"taxonomy":"post_tag","embeddable":true,"href":"https:\/\/agora.xtec.cat\/escolapauvila\/wp-json\/wp\/v2\/tags?post=5668"}],"curies":[{"name":"wp","href":"https:\/\/api.w.org\/{rel}","templated":true}]}}