{"id":5258,"date":"2021-04-09T15:00:41","date_gmt":"2021-04-09T13:00:41","guid":{"rendered":"https:\/\/agora.xtec.cat\/escolapauvila\/?p=5258"},"modified":"2021-04-09T13:30:37","modified_gmt":"2021-04-09T11:30:37","slug":"visita-a-la-biblioteca-municipal","status":"publish","type":"post","link":"https:\/\/agora.xtec.cat\/escolapauvila\/petits\/visita-a-la-biblioteca-municipal\/","title":{"rendered":"VISITA A LA BIBLIOTECA MUNICIPAL."},"content":{"rendered":"<p style=\"text-align: center;\">EL DIJOUS DIA 8 VAM ANAR A FER UNA VISITA A LA BIBLIOTECA D&#8217;ESPARREGUERA.<\/p>\n<p>&nbsp;<\/p>\n<p><a href=\"https:\/\/agora.xtec.cat\/escolapauvila\/wp-content\/uploads\/usu1565\/2021\/04\/BIBLIO.jpg\"><img loading=\"lazy\" decoding=\"async\" class=\"alignnone wp-image-5260\" src=\"https:\/\/agora.xtec.cat\/escolapauvila\/wp-content\/uploads\/usu1565\/2021\/04\/BIBLIO-1024x768.jpg\" alt=\"\" width=\"516\" height=\"387\" srcset=\"https:\/\/agora.xtec.cat\/escolapauvila\/wp-content\/uploads\/usu1565\/2021\/04\/BIBLIO.jpg 1024w, https:\/\/agora.xtec.cat\/escolapauvila\/wp-content\/uploads\/usu1565\/2021\/04\/BIBLIO-300x225.jpg 300w, https:\/\/agora.xtec.cat\/escolapauvila\/wp-content\/uploads\/usu1565\/2021\/04\/BIBLIO-768x576.jpg 768w, https:\/\/agora.xtec.cat\/escolapauvila\/wp-content\/uploads\/usu1565\/2021\/04\/BIBLIO-200x150.jpg 200w\" sizes=\"auto, (max-width: 516px) 100vw, 516px\" \/>\u00a0<\/a><\/p>\n<p><a href=\"https:\/\/agora.xtec.cat\/escolapauvila\/wp-content\/uploads\/usu1565\/2021\/04\/20210408_110150.jpg\"><img loading=\"lazy\" decoding=\"async\" class=\"alignnone  wp-image-5340\" src=\"https:\/\/agora.xtec.cat\/escolapauvila\/wp-content\/uploads\/usu1565\/2021\/04\/20210408_110150-1024x768.jpg\" alt=\"\" width=\"512\" height=\"384\" srcset=\"https:\/\/agora.xtec.cat\/escolapauvila\/wp-content\/uploads\/usu1565\/2021\/04\/20210408_110150-1024x768.jpg 1024w, https:\/\/agora.xtec.cat\/escolapauvila\/wp-content\/uploads\/usu1565\/2021\/04\/20210408_110150-300x225.jpg 300w, https:\/\/agora.xtec.cat\/escolapauvila\/wp-content\/uploads\/usu1565\/2021\/04\/20210408_110150-768x576.jpg 768w, https:\/\/agora.xtec.cat\/escolapauvila\/wp-content\/uploads\/usu1565\/2021\/04\/20210408_110150-200x150.jpg 200w\" sizes=\"auto, (max-width: 512px) 100vw, 512px\" \/><\/a><\/p>\n<p>LA CARLA ENS VA EXPLICAR MOLTES COSES :<\/p>\n<ul>\n<li>EL FUNCIONAMENT DE LA BIBLIOTECA.<\/li>\n<li>L&#8217;\u00daS DEL CARNET DE LA BIBLIOTECA.<\/li>\n<li>I TRES CONTES!!!<\/li>\n<\/ul>\n<p>ENS HO HEM PASSAT MOLT B\u00c9 REMENANT ELS DIFERENTS LLIBRES QUE HI HAVIA A LA BIBLIOTECA.<\/p>\n<p><a href=\"https:\/\/agora.xtec.cat\/escolapauvila\/wp-content\/uploads\/usu1565\/2021\/04\/BIBLIO1.jpg\"><img loading=\"lazy\" decoding=\"async\" class=\"alignnone wp-image-5261\" src=\"https:\/\/agora.xtec.cat\/escolapauvila\/wp-content\/uploads\/usu1565\/2021\/04\/BIBLIO1-1024x768.jpg\" alt=\"\" width=\"479\" height=\"360\" srcset=\"https:\/\/agora.xtec.cat\/escolapauvila\/wp-content\/uploads\/usu1565\/2021\/04\/BIBLIO1.jpg 1024w, https:\/\/agora.xtec.cat\/escolapauvila\/wp-content\/uploads\/usu1565\/2021\/04\/BIBLIO1-300x225.jpg 300w, https:\/\/agora.xtec.cat\/escolapauvila\/wp-content\/uploads\/usu1565\/2021\/04\/BIBLIO1-768x576.jpg 768w, https:\/\/agora.xtec.cat\/escolapauvila\/wp-content\/uploads\/usu1565\/2021\/04\/BIBLIO1-200x150.jpg 200w\" sizes=\"auto, (max-width: 479px) 100vw, 479px\" \/><\/a><\/p>\n<p><a href=\"https:\/\/agora.xtec.cat\/escolapauvila\/wp-content\/uploads\/usu1565\/2021\/04\/20210408_110818.jpg\"><img loading=\"lazy\" decoding=\"async\" class=\"alignnone  wp-image-5341\" src=\"https:\/\/agora.xtec.cat\/escolapauvila\/wp-content\/uploads\/usu1565\/2021\/04\/20210408_110818-1024x768.jpg\" alt=\"\" width=\"476\" height=\"358\" srcset=\"https:\/\/agora.xtec.cat\/escolapauvila\/wp-content\/uploads\/usu1565\/2021\/04\/20210408_110818-1024x768.jpg 1024w, https:\/\/agora.xtec.cat\/escolapauvila\/wp-content\/uploads\/usu1565\/2021\/04\/20210408_110818-300x225.jpg 300w, https:\/\/agora.xtec.cat\/escolapauvila\/wp-content\/uploads\/usu1565\/2021\/04\/20210408_110818-768x576.jpg 768w, https:\/\/agora.xtec.cat\/escolapauvila\/wp-content\/uploads\/usu1565\/2021\/04\/20210408_110818-200x150.jpg 200w\" sizes=\"auto, (max-width: 476px) 100vw, 476px\" \/><\/a><\/p>\n<p>PODEU VEURE M\u00c9S FOTOS DE LES VAQUES AL SEG\u00dcENT ENLLA\u00c7:<a href=\"https:\/\/photos.app.goo.gl\/qFaVe3Ge6Hm9hzT27\">https:\/\/photos.app.goo.gl\/qFaVe3Ge6Hm9hzT27<\/a><\/p>\n<p>&nbsp;<\/p>\n<p>PODEU VEURE M\u00c9S FOTOS DELS CONILLS AL SEG\u00dcENT ENLLA\u00c7:\u00a0<a href=\"https:\/\/photos.app.goo.gl\/egdecjQGAFTNtvF5A\">https:\/\/photos.app.goo.gl\/egdecjQGAFTNtvF5A<\/a><\/p>\n","protected":false},"excerpt":{"rendered":"<p>EL DIJOUS DIA 8 VAM ANAR A FER UNA VISITA A LA BIBLIOTECA D&#8217;ESPARREGUERA.<br \/>\n&nbsp;<br \/>\n<a href=\"https:\/\/agora.xtec.cat\/escolapauvila\/wp-content\/uploads\/usu1565\/2021\/04\/BIBLIO.jpg\">\u00a0<\/a><br \/>\n<a href=\"https:\/\/agora.xtec.cat\/escolapauvila\/wp-content\/uploads\/usu1565\/2021\/04\/20210408_110150.jpg\"><\/a><br \/>\nLA CARLA ENS VA EXPLICAR MOLTES COSES :<\/p>\n<ul>\n<li>EL FUNCIONAMENT DE LA BIBLIOTECA.<\/li>\n<li>L&#8217;\u00daS DEL CARNET DE LA BIBLIOTECA.<\/li>\n<li>I TRES CONTES!!!<\/li>\n<\/ul>\n<p>ENS HO HEM PASSAT MOLT B\u00c9 REMENANT ELS DIFERENTS LLIBRES QUE HI&hellip;  <a href=\"https:\/\/agora.xtec.cat\/escolapauvila\/petits\/visita-a-la-biblioteca-municipal\/\" title=\"Read VISITA A LA BIBLIOTECA MUNICIPAL.\">Llegeix m\u00e9s\u00bb<\/a><\/p>\n","protected":false},"author":1,"featured_media":5260,"comment_status":"open","ping_status":"closed","sticky":false,"template":"","format":"standard","meta":{"_bbp_topic_count":0,"_bbp_reply_count":0,"_bbp_total_topic_count":0,"_bbp_total_reply_count":0,"_bbp_voice_count":0,"_bbp_anonymous_reply_count":0,"_bbp_topic_count_hidden":0,"_bbp_reply_count_hidden":0,"_bbp_forum_subforum_count":0,"footnotes":""},"categories":[2,8],"tags":[103,114,104],"class_list":["post-5258","post","type-post","status-publish","format-standard","has-post-thumbnail","hentry","category-petits","category-ei4","tag-ei4a20-21","tag-ei4b20-21","tag-nascuts2016"],"post_mailing_queue_ids":[],"_links":{"self":[{"href":"https:\/\/agora.xtec.cat\/escolapauvila\/wp-json\/wp\/v2\/posts\/5258","targetHints":{"allow":["GET"]}}],"collection":[{"href":"https:\/\/agora.xtec.cat\/escolapauvila\/wp-json\/wp\/v2\/posts"}],"about":[{"href":"https:\/\/agora.xtec.cat\/escolapauvila\/wp-json\/wp\/v2\/types\/post"}],"author":[{"embeddable":true,"href":"https:\/\/agora.xtec.cat\/escolapauvila\/wp-json\/wp\/v2\/users\/1"}],"replies":[{"embeddable":true,"href":"https:\/\/agora.xtec.cat\/escolapauvila\/wp-json\/wp\/v2\/comments?post=5258"}],"version-history":[{"count":3,"href":"https:\/\/agora.xtec.cat\/escolapauvila\/wp-json\/wp\/v2\/posts\/5258\/revisions"}],"predecessor-version":[{"id":5342,"href":"https:\/\/agora.xtec.cat\/escolapauvila\/wp-json\/wp\/v2\/posts\/5258\/revisions\/5342"}],"wp:featuredmedia":[{"embeddable":true,"href":"https:\/\/agora.xtec.cat\/escolapauvila\/wp-json\/wp\/v2\/media\/5260"}],"wp:attachment":[{"href":"https:\/\/agora.xtec.cat\/escolapauvila\/wp-json\/wp\/v2\/media?parent=5258"}],"wp:term":[{"taxonomy":"category","embeddable":true,"href":"https:\/\/agora.xtec.cat\/escolapauvila\/wp-json\/wp\/v2\/categories?post=5258"},{"taxonomy":"post_tag","embeddable":true,"href":"https:\/\/agora.xtec.cat\/escolapauvila\/wp-json\/wp\/v2\/tags?post=5258"}],"curies":[{"name":"wp","href":"https:\/\/api.w.org\/{rel}","templated":true}]}}